{"id":1585,"date":"2023-08-02T11:54:03","date_gmt":"2023-08-02T11:54:03","guid":{"rendered":"https:\/\/ferienchalet-wallis.ch\/?p=1585"},"modified":"2023-08-02T12:02:54","modified_gmt":"2023-08-02T12:02:54","slug":"der-aletschwald","status":"publish","type":"post","link":"https:\/\/ferienchalet-wallis.ch\/en\/der-aletschwald\/","title":{"rendered":"The Aletsch forest"},"content":{"rendered":"<style type=\"text\/css\" data-created_by=\"avia_inline_auto\" id=\"style-css-av-lktnkalp-706381e17950f0e938a03df389b7c254\">\n#top .av-special-heading.av-lktnkalp-706381e17950f0e938a03df389b7c254{\npadding-bottom:10px;\n}\nbody .av-special-heading.av-lktnkalp-706381e17950f0e938a03df389b7c254 .av-special-heading-tag .heading-char{\nfont-size:25px;\n}\n.av-special-heading.av-lktnkalp-706381e17950f0e938a03df389b7c254 .av-subheading{\nfont-size:15px;\n}\n<\/style>\n<div  class='av-special-heading av-lktnkalp-706381e17950f0e938a03df389b7c254 av-special-heading-h2  avia-builder-el-0  el_before_av_textblock  avia-builder-el-first'><h2 class='av-special-heading-tag'  itemprop=\"headline\"  >Forest under nature conservation<\/h2><div class=\"special-heading-border\"><div class=\"special-heading-inner-border\"><\/div><\/div><\/div>\n<section  class='av_textblock_section av-lktnlwkd-bfb0e72ac493cded406660c52af9a937'  itemscope=\"itemscope\" itemtype=\"https:\/\/schema.org\/BlogPosting\" itemprop=\"blogPost\" ><div class='avia_textblock'  itemprop=\"text\" ><h3>Forest as a basis of life with a protective function<\/h3>\n<p>One third of Switzerland is covered with forest. In it we find peace and recreation. Just a handful of fully grown trees produces oxygen for a human life. The forest is the basis of life and home to chamois, deer and squirrels. Forest cools, because it intercepts reflecting sunlight and absorbs 5 kg of fine dust annually. Forest is also a protective shield against rock and snow avalanches.<\/p>\n<h3>Fabulous and rustic<\/h3>\n<p>We need forests because they protect us, and that's why forests like the Aletsch Forest are protected. Some people call it a fairytale forest because it is so unspoilt. When I walked the <a href=\"https:\/\/www.aletscharena.ch\/en\/activities\/tour\/hike-from-belalp-to-riederalp-via-the-suspension-bridge\" target=\"_blank\" rel=\"noopener\">Belalp hiking route via Riederalp over the suspension bridge<\/a> with my husband for the first time and we then climbed up to Villa Cassel in the Aletsch forest, I said to my husband: a real Rumpelstiltskin forest. With gnarled stone pines and larches, lots of moss and dead wood, really mysterious. At a safe distance, you can see chamois jumping down the steep slope and hear the pine jay, whose call is reminiscent of the crow and the magpie.Not to mention the view. Just like in a fairy tale!<\/p>\n<h3>A visit to Pro Natura Aletsch<\/h3>\n<p>The Aletsch forest has been under the protection of Pro Natura for 90 years. Take a look at <a href=\"https:\/\/www.pronatura-aletsch.ch\/de\/unser-saisonprogramm\" target=\"_blank\" rel=\"noopener\">Pro Natura Aletsch<\/a> and find out more about the Aletsch forest and what belongs to it, such as the alpine herb garden or watching marmots.<\/p>\n<p><em>Du wacher Wald, inmitten wehen Wintern hast du ein Fr\u00fchlingsf\u00fchlen dir erk\u00fchnt, und leise l\u00e4ssest du dein Silber sintern, damit ich seh wie deine Sehnsucht gr\u00fcnt. (Rainer Maria Rilke)<\/em><\/p>\n<\/div><\/section>\n<div class='flex_column av-95jgk1-b6b56e1a0a57785c20650cd33eb61cc2 av_one_half  avia-builder-el-2  el_after_av_textblock  avia-builder-el-last  first flex_column_div column-top-margin'   ><p><div  class='av-post-metadata-container av-6vp00x-c629592f5d0eefbe2096da9c6f3f9333 av-metadata-container-align-left  avia-builder-el-3  el_before_av_social_share  avia-builder-el-first  av-metadata-container-1'><div class='av-post-metadata-container-inner'><span class=\"av-post-metadata-content av-post-metadata-meta-content\"><span class=\"av-post-metadata-content av-post-metadata-author\"  itemprop=\"author\" ><span class=\"av-metadata-before av-metadata-before-author\">of<\/span><span class=\"av-post-metadata-author-link\" ><a href=\"https:\/\/ferienchalet-wallis.ch\/en\/author\/wallisaar\/\"  rel=\"author\">WalliSaar<\/a><\/span><\/span><span class=\"av-post-metadata-content av-post-metadata-separator\">\/<\/span><span class=\"av-post-metadata-content av-post-metadata-published\"><span class=\"av-post-metadata-published-date\" >August 2, 2023<\/span><\/span><\/span><\/div><\/div><br \/>\n<div  class='av-social-sharing-box av-39bxep-7456406adfb93d0a1fe190affc22fa62 av-social-sharing-box-circle  avia-builder-el-4  el_after_av_post_metadata  avia-builder-el-last  av-social-sharing-box-color-bg av-social-sharing-box-same-width'><div class=\"av-share-box\"><h5 class='av-share-link-description av-no-toc'>Share entry<\/h5><ul class=\"av-share-box-list noLightbox\"><li class='av-share-link av-social-link-whatsapp' ><a target=\"_blank\" aria-label=\"Share on WhatsApp\" href='https:\/\/api.whatsapp.com\/send?text=https:\/\/ferienchalet-wallis.ch\/en\/der-aletschwald\/' aria-hidden='false' data-av_icon='\uf232' data-av_iconfont='entypo-fontello' title='' data-avia-related-tooltip='Share on WhatsApp' rel=\"noopener\"><span class='avia_hidden_link_text'>Share on WhatsApp<\/span><\/a><\/li><\/ul><\/div><\/div><\/p><\/div>","protected":false},"excerpt":{"rendered":"","protected":false},"author":3,"featured_media":1586,"comment_status":"closed","ping_status":"closed","sticky":false,"template":"","format":"standard","meta":{"footnotes":""},"categories":[6,7,12],"tags":[],"class_list":["post-1585","post","type-post","status-publish","format-standard","has-post-thumbnail","hentry","category-aletsch","category-riederalp","category-wandern"],"yoast_head":"<!-- This site is optimized with the Yoast SEO plugin v27.4 - https:\/\/yoast.com\/product\/yoast-seo-wordpress\/ -->\n<title>Der Aletschwald - Bettmeralp und Riederalp<\/title>\n<meta name=\"description\" content=\"Der Aletschwald steht seit 90 Jahren unter dem Schutz von Pro Natura Schweiz.\" \/>\n<meta name=\"robots\" content=\"index, follow, max-snippet:-1, max-image-preview:large, max-video-preview:-1\" \/>\n<link rel=\"canonical\" href=\"https:\/\/ferienchalet-wallis.ch\/en\/der-aletschwald\/\" \/>\n<meta property=\"og:locale\" content=\"en_GB\" \/>\n<meta property=\"og:type\" content=\"article\" \/>\n<meta property=\"og:title\" content=\"Der Aletschwald - Bettmeralp und Riederalp\" \/>\n<meta property=\"og:description\" content=\"Der Aletschwald steht seit 90 Jahren unter dem Schutz von Pro Natura Schweiz.\" \/>\n<meta property=\"og:url\" content=\"https:\/\/ferienchalet-wallis.ch\/en\/der-aletschwald\/\" \/>\n<meta property=\"og:site_name\" content=\"Bettmeralp und Riederalp\" \/>\n<meta property=\"article:published_time\" content=\"2023-08-02T11:54:03+00:00\" \/>\n<meta property=\"article:modified_time\" content=\"2023-08-02T12:02:54+00:00\" \/>\n<meta property=\"og:image\" content=\"https:\/\/ferienchalet-wallis.ch\/wp-content\/uploads\/2023\/08\/Wanderung-Belalp-Riederalp.jpg\" \/>\n\t<meta property=\"og:image:width\" content=\"1600\" \/>\n\t<meta property=\"og:image:height\" content=\"1200\" \/>\n\t<meta property=\"og:image:type\" content=\"image\/jpeg\" \/>\n<meta name=\"author\" content=\"WalliSaar\" \/>\n<meta name=\"twitter:card\" content=\"summary_large_image\" \/>\n<meta name=\"twitter:label1\" content=\"Written by\" \/>\n\t<meta name=\"twitter:data1\" content=\"WalliSaar\" \/>\n\t<meta name=\"twitter:label2\" content=\"Estimated reading time\" \/>\n\t<meta name=\"twitter:data2\" content=\"3 minutes\" \/>\n<script type=\"application\/ld+json\" class=\"yoast-schema-graph\">{\"@context\":\"https:\\\/\\\/schema.org\",\"@graph\":[{\"@type\":\"Article\",\"@id\":\"https:\\\/\\\/ferienchalet-wallis.ch\\\/de\\\/der-aletschwald\\\/#article\",\"isPartOf\":{\"@id\":\"https:\\\/\\\/ferienchalet-wallis.ch\\\/de\\\/der-aletschwald\\\/\"},\"author\":{\"name\":\"WalliSaar\",\"@id\":\"https:\\\/\\\/ferienchalet-wallis.ch\\\/#\\\/schema\\\/person\\\/18b3f062b0514bc953799175b9bfdd2b\"},\"headline\":\"Der Aletschwald\",\"datePublished\":\"2023-08-02T11:54:03+00:00\",\"dateModified\":\"2023-08-02T12:02:54+00:00\",\"mainEntityOfPage\":{\"@id\":\"https:\\\/\\\/ferienchalet-wallis.ch\\\/de\\\/der-aletschwald\\\/\"},\"wordCount\":745,\"publisher\":{\"@id\":\"https:\\\/\\\/ferienchalet-wallis.ch\\\/#organization\"},\"image\":{\"@id\":\"https:\\\/\\\/ferienchalet-wallis.ch\\\/de\\\/der-aletschwald\\\/#primaryimage\"},\"thumbnailUrl\":\"https:\\\/\\\/ferienchalet-wallis.ch\\\/wp-content\\\/uploads\\\/2023\\\/08\\\/Wanderung-Belalp-Riederalp.jpg\",\"articleSection\":[\"Aletsch\",\"Riederalp\",\"Wandern\"],\"inLanguage\":\"en-GB\"},{\"@type\":\"WebPage\",\"@id\":\"https:\\\/\\\/ferienchalet-wallis.ch\\\/de\\\/der-aletschwald\\\/\",\"url\":\"https:\\\/\\\/ferienchalet-wallis.ch\\\/de\\\/der-aletschwald\\\/\",\"name\":\"Der Aletschwald - Bettmeralp und Riederalp\",\"isPartOf\":{\"@id\":\"https:\\\/\\\/ferienchalet-wallis.ch\\\/#website\"},\"primaryImageOfPage\":{\"@id\":\"https:\\\/\\\/ferienchalet-wallis.ch\\\/de\\\/der-aletschwald\\\/#primaryimage\"},\"image\":{\"@id\":\"https:\\\/\\\/ferienchalet-wallis.ch\\\/de\\\/der-aletschwald\\\/#primaryimage\"},\"thumbnailUrl\":\"https:\\\/\\\/ferienchalet-wallis.ch\\\/wp-content\\\/uploads\\\/2023\\\/08\\\/Wanderung-Belalp-Riederalp.jpg\",\"datePublished\":\"2023-08-02T11:54:03+00:00\",\"dateModified\":\"2023-08-02T12:02:54+00:00\",\"description\":\"Der Aletschwald steht seit 90 Jahren unter dem Schutz von Pro Natura Schweiz.\",\"breadcrumb\":{\"@id\":\"https:\\\/\\\/ferienchalet-wallis.ch\\\/de\\\/der-aletschwald\\\/#breadcrumb\"},\"inLanguage\":\"en-GB\",\"potentialAction\":[{\"@type\":\"ReadAction\",\"target\":[\"https:\\\/\\\/ferienchalet-wallis.ch\\\/de\\\/der-aletschwald\\\/\"]}]},{\"@type\":\"ImageObject\",\"inLanguage\":\"en-GB\",\"@id\":\"https:\\\/\\\/ferienchalet-wallis.ch\\\/de\\\/der-aletschwald\\\/#primaryimage\",\"url\":\"https:\\\/\\\/ferienchalet-wallis.ch\\\/wp-content\\\/uploads\\\/2023\\\/08\\\/Wanderung-Belalp-Riederalp.jpg\",\"contentUrl\":\"https:\\\/\\\/ferienchalet-wallis.ch\\\/wp-content\\\/uploads\\\/2023\\\/08\\\/Wanderung-Belalp-Riederalp.jpg\",\"width\":1600,\"height\":1200,\"caption\":\"Wanderung Belalp-Riederalp \u00fcber H\u00e4ngebr\u00fccke\"},{\"@type\":\"BreadcrumbList\",\"@id\":\"https:\\\/\\\/ferienchalet-wallis.ch\\\/de\\\/der-aletschwald\\\/#breadcrumb\",\"itemListElement\":[{\"@type\":\"ListItem\",\"position\":1,\"name\":\"Home\",\"item\":\"https:\\\/\\\/ferienchalet-wallis.ch\\\/\"},{\"@type\":\"ListItem\",\"position\":2,\"name\":\"Der Aletschwald\"}]},{\"@type\":\"WebSite\",\"@id\":\"https:\\\/\\\/ferienchalet-wallis.ch\\\/#website\",\"url\":\"https:\\\/\\\/ferienchalet-wallis.ch\\\/\",\"name\":\"Bettmeralp und Riederalp\",\"description\":\"Kranzfelder Markus\",\"publisher\":{\"@id\":\"https:\\\/\\\/ferienchalet-wallis.ch\\\/#organization\"},\"potentialAction\":[{\"@type\":\"SearchAction\",\"target\":{\"@type\":\"EntryPoint\",\"urlTemplate\":\"https:\\\/\\\/ferienchalet-wallis.ch\\\/?s={search_term_string}\"},\"query-input\":{\"@type\":\"PropertyValueSpecification\",\"valueRequired\":true,\"valueName\":\"search_term_string\"}}],\"inLanguage\":\"en-GB\"},{\"@type\":\"Organization\",\"@id\":\"https:\\\/\\\/ferienchalet-wallis.ch\\\/#organization\",\"name\":\"Liegenschaftsbetreuung \\\/ Vermietung \u2013 M. Kranzfelder\",\"url\":\"https:\\\/\\\/ferienchalet-wallis.ch\\\/\",\"logo\":{\"@type\":\"ImageObject\",\"inLanguage\":\"en-GB\",\"@id\":\"https:\\\/\\\/ferienchalet-wallis.ch\\\/#\\\/schema\\\/logo\\\/image\\\/\",\"url\":\"https:\\\/\\\/ferienchalet-wallis.ch\\\/wp-content\\\/uploads\\\/2022\\\/01\\\/Logo_Kranzfelder.png\",\"contentUrl\":\"https:\\\/\\\/ferienchalet-wallis.ch\\\/wp-content\\\/uploads\\\/2022\\\/01\\\/Logo_Kranzfelder.png\",\"width\":1526,\"height\":447,\"caption\":\"Liegenschaftsbetreuung \\\/ Vermietung \u2013 M. Kranzfelder\"},\"image\":{\"@id\":\"https:\\\/\\\/ferienchalet-wallis.ch\\\/#\\\/schema\\\/logo\\\/image\\\/\"}},{\"@type\":\"Person\",\"@id\":\"https:\\\/\\\/ferienchalet-wallis.ch\\\/#\\\/schema\\\/person\\\/18b3f062b0514bc953799175b9bfdd2b\",\"name\":\"WalliSaar\",\"image\":{\"@type\":\"ImageObject\",\"inLanguage\":\"en-GB\",\"@id\":\"https:\\\/\\\/secure.gravatar.com\\\/avatar\\\/1be7f9468eac0e02f655be9ab758a01ae5dc72d678841cc4898d463993c78d36?s=96&d=initials&r=g&initials=ru\",\"url\":\"https:\\\/\\\/secure.gravatar.com\\\/avatar\\\/1be7f9468eac0e02f655be9ab758a01ae5dc72d678841cc4898d463993c78d36?s=96&d=initials&r=g&initials=ru\",\"contentUrl\":\"https:\\\/\\\/secure.gravatar.com\\\/avatar\\\/1be7f9468eac0e02f655be9ab758a01ae5dc72d678841cc4898d463993c78d36?s=96&d=initials&r=g&initials=ru\",\"caption\":\"WalliSaar\"},\"description\":\"Mein Name ist Anja Ruch und ich schreibe die Blogbeitr\u00e4ge f\u00fcr das Ehepaar Markus &amp; Tabitha Kranzfelder. Der Name WalliSaar gr\u00fcndet sich auf meinen Wurzeln im Saarland und den neuen im Wallis. My name is Anja Ruch and I write the blog entries for the Markus &amp; Tabitha Kranzfelder couple. The name WalliSaar shows the connection to my old roots in Saarland and the new ones in Valais.\",\"sameAs\":[\"https:\\\/\\\/www.ferienchalet-wallis.ch\\\/blog\"],\"url\":\"https:\\\/\\\/ferienchalet-wallis.ch\\\/en\\\/author\\\/wallisaar\\\/\"}]}<\/script>\n<!-- \/ Yoast SEO plugin. -->","yoast_head_json":{"title":"Der Aletschwald - Bettmeralp und Riederalp","description":"Der Aletschwald steht seit 90 Jahren unter dem Schutz von Pro Natura Schweiz.","robots":{"index":"index","follow":"follow","max-snippet":"max-snippet:-1","max-image-preview":"max-image-preview:large","max-video-preview":"max-video-preview:-1"},"canonical":"https:\/\/ferienchalet-wallis.ch\/en\/der-aletschwald\/","og_locale":"en_GB","og_type":"article","og_title":"Der Aletschwald - Bettmeralp und Riederalp","og_description":"Der Aletschwald steht seit 90 Jahren unter dem Schutz von Pro Natura Schweiz.","og_url":"https:\/\/ferienchalet-wallis.ch\/en\/der-aletschwald\/","og_site_name":"Bettmeralp und Riederalp","article_published_time":"2023-08-02T11:54:03+00:00","article_modified_time":"2023-08-02T12:02:54+00:00","og_image":[{"width":1600,"height":1200,"url":"https:\/\/ferienchalet-wallis.ch\/wp-content\/uploads\/2023\/08\/Wanderung-Belalp-Riederalp.jpg","type":"image\/jpeg"}],"author":"WalliSaar","twitter_card":"summary_large_image","twitter_misc":{"Written by":"WalliSaar","Estimated reading time":"3 minutes"},"schema":{"@context":"https:\/\/schema.org","@graph":[{"@type":"Article","@id":"https:\/\/ferienchalet-wallis.ch\/de\/der-aletschwald\/#article","isPartOf":{"@id":"https:\/\/ferienchalet-wallis.ch\/de\/der-aletschwald\/"},"author":{"name":"WalliSaar","@id":"https:\/\/ferienchalet-wallis.ch\/#\/schema\/person\/18b3f062b0514bc953799175b9bfdd2b"},"headline":"Der Aletschwald","datePublished":"2023-08-02T11:54:03+00:00","dateModified":"2023-08-02T12:02:54+00:00","mainEntityOfPage":{"@id":"https:\/\/ferienchalet-wallis.ch\/de\/der-aletschwald\/"},"wordCount":745,"publisher":{"@id":"https:\/\/ferienchalet-wallis.ch\/#organization"},"image":{"@id":"https:\/\/ferienchalet-wallis.ch\/de\/der-aletschwald\/#primaryimage"},"thumbnailUrl":"https:\/\/ferienchalet-wallis.ch\/wp-content\/uploads\/2023\/08\/Wanderung-Belalp-Riederalp.jpg","articleSection":["Aletsch","Riederalp","Wandern"],"inLanguage":"en-GB"},{"@type":"WebPage","@id":"https:\/\/ferienchalet-wallis.ch\/de\/der-aletschwald\/","url":"https:\/\/ferienchalet-wallis.ch\/de\/der-aletschwald\/","name":"Der Aletschwald - Bettmeralp und Riederalp","isPartOf":{"@id":"https:\/\/ferienchalet-wallis.ch\/#website"},"primaryImageOfPage":{"@id":"https:\/\/ferienchalet-wallis.ch\/de\/der-aletschwald\/#primaryimage"},"image":{"@id":"https:\/\/ferienchalet-wallis.ch\/de\/der-aletschwald\/#primaryimage"},"thumbnailUrl":"https:\/\/ferienchalet-wallis.ch\/wp-content\/uploads\/2023\/08\/Wanderung-Belalp-Riederalp.jpg","datePublished":"2023-08-02T11:54:03+00:00","dateModified":"2023-08-02T12:02:54+00:00","description":"Der Aletschwald steht seit 90 Jahren unter dem Schutz von Pro Natura Schweiz.","breadcrumb":{"@id":"https:\/\/ferienchalet-wallis.ch\/de\/der-aletschwald\/#breadcrumb"},"inLanguage":"en-GB","potentialAction":[{"@type":"ReadAction","target":["https:\/\/ferienchalet-wallis.ch\/de\/der-aletschwald\/"]}]},{"@type":"ImageObject","inLanguage":"en-GB","@id":"https:\/\/ferienchalet-wallis.ch\/de\/der-aletschwald\/#primaryimage","url":"https:\/\/ferienchalet-wallis.ch\/wp-content\/uploads\/2023\/08\/Wanderung-Belalp-Riederalp.jpg","contentUrl":"https:\/\/ferienchalet-wallis.ch\/wp-content\/uploads\/2023\/08\/Wanderung-Belalp-Riederalp.jpg","width":1600,"height":1200,"caption":"Wanderung Belalp-Riederalp \u00fcber H\u00e4ngebr\u00fccke"},{"@type":"BreadcrumbList","@id":"https:\/\/ferienchalet-wallis.ch\/de\/der-aletschwald\/#breadcrumb","itemListElement":[{"@type":"ListItem","position":1,"name":"Home","item":"https:\/\/ferienchalet-wallis.ch\/"},{"@type":"ListItem","position":2,"name":"Der Aletschwald"}]},{"@type":"WebSite","@id":"https:\/\/ferienchalet-wallis.ch\/#website","url":"https:\/\/ferienchalet-wallis.ch\/","name":"Bettmeralp and Riederalp","description":"Kranzfelder Markus","publisher":{"@id":"https:\/\/ferienchalet-wallis.ch\/#organization"},"potentialAction":[{"@type":"SearchAction","target":{"@type":"EntryPoint","urlTemplate":"https:\/\/ferienchalet-wallis.ch\/?s={search_term_string}"},"query-input":{"@type":"PropertyValueSpecification","valueRequired":true,"valueName":"search_term_string"}}],"inLanguage":"en-GB"},{"@type":"Organization","@id":"https:\/\/ferienchalet-wallis.ch\/#organization","name":"Liegenschaftsbetreuung \/ Vermietung \u2013 M. Kranzfelder","url":"https:\/\/ferienchalet-wallis.ch\/","logo":{"@type":"ImageObject","inLanguage":"en-GB","@id":"https:\/\/ferienchalet-wallis.ch\/#\/schema\/logo\/image\/","url":"https:\/\/ferienchalet-wallis.ch\/wp-content\/uploads\/2022\/01\/Logo_Kranzfelder.png","contentUrl":"https:\/\/ferienchalet-wallis.ch\/wp-content\/uploads\/2022\/01\/Logo_Kranzfelder.png","width":1526,"height":447,"caption":"Liegenschaftsbetreuung \/ Vermietung \u2013 M. Kranzfelder"},"image":{"@id":"https:\/\/ferienchalet-wallis.ch\/#\/schema\/logo\/image\/"}},{"@type":"Person","@id":"https:\/\/ferienchalet-wallis.ch\/#\/schema\/person\/18b3f062b0514bc953799175b9bfdd2b","name":"WalliSaar","image":{"@type":"ImageObject","inLanguage":"en-GB","@id":"https:\/\/secure.gravatar.com\/avatar\/1be7f9468eac0e02f655be9ab758a01ae5dc72d678841cc4898d463993c78d36?s=96&d=initials&r=g&initials=ru","url":"https:\/\/secure.gravatar.com\/avatar\/1be7f9468eac0e02f655be9ab758a01ae5dc72d678841cc4898d463993c78d36?s=96&d=initials&r=g&initials=ru","contentUrl":"https:\/\/secure.gravatar.com\/avatar\/1be7f9468eac0e02f655be9ab758a01ae5dc72d678841cc4898d463993c78d36?s=96&d=initials&r=g&initials=ru","caption":"WalliSaar"},"description":"Mein Name ist Anja Ruch und ich schreibe die Blogbeitr\u00e4ge f\u00fcr das Ehepaar Markus &amp; Tabitha Kranzfelder. Der Name WalliSaar gr\u00fcndet sich auf meinen Wurzeln im Saarland und den neuen im Wallis. My name is Anja Ruch and I write the blog entries for the Markus &amp; Tabitha Kranzfelder couple. The name WalliSaar shows the connection to my old roots in Saarland and the new ones in Valais.","sameAs":["https:\/\/www.ferienchalet-wallis.ch\/blog"],"url":"https:\/\/ferienchalet-wallis.ch\/en\/author\/wallisaar\/"}]}},"_links":{"self":[{"href":"https:\/\/ferienchalet-wallis.ch\/en\/wp-json\/wp\/v2\/posts\/1585","targetHints":{"allow":["GET"]}}],"collection":[{"href":"https:\/\/ferienchalet-wallis.ch\/en\/wp-json\/wp\/v2\/posts"}],"about":[{"href":"https:\/\/ferienchalet-wallis.ch\/en\/wp-json\/wp\/v2\/types\/post"}],"author":[{"embeddable":true,"href":"https:\/\/ferienchalet-wallis.ch\/en\/wp-json\/wp\/v2\/users\/3"}],"replies":[{"embeddable":true,"href":"https:\/\/ferienchalet-wallis.ch\/en\/wp-json\/wp\/v2\/comments?post=1585"}],"version-history":[{"count":2,"href":"https:\/\/ferienchalet-wallis.ch\/en\/wp-json\/wp\/v2\/posts\/1585\/revisions"}],"predecessor-version":[{"id":1589,"href":"https:\/\/ferienchalet-wallis.ch\/en\/wp-json\/wp\/v2\/posts\/1585\/revisions\/1589"}],"wp:featuredmedia":[{"embeddable":true,"href":"https:\/\/ferienchalet-wallis.ch\/en\/wp-json\/wp\/v2\/media\/1586"}],"wp:attachment":[{"href":"https:\/\/ferienchalet-wallis.ch\/en\/wp-json\/wp\/v2\/media?parent=1585"}],"wp:term":[{"taxonomy":"category","embeddable":true,"href":"https:\/\/ferienchalet-wallis.ch\/en\/wp-json\/wp\/v2\/categories?post=1585"},{"taxonomy":"post_tag","embeddable":true,"href":"https:\/\/ferienchalet-wallis.ch\/en\/wp-json\/wp\/v2\/tags?post=1585"}],"curies":[{"name":"wp","href":"https:\/\/api.w.org\/{rel}","templated":true}]}}