{"id":1704,"date":"2023-10-10T09:39:01","date_gmt":"2023-10-10T09:39:01","guid":{"rendered":"https:\/\/ferienchalet-wallis.ch\/?p=1704"},"modified":"2023-10-10T09:45:58","modified_gmt":"2023-10-10T09:45:58","slug":"rundwanderung-richtung-chatzulecher","status":"publish","type":"post","link":"https:\/\/ferienchalet-wallis.ch\/en\/rundwanderung-richtung-chatzulecher\/","title":{"rendered":"Circular hike Riederalp direction Chatzulecher"},"content":{"rendered":"<style type=\"text\/css\" data-created_by=\"avia_inline_auto\" id=\"style-css-av-lnk4fjmf-5bf4c7349c41ec92f06f1d12d2143e1f\">\n#top .av-special-heading.av-lnk4fjmf-5bf4c7349c41ec92f06f1d12d2143e1f{\npadding-bottom:10px;\n}\nbody .av-special-heading.av-lnk4fjmf-5bf4c7349c41ec92f06f1d12d2143e1f .av-special-heading-tag .heading-char{\nfont-size:25px;\n}\n.av-special-heading.av-lnk4fjmf-5bf4c7349c41ec92f06f1d12d2143e1f .av-subheading{\nfont-size:15px;\n}\n<\/style>\n<div  class='av-special-heading av-lnk4fjmf-5bf4c7349c41ec92f06f1d12d2143e1f av-special-heading-h2  avia-builder-el-0  el_before_av_textblock  avia-builder-el-first'><h2 class='av-special-heading-tag'  itemprop=\"headline\"  >CIRCULAR HIKE RIEDERALP MOUNTAIN STATION TOWARDS CHATZULECHER<\/h2><div class=\"special-heading-border\"><div class=\"special-heading-inner-border\"><\/div><\/div><\/div>\n<section  class='av_textblock_section av-lnk4o33z-c49f7ea6648476214ff782fcc96216d3'  itemscope=\"itemscope\" itemtype=\"https:\/\/schema.org\/BlogPosting\" itemprop=\"blogPost\" ><div class='avia_textblock'  itemprop=\"text\" ><p>The thing is: Rules are there to make life easier for people. Actually! Sometimes it also makes life more difficult, because some people have problems defining the degree of difficulty, physical condition and length of hiking tours. I am one of them. That's why I like to shorten the walking distance depending on the length, in order to spare my knees and hips. As an average hiker, I like to walk around 3 hours and accept short steep stretches or scree paths. The hike from the Moosfluh mountain station to the Chatzulechern is one such hike. You can also do it very well as a circular hike with start and end at the Riederalp mountain station. There are several combinations, sometimes <a href=\"https:\/\/www.outdooractive.com\/de\/route\/wanderung\/aletsch-arena\/wanderung-von-der-riederalp-via-aletschwald-zu-den-chatzulechern\/23155391\/#dmdtab=oax-tab1\" target=\"_blank\" rel=\"noopener\">longer<\/a> and sometimes <a href=\"https:\/\/www.outdooractive.com\/de\/route\/wanderung\/aletsch-arena\/rundwanderung-von-der-bettmeralp-zu-den-chatzulechern-und-zurueck\/23155318\/\" target=\"_blank\" rel=\"noopener\">shorter<\/a>.<\/p>\n<h3>Path to the Chatzulecher<\/h3>\n<p>The trail is signposted from View Moosfluh. Walk straight ahead along the ridge path in the direction of Bettmeralp until you reach the junction on the left. Steadily downhill, but not steeply, the trail becomes stony at times and a walking stick would not be bad for balancing. Miniscus is all I can say...<\/p>\n<h3>Take fitness level into consideration<\/h3>\n<p>After a good hour and a half, the path divides again. That's good, because depending on your fitness, you have several options from here on:<\/p>\n<p>Firstly, you continue to walk downhill along the path that eventually leads to the chat rooms. You have to walk back along this path. This last section, including the return, takes another hour. Secondly: You decide to turn around and walk the whole way back or take the turnoff towards Bettmeralp on the way. Thirdly: You walk on like we did at the fork in the road towards Riederfurka and skip the Chatzulecher. You can't do anything wrong at the moment anyway, the autumn colours are intoxicating, the view of the Aletsch Glacier is a dream and you can still see the small lakes shimmering through the trees, even if you haven't been there.<\/p>\n<h3>Hiking route towards Riederfurka and Villa Cassel<\/h3>\n<p>On the hiking trail through the Aletsch forest towards Riederfurka, you will find two Pro Natura Aletsch Centre signposts along the way. The upper hiking trail to the <a href=\"https:\/\/www.pronatura-aletsch.ch\/de\/unser-saisonprogramm\" target=\"_blank\" rel=\"noopener\">Pro-Natura-Aletsch-Centre<\/a> should be somewhat shorter. And why not stop off at the Villa Cassel for a break? Once again a reason to feast on homemade cake.<\/p>\n<p><em>Und ich hocke ob der Fl\u00fce, w\u00e4rde still und gniess die R\u00fceh.<\/em><\/p>\n<\/div><\/section>\n<div class='flex_column av-av_one_half-a93934ecd89fbb8a9566d39e89cd3725 av_one_half  avia-builder-el-2  el_after_av_textblock  avia-builder-el-last  first flex_column_div column-top-margin'   ><p><div  class='av-post-metadata-container av-av_post_metadata-423c7d605f54a9eceebb3c30257fc51e av-metadata-container-align-left  avia-builder-el-3  el_before_av_social_share  avia-builder-el-first  av-metadata-container-1'><div class='av-post-metadata-container-inner'><span class=\"av-post-metadata-content av-post-metadata-meta-content\"><span class=\"av-post-metadata-content av-post-metadata-author\"  itemprop=\"author\" ><span class=\"av-metadata-before av-metadata-before-author\">of<\/span><span class=\"av-post-metadata-author-link\" ><a href=\"https:\/\/ferienchalet-wallis.ch\/en\/author\/wallisaar\/\"  rel=\"author\">WalliSaar<\/a><\/span><\/span><span class=\"av-post-metadata-content av-post-metadata-separator\">\/<\/span><span class=\"av-post-metadata-content av-post-metadata-published\"><span class=\"av-post-metadata-published-date\" >October 10, 2023<\/span><\/span><\/span><\/div><\/div><br \/>\n<div  class='av-social-sharing-box av-av_social_share-a3f4c4fca46abcb509afa2ad775446d0 av-social-sharing-box-circle  avia-builder-el-4  el_after_av_post_metadata  avia-builder-el-last  av-social-sharing-box-color-bg av-social-sharing-box-same-width'><div class=\"av-share-box\"><h5 class='av-share-link-description av-no-toc'>Share entry<\/h5><ul class=\"av-share-box-list noLightbox\"><li class='av-share-link av-social-link-whatsapp' ><a target=\"_blank\" aria-label=\"Share on WhatsApp\" href='https:\/\/api.whatsapp.com\/send?text=https:\/\/ferienchalet-wallis.ch\/en\/rundwanderung-richtung-chatzulecher\/' aria-hidden='false' data-av_icon='\uf232' data-av_iconfont='entypo-fontello' title='' data-avia-related-tooltip='Share on WhatsApp' rel=\"noopener\"><span class='avia_hidden_link_text'>Share on WhatsApp<\/span><\/a><\/li><\/ul><\/div><\/div><\/p><\/div>","protected":false},"excerpt":{"rendered":"","protected":false},"author":3,"featured_media":1532,"comment_status":"closed","ping_status":"closed","sticky":false,"template":"","format":"standard","meta":{"footnotes":""},"categories":[7,12],"tags":[],"class_list":["post-1704","post","type-post","status-publish","format-standard","has-post-thumbnail","hentry","category-riederalp","category-wandern"],"yoast_head":"<!-- This site is optimized with the Yoast SEO plugin v27.4 - https:\/\/yoast.com\/product\/yoast-seo-wordpress\/ -->\n<title>Rundwanderung Riederalp Richtung Chatzulecher - Bettmeralp und Riederalp<\/title>\n<meta name=\"description\" content=\"Wandertour auf der Riederalp Richtung Chatzulecher. Auch als Rundwanderweg m\u00f6glich ab Bergstation Riederalp.\" \/>\n<meta name=\"robots\" content=\"index, follow, max-snippet:-1, max-image-preview:large, max-video-preview:-1\" \/>\n<link rel=\"canonical\" href=\"https:\/\/ferienchalet-wallis.ch\/en\/rundwanderung-richtung-chatzulecher\/\" \/>\n<meta property=\"og:locale\" content=\"en_GB\" \/>\n<meta property=\"og:type\" content=\"article\" \/>\n<meta property=\"og:title\" content=\"Rundwanderung Riederalp Richtung Chatzulecher - Bettmeralp und Riederalp\" \/>\n<meta property=\"og:description\" content=\"Wandertour auf der Riederalp Richtung Chatzulecher. Auch als Rundwanderweg m\u00f6glich ab Bergstation Riederalp.\" \/>\n<meta property=\"og:url\" content=\"https:\/\/ferienchalet-wallis.ch\/en\/rundwanderung-richtung-chatzulecher\/\" \/>\n<meta property=\"og:site_name\" content=\"Bettmeralp und Riederalp\" \/>\n<meta property=\"article:published_time\" content=\"2023-10-10T09:39:01+00:00\" \/>\n<meta property=\"article:modified_time\" content=\"2023-10-10T09:45:58+00:00\" \/>\n<meta property=\"og:image\" content=\"https:\/\/ferienchalet-wallis.ch\/wp-content\/uploads\/2023\/07\/aletschgletscher.jpg\" \/>\n\t<meta property=\"og:image:width\" content=\"1920\" \/>\n\t<meta property=\"og:image:height\" content=\"1280\" \/>\n\t<meta property=\"og:image:type\" content=\"image\/jpeg\" \/>\n<meta name=\"author\" content=\"WalliSaar\" \/>\n<meta name=\"twitter:card\" content=\"summary_large_image\" \/>\n<meta name=\"twitter:label1\" content=\"Written by\" \/>\n\t<meta name=\"twitter:data1\" content=\"WalliSaar\" \/>\n\t<meta name=\"twitter:label2\" content=\"Estimated reading time\" \/>\n\t<meta name=\"twitter:data2\" content=\"4 minutes\" \/>\n<script type=\"application\/ld+json\" class=\"yoast-schema-graph\">{\"@context\":\"https:\\\/\\\/schema.org\",\"@graph\":[{\"@type\":\"Article\",\"@id\":\"https:\\\/\\\/ferienchalet-wallis.ch\\\/de\\\/rundwanderung-richtung-chatzulecher\\\/#article\",\"isPartOf\":{\"@id\":\"https:\\\/\\\/ferienchalet-wallis.ch\\\/de\\\/rundwanderung-richtung-chatzulecher\\\/\"},\"author\":{\"name\":\"WalliSaar\",\"@id\":\"https:\\\/\\\/ferienchalet-wallis.ch\\\/#\\\/schema\\\/person\\\/18b3f062b0514bc953799175b9bfdd2b\"},\"headline\":\"Rundwanderung Riederalp Richtung Chatzulecher\",\"datePublished\":\"2023-10-10T09:39:01+00:00\",\"dateModified\":\"2023-10-10T09:45:58+00:00\",\"mainEntityOfPage\":{\"@id\":\"https:\\\/\\\/ferienchalet-wallis.ch\\\/de\\\/rundwanderung-richtung-chatzulecher\\\/\"},\"wordCount\":832,\"publisher\":{\"@id\":\"https:\\\/\\\/ferienchalet-wallis.ch\\\/#organization\"},\"image\":{\"@id\":\"https:\\\/\\\/ferienchalet-wallis.ch\\\/de\\\/rundwanderung-richtung-chatzulecher\\\/#primaryimage\"},\"thumbnailUrl\":\"https:\\\/\\\/ferienchalet-wallis.ch\\\/wp-content\\\/uploads\\\/2023\\\/07\\\/aletschgletscher.jpg\",\"articleSection\":[\"Riederalp\",\"Wandern\"],\"inLanguage\":\"en-GB\"},{\"@type\":\"WebPage\",\"@id\":\"https:\\\/\\\/ferienchalet-wallis.ch\\\/de\\\/rundwanderung-richtung-chatzulecher\\\/\",\"url\":\"https:\\\/\\\/ferienchalet-wallis.ch\\\/de\\\/rundwanderung-richtung-chatzulecher\\\/\",\"name\":\"Rundwanderung Riederalp Richtung Chatzulecher - Bettmeralp und Riederalp\",\"isPartOf\":{\"@id\":\"https:\\\/\\\/ferienchalet-wallis.ch\\\/#website\"},\"primaryImageOfPage\":{\"@id\":\"https:\\\/\\\/ferienchalet-wallis.ch\\\/de\\\/rundwanderung-richtung-chatzulecher\\\/#primaryimage\"},\"image\":{\"@id\":\"https:\\\/\\\/ferienchalet-wallis.ch\\\/de\\\/rundwanderung-richtung-chatzulecher\\\/#primaryimage\"},\"thumbnailUrl\":\"https:\\\/\\\/ferienchalet-wallis.ch\\\/wp-content\\\/uploads\\\/2023\\\/07\\\/aletschgletscher.jpg\",\"datePublished\":\"2023-10-10T09:39:01+00:00\",\"dateModified\":\"2023-10-10T09:45:58+00:00\",\"description\":\"Wandertour auf der Riederalp Richtung Chatzulecher. Auch als Rundwanderweg m\u00f6glich ab Bergstation Riederalp.\",\"breadcrumb\":{\"@id\":\"https:\\\/\\\/ferienchalet-wallis.ch\\\/de\\\/rundwanderung-richtung-chatzulecher\\\/#breadcrumb\"},\"inLanguage\":\"en-GB\",\"potentialAction\":[{\"@type\":\"ReadAction\",\"target\":[\"https:\\\/\\\/ferienchalet-wallis.ch\\\/de\\\/rundwanderung-richtung-chatzulecher\\\/\"]}]},{\"@type\":\"ImageObject\",\"inLanguage\":\"en-GB\",\"@id\":\"https:\\\/\\\/ferienchalet-wallis.ch\\\/de\\\/rundwanderung-richtung-chatzulecher\\\/#primaryimage\",\"url\":\"https:\\\/\\\/ferienchalet-wallis.ch\\\/wp-content\\\/uploads\\\/2023\\\/07\\\/aletschgletscher.jpg\",\"contentUrl\":\"https:\\\/\\\/ferienchalet-wallis.ch\\\/wp-content\\\/uploads\\\/2023\\\/07\\\/aletschgletscher.jpg\",\"width\":1920,\"height\":1280,\"caption\":\"aletschgletscher\"},{\"@type\":\"BreadcrumbList\",\"@id\":\"https:\\\/\\\/ferienchalet-wallis.ch\\\/de\\\/rundwanderung-richtung-chatzulecher\\\/#breadcrumb\",\"itemListElement\":[{\"@type\":\"ListItem\",\"position\":1,\"name\":\"Home\",\"item\":\"https:\\\/\\\/ferienchalet-wallis.ch\\\/\"},{\"@type\":\"ListItem\",\"position\":2,\"name\":\"Rundwanderung Riederalp Richtung Chatzulecher\"}]},{\"@type\":\"WebSite\",\"@id\":\"https:\\\/\\\/ferienchalet-wallis.ch\\\/#website\",\"url\":\"https:\\\/\\\/ferienchalet-wallis.ch\\\/\",\"name\":\"Bettmeralp und Riederalp\",\"description\":\"Kranzfelder Markus\",\"publisher\":{\"@id\":\"https:\\\/\\\/ferienchalet-wallis.ch\\\/#organization\"},\"potentialAction\":[{\"@type\":\"SearchAction\",\"target\":{\"@type\":\"EntryPoint\",\"urlTemplate\":\"https:\\\/\\\/ferienchalet-wallis.ch\\\/?s={search_term_string}\"},\"query-input\":{\"@type\":\"PropertyValueSpecification\",\"valueRequired\":true,\"valueName\":\"search_term_string\"}}],\"inLanguage\":\"en-GB\"},{\"@type\":\"Organization\",\"@id\":\"https:\\\/\\\/ferienchalet-wallis.ch\\\/#organization\",\"name\":\"Liegenschaftsbetreuung \\\/ Vermietung \u2013 M. Kranzfelder\",\"url\":\"https:\\\/\\\/ferienchalet-wallis.ch\\\/\",\"logo\":{\"@type\":\"ImageObject\",\"inLanguage\":\"en-GB\",\"@id\":\"https:\\\/\\\/ferienchalet-wallis.ch\\\/#\\\/schema\\\/logo\\\/image\\\/\",\"url\":\"https:\\\/\\\/ferienchalet-wallis.ch\\\/wp-content\\\/uploads\\\/2022\\\/01\\\/Logo_Kranzfelder.png\",\"contentUrl\":\"https:\\\/\\\/ferienchalet-wallis.ch\\\/wp-content\\\/uploads\\\/2022\\\/01\\\/Logo_Kranzfelder.png\",\"width\":1526,\"height\":447,\"caption\":\"Liegenschaftsbetreuung \\\/ Vermietung \u2013 M. Kranzfelder\"},\"image\":{\"@id\":\"https:\\\/\\\/ferienchalet-wallis.ch\\\/#\\\/schema\\\/logo\\\/image\\\/\"}},{\"@type\":\"Person\",\"@id\":\"https:\\\/\\\/ferienchalet-wallis.ch\\\/#\\\/schema\\\/person\\\/18b3f062b0514bc953799175b9bfdd2b\",\"name\":\"WalliSaar\",\"image\":{\"@type\":\"ImageObject\",\"inLanguage\":\"en-GB\",\"@id\":\"https:\\\/\\\/secure.gravatar.com\\\/avatar\\\/1be7f9468eac0e02f655be9ab758a01ae5dc72d678841cc4898d463993c78d36?s=96&d=initials&r=g&initials=ru\",\"url\":\"https:\\\/\\\/secure.gravatar.com\\\/avatar\\\/1be7f9468eac0e02f655be9ab758a01ae5dc72d678841cc4898d463993c78d36?s=96&d=initials&r=g&initials=ru\",\"contentUrl\":\"https:\\\/\\\/secure.gravatar.com\\\/avatar\\\/1be7f9468eac0e02f655be9ab758a01ae5dc72d678841cc4898d463993c78d36?s=96&d=initials&r=g&initials=ru\",\"caption\":\"WalliSaar\"},\"description\":\"Mein Name ist Anja Ruch und ich schreibe die Blogbeitr\u00e4ge f\u00fcr das Ehepaar Markus &amp; Tabitha Kranzfelder. Der Name WalliSaar gr\u00fcndet sich auf meinen Wurzeln im Saarland und den neuen im Wallis. My name is Anja Ruch and I write the blog entries for the Markus &amp; Tabitha Kranzfelder couple. The name WalliSaar shows the connection to my old roots in Saarland and the new ones in Valais.\",\"sameAs\":[\"https:\\\/\\\/www.ferienchalet-wallis.ch\\\/blog\"],\"url\":\"https:\\\/\\\/ferienchalet-wallis.ch\\\/en\\\/author\\\/wallisaar\\\/\"}]}<\/script>\n<!-- \/ Yoast SEO plugin. -->","yoast_head_json":{"title":"Rundwanderung Riederalp Richtung Chatzulecher - Bettmeralp und Riederalp","description":"Wandertour auf der Riederalp Richtung Chatzulecher. Auch als Rundwanderweg m\u00f6glich ab Bergstation Riederalp.","robots":{"index":"index","follow":"follow","max-snippet":"max-snippet:-1","max-image-preview":"max-image-preview:large","max-video-preview":"max-video-preview:-1"},"canonical":"https:\/\/ferienchalet-wallis.ch\/en\/rundwanderung-richtung-chatzulecher\/","og_locale":"en_GB","og_type":"article","og_title":"Rundwanderung Riederalp Richtung Chatzulecher - Bettmeralp und Riederalp","og_description":"Wandertour auf der Riederalp Richtung Chatzulecher. Auch als Rundwanderweg m\u00f6glich ab Bergstation Riederalp.","og_url":"https:\/\/ferienchalet-wallis.ch\/en\/rundwanderung-richtung-chatzulecher\/","og_site_name":"Bettmeralp und Riederalp","article_published_time":"2023-10-10T09:39:01+00:00","article_modified_time":"2023-10-10T09:45:58+00:00","og_image":[{"width":1920,"height":1280,"url":"https:\/\/ferienchalet-wallis.ch\/wp-content\/uploads\/2023\/07\/aletschgletscher.jpg","type":"image\/jpeg"}],"author":"WalliSaar","twitter_card":"summary_large_image","twitter_misc":{"Written by":"WalliSaar","Estimated reading time":"4 minutes"},"schema":{"@context":"https:\/\/schema.org","@graph":[{"@type":"Article","@id":"https:\/\/ferienchalet-wallis.ch\/de\/rundwanderung-richtung-chatzulecher\/#article","isPartOf":{"@id":"https:\/\/ferienchalet-wallis.ch\/de\/rundwanderung-richtung-chatzulecher\/"},"author":{"name":"WalliSaar","@id":"https:\/\/ferienchalet-wallis.ch\/#\/schema\/person\/18b3f062b0514bc953799175b9bfdd2b"},"headline":"Rundwanderung Riederalp Richtung Chatzulecher","datePublished":"2023-10-10T09:39:01+00:00","dateModified":"2023-10-10T09:45:58+00:00","mainEntityOfPage":{"@id":"https:\/\/ferienchalet-wallis.ch\/de\/rundwanderung-richtung-chatzulecher\/"},"wordCount":832,"publisher":{"@id":"https:\/\/ferienchalet-wallis.ch\/#organization"},"image":{"@id":"https:\/\/ferienchalet-wallis.ch\/de\/rundwanderung-richtung-chatzulecher\/#primaryimage"},"thumbnailUrl":"https:\/\/ferienchalet-wallis.ch\/wp-content\/uploads\/2023\/07\/aletschgletscher.jpg","articleSection":["Riederalp","Wandern"],"inLanguage":"en-GB"},{"@type":"WebPage","@id":"https:\/\/ferienchalet-wallis.ch\/de\/rundwanderung-richtung-chatzulecher\/","url":"https:\/\/ferienchalet-wallis.ch\/de\/rundwanderung-richtung-chatzulecher\/","name":"Rundwanderung Riederalp Richtung Chatzulecher - Bettmeralp und Riederalp","isPartOf":{"@id":"https:\/\/ferienchalet-wallis.ch\/#website"},"primaryImageOfPage":{"@id":"https:\/\/ferienchalet-wallis.ch\/de\/rundwanderung-richtung-chatzulecher\/#primaryimage"},"image":{"@id":"https:\/\/ferienchalet-wallis.ch\/de\/rundwanderung-richtung-chatzulecher\/#primaryimage"},"thumbnailUrl":"https:\/\/ferienchalet-wallis.ch\/wp-content\/uploads\/2023\/07\/aletschgletscher.jpg","datePublished":"2023-10-10T09:39:01+00:00","dateModified":"2023-10-10T09:45:58+00:00","description":"Wandertour auf der Riederalp Richtung Chatzulecher. Auch als Rundwanderweg m\u00f6glich ab Bergstation Riederalp.","breadcrumb":{"@id":"https:\/\/ferienchalet-wallis.ch\/de\/rundwanderung-richtung-chatzulecher\/#breadcrumb"},"inLanguage":"en-GB","potentialAction":[{"@type":"ReadAction","target":["https:\/\/ferienchalet-wallis.ch\/de\/rundwanderung-richtung-chatzulecher\/"]}]},{"@type":"ImageObject","inLanguage":"en-GB","@id":"https:\/\/ferienchalet-wallis.ch\/de\/rundwanderung-richtung-chatzulecher\/#primaryimage","url":"https:\/\/ferienchalet-wallis.ch\/wp-content\/uploads\/2023\/07\/aletschgletscher.jpg","contentUrl":"https:\/\/ferienchalet-wallis.ch\/wp-content\/uploads\/2023\/07\/aletschgletscher.jpg","width":1920,"height":1280,"caption":"aletschgletscher"},{"@type":"BreadcrumbList","@id":"https:\/\/ferienchalet-wallis.ch\/de\/rundwanderung-richtung-chatzulecher\/#breadcrumb","itemListElement":[{"@type":"ListItem","position":1,"name":"Home","item":"https:\/\/ferienchalet-wallis.ch\/"},{"@type":"ListItem","position":2,"name":"Rundwanderung Riederalp Richtung Chatzulecher"}]},{"@type":"WebSite","@id":"https:\/\/ferienchalet-wallis.ch\/#website","url":"https:\/\/ferienchalet-wallis.ch\/","name":"Bettmeralp and Riederalp","description":"Kranzfelder Markus","publisher":{"@id":"https:\/\/ferienchalet-wallis.ch\/#organization"},"potentialAction":[{"@type":"SearchAction","target":{"@type":"EntryPoint","urlTemplate":"https:\/\/ferienchalet-wallis.ch\/?s={search_term_string}"},"query-input":{"@type":"PropertyValueSpecification","valueRequired":true,"valueName":"search_term_string"}}],"inLanguage":"en-GB"},{"@type":"Organization","@id":"https:\/\/ferienchalet-wallis.ch\/#organization","name":"Liegenschaftsbetreuung \/ Vermietung \u2013 M. Kranzfelder","url":"https:\/\/ferienchalet-wallis.ch\/","logo":{"@type":"ImageObject","inLanguage":"en-GB","@id":"https:\/\/ferienchalet-wallis.ch\/#\/schema\/logo\/image\/","url":"https:\/\/ferienchalet-wallis.ch\/wp-content\/uploads\/2022\/01\/Logo_Kranzfelder.png","contentUrl":"https:\/\/ferienchalet-wallis.ch\/wp-content\/uploads\/2022\/01\/Logo_Kranzfelder.png","width":1526,"height":447,"caption":"Liegenschaftsbetreuung \/ Vermietung \u2013 M. Kranzfelder"},"image":{"@id":"https:\/\/ferienchalet-wallis.ch\/#\/schema\/logo\/image\/"}},{"@type":"Person","@id":"https:\/\/ferienchalet-wallis.ch\/#\/schema\/person\/18b3f062b0514bc953799175b9bfdd2b","name":"WalliSaar","image":{"@type":"ImageObject","inLanguage":"en-GB","@id":"https:\/\/secure.gravatar.com\/avatar\/1be7f9468eac0e02f655be9ab758a01ae5dc72d678841cc4898d463993c78d36?s=96&d=initials&r=g&initials=ru","url":"https:\/\/secure.gravatar.com\/avatar\/1be7f9468eac0e02f655be9ab758a01ae5dc72d678841cc4898d463993c78d36?s=96&d=initials&r=g&initials=ru","contentUrl":"https:\/\/secure.gravatar.com\/avatar\/1be7f9468eac0e02f655be9ab758a01ae5dc72d678841cc4898d463993c78d36?s=96&d=initials&r=g&initials=ru","caption":"WalliSaar"},"description":"Mein Name ist Anja Ruch und ich schreibe die Blogbeitr\u00e4ge f\u00fcr das Ehepaar Markus &amp; Tabitha Kranzfelder. Der Name WalliSaar gr\u00fcndet sich auf meinen Wurzeln im Saarland und den neuen im Wallis. My name is Anja Ruch and I write the blog entries for the Markus &amp; Tabitha Kranzfelder couple. The name WalliSaar shows the connection to my old roots in Saarland and the new ones in Valais.","sameAs":["https:\/\/www.ferienchalet-wallis.ch\/blog"],"url":"https:\/\/ferienchalet-wallis.ch\/en\/author\/wallisaar\/"}]}},"_links":{"self":[{"href":"https:\/\/ferienchalet-wallis.ch\/en\/wp-json\/wp\/v2\/posts\/1704","targetHints":{"allow":["GET"]}}],"collection":[{"href":"https:\/\/ferienchalet-wallis.ch\/en\/wp-json\/wp\/v2\/posts"}],"about":[{"href":"https:\/\/ferienchalet-wallis.ch\/en\/wp-json\/wp\/v2\/types\/post"}],"author":[{"embeddable":true,"href":"https:\/\/ferienchalet-wallis.ch\/en\/wp-json\/wp\/v2\/users\/3"}],"replies":[{"embeddable":true,"href":"https:\/\/ferienchalet-wallis.ch\/en\/wp-json\/wp\/v2\/comments?post=1704"}],"version-history":[{"count":5,"href":"https:\/\/ferienchalet-wallis.ch\/en\/wp-json\/wp\/v2\/posts\/1704\/revisions"}],"predecessor-version":[{"id":1709,"href":"https:\/\/ferienchalet-wallis.ch\/en\/wp-json\/wp\/v2\/posts\/1704\/revisions\/1709"}],"wp:featuredmedia":[{"embeddable":true,"href":"https:\/\/ferienchalet-wallis.ch\/en\/wp-json\/wp\/v2\/media\/1532"}],"wp:attachment":[{"href":"https:\/\/ferienchalet-wallis.ch\/en\/wp-json\/wp\/v2\/media?parent=1704"}],"wp:term":[{"taxonomy":"category","embeddable":true,"href":"https:\/\/ferienchalet-wallis.ch\/en\/wp-json\/wp\/v2\/categories?post=1704"},{"taxonomy":"post_tag","embeddable":true,"href":"https:\/\/ferienchalet-wallis.ch\/en\/wp-json\/wp\/v2\/tags?post=1704"}],"curies":[{"name":"wp","href":"https:\/\/api.w.org\/{rel}","templated":true}]}}