{"id":1878,"date":"2024-03-05T10:25:58","date_gmt":"2024-03-05T10:25:58","guid":{"rendered":"https:\/\/ferienchalet-wallis.ch\/?p=1878"},"modified":"2024-03-05T13:00:04","modified_gmt":"2024-03-05T13:00:04","slug":"veranstaltungen-fuer-kinder-im-aletschgebiet","status":"publish","type":"post","link":"https:\/\/ferienchalet-wallis.ch\/en\/veranstaltungen-fuer-kinder-im-aletschgebiet\/","title":{"rendered":"Children's entertainment in the Aletsch region"},"content":{"rendered":"<style type=\"text\/css\" data-created_by=\"avia_inline_auto\" id=\"style-css-av-lte6v4w0-b75f64037b5f75d67bfa4692d647787c\">\n#top .av-special-heading.av-lte6v4w0-b75f64037b5f75d67bfa4692d647787c{\npadding-bottom:10px;\n}\nbody .av-special-heading.av-lte6v4w0-b75f64037b5f75d67bfa4692d647787c .av-special-heading-tag .heading-char{\nfont-size:25px;\n}\n.av-special-heading.av-lte6v4w0-b75f64037b5f75d67bfa4692d647787c .av-subheading{\nfont-size:15px;\n}\n<\/style>\n<div  class='av-special-heading av-lte6v4w0-b75f64037b5f75d67bfa4692d647787c av-special-heading-h2  avia-builder-el-0  el_before_av_textblock  avia-builder-el-first'><h2 class='av-special-heading-tag'  itemprop=\"headline\"  >Activities for the child<\/h2><div class=\"special-heading-border\"><div class=\"special-heading-inner-border\"><\/div><\/div><\/div>\n<section  class='av_textblock_section av-lte6wapm-2b2bee3239e165451de6407dd239c649'  itemscope=\"itemscope\" itemtype=\"https:\/\/schema.org\/BlogPosting\" itemprop=\"blogPost\" ><div class='avia_textblock'  itemprop=\"text\" ><p>Today we have some information on what you can do with your child and how or where you can keep your child while you go skiing. In bad weather, the Gletschiland is a great indoor activity.<\/p>\n<h3>Children's entertainment<\/h3>\n<p>There is of course children's entertainment for the little ones. In addition to the day nursery on Bettmeralp, there are also various children's entertainment programs. In some cases, participation is free or the prices are moderate.<\/p>\n<table width=\"0\">\n<tbody>\n<tr>\n<td width=\"242\">what + info<\/td>\n<td width=\"101\">where<\/td>\n<td width=\"81\">when<\/td>\n<td width=\"90\">how much<\/td>\n<\/tr>\n<tr>\n<td width=\"242\"><a href=\"https:\/\/www.aletscharena.ch\/en\/planning-booking\/offers-experiences\/offer\/childrens-entertainment-program-bettmeralp\" target=\"_blank\" rel=\"noopener\">Childcare<\/a><\/td>\n<td width=\"101\">Bettmeralp<\/td>\n<td width=\"81\">daily from 9.30 am to 1.30 pm<\/td>\n<td width=\"90\">from 15 CHF<\/td>\n<\/tr>\n<tr>\n<td width=\"242\"><a href=\"https:\/\/www.aletscharena.ch\/planen-buchen\/angebote-erlebnisse\/angebot\/kinderanimations-programm-bettmeralp\" target=\"_blank\" rel=\"noopener\">Children's entertainment program<\/a><\/td>\n<td width=\"101\">skiing school Bettmeralp<\/td>\n<td width=\"81\">daily from 2 pm to 4 pm<\/td>\n<td width=\"90\">from 15 CHF<\/td>\n<\/tr>\n<tr>\n<td width=\"242\"><a href=\"https:\/\/www.aletscharena.ch\/en\/planning-booking\/offers-experiences\/offer\/story-time\" target=\"_blank\" rel=\"noopener\">story time<\/a><\/td>\n<td width=\"101\">Fiesch, Pr\u00e4fektenhaus<\/td>\n<td width=\"81\">every tuesday 5 pm<\/td>\n<td width=\"90\">for free<\/td>\n<\/tr>\n<tr>\n<td width=\"242\"><a href=\"https:\/\/www.aletscharena.ch\/en\/aletsch-arena\/poi\/gletschiland\" target=\"_blank\" rel=\"noopener\">Gletschiland<\/a><\/td>\n<td width=\"101\">sport center Bachtla Bettmeralp<\/td>\n<td width=\"81\">daily from 10 am to 7 pm<\/td>\n<td width=\"90\">10 CHF day entrance<\/td>\n<\/tr>\n<tr>\n<td width=\"242\"><a href=\"https:\/\/www.aletscharena.ch\/en\/aletsch-arena\/poi\/natural-ice-rink\" target=\"_blank\" rel=\"noopener\">Natural ice rink<\/a><\/td>\n<td width=\"101\">sport center Bachtla Bettmeralp<\/td>\n<td width=\"81\">depending on weather<\/td>\n<td width=\"90\">for free<\/td>\n<\/tr>\n<tr>\n<td width=\"242\"><a href=\"https:\/\/www.aletscharena.ch\/en\/aletsch-arena\/poi\/snowtubing\" target=\"_blank\" rel=\"noopener\">snowtubing<\/a><\/td>\n<td width=\"101\">Bettmeralp &#8211; B\u00e4ttmerhitta<\/td>\n<td width=\"81\">daily from 9 am to 4 pm<\/td>\n<td width=\"90\">for free<\/td>\n<\/tr>\n<\/tbody>\n<\/table>\n<\/div><\/section>\n<section  class='av_textblock_section av-lte76a23-23a1e502a2c8e80478fac24be399fbfc'  itemscope=\"itemscope\" itemtype=\"https:\/\/schema.org\/BlogPosting\" itemprop=\"blogPost\" ><div class='avia_textblock'  itemprop=\"text\" ><h3>Snowgarden<\/h3>\n<p>On all 3 Alps you will find snow gardens for learning and practicing skiing<\/p>\n<table width=\"0\">\n<tbody>\n<tr>\n<td width=\"101\">Local station<\/td>\n<td width=\"81\">Minimum age<\/td>\n<td width=\"90\">entrance<\/td>\n<\/tr>\n<tr>\n<td width=\"101\">Prinzenland Bettmeralp next to the Bachtla sports center<\/td>\n<td width=\"81\">from 3 years old<\/td>\n<td width=\"90\"><a href=\"https:\/\/www.schneesportbettmeralp.ch\/snowli-kids\/prinzenland-1\/\" target=\"_blank\" rel=\"noopener\">Find out prices<\/a><\/td>\n<\/tr>\n<tr>\n<td width=\"101\">Snowgarden Riederalp next to the children's ski lift of the Skiarena Alpenrose<\/td>\n<td width=\"81\">from 2.5 years old<\/td>\n<td width=\"90\">10 CHF without ski pass<\/td>\n<\/tr>\n<tr>\n<td width=\"101\">for free<\/td>\n<td width=\"81\">from 4 years old<\/td>\n<td width=\"90\">Eintritt frei<\/td>\n<\/tr>\n<\/tbody>\n<\/table>\n<p>You live in Bettmeralp and your child doesn't want to walk to the Snowgarden? Then use the <a href=\"https:\/\/www.aletscharena.ch\/en\/planning-booking\/offers-experiences\/offer\/snowli-express\" target=\"_blank\" rel=\"noopener\">Snowli-Express<\/a>.<\/p>\n<p>Discover the winter sports region on the Aletsch Glacier together with your child.<\/p>\n<p><em>Das Platzji ghert mir, doch zeig ichs \u00f6i dir, m\u00fcesch halt chli mit mir cho.<\/em><\/p>\n<\/div><\/section>\n<div class='flex_column av-8t87zq-e53afeb0ce1fb7123c167c357ceb0bff av_one_half  avia-builder-el-3  el_after_av_textblock  avia-builder-el-last  first flex_column_div column-top-margin'   ><p><div  class='av-post-metadata-container av-714wpy-f1960ec02a65541d112621724a33d9ee av-metadata-container-align-left  avia-builder-el-4  el_before_av_social_share  avia-builder-el-first  av-metadata-container-1'><div class='av-post-metadata-container-inner'><span class=\"av-post-metadata-content av-post-metadata-meta-content\"><span class=\"av-post-metadata-content av-post-metadata-author\"  itemprop=\"author\" ><span class=\"av-metadata-before av-metadata-before-author\">of<\/span><span class=\"av-post-metadata-author-link\" ><a href=\"https:\/\/ferienchalet-wallis.ch\/en\/author\/wallisaar\/\"  rel=\"author\">WalliSaar<\/a><\/span><\/span><span class=\"av-post-metadata-content av-post-metadata-separator\">\/<\/span><span class=\"av-post-metadata-content av-post-metadata-published\"><span class=\"av-post-metadata-published-date\" >March 5, 2024<\/span><\/span><\/span><\/div><\/div><br \/>\n<div  class='av-social-sharing-box av-b9zna-a97e48b90252d109ea766ac06cbdcebd av-social-sharing-box-circle  avia-builder-el-5  el_after_av_post_metadata  avia-builder-el-last  av-social-sharing-box-color-bg av-social-sharing-box-same-width'><div class=\"av-share-box\"><h5 class='av-share-link-description av-no-toc'>Share entry<\/h5><ul class=\"av-share-box-list noLightbox\"><li class='av-share-link av-social-link-whatsapp' ><a target=\"_blank\" aria-label=\"Share on WhatsApp\" href='https:\/\/api.whatsapp.com\/send?text=https:\/\/ferienchalet-wallis.ch\/en\/veranstaltungen-fuer-kinder-im-aletschgebiet\/' aria-hidden='false' data-av_icon='\uf232' data-av_iconfont='entypo-fontello' title='' data-avia-related-tooltip='Share on WhatsApp' rel=\"noopener\"><span class='avia_hidden_link_text'>Share on WhatsApp<\/span><\/a><\/li><\/ul><\/div><\/div><\/p><\/div>","protected":false},"excerpt":{"rendered":"","protected":false},"author":3,"featured_media":405,"comment_status":"closed","ping_status":"closed","sticky":false,"template":"","format":"standard","meta":{"footnotes":""},"categories":[6,17,18],"tags":[],"class_list":["post-1878","post","type-post","status-publish","format-standard","has-post-thumbnail","hentry","category-aletsch","category-kinder","category-wintersport"],"yoast_head":"<!-- This site is optimized with the Yoast SEO plugin v27.4 - https:\/\/yoast.com\/product\/yoast-seo-wordpress\/ -->\n<title>Kinderanimationen im Aletschgebiet - Bettmeralp und Riederalp<\/title>\n<meta name=\"description\" content=\"Informationen rund ums Kind: was unternimmt man mit seinem Kind im Aletschgebiet unternehmen und wie oder wo bringt man das Kind unter, w\u00e4hrend man Skifahren geht.\" \/>\n<meta name=\"robots\" content=\"index, follow, max-snippet:-1, max-image-preview:large, max-video-preview:-1\" \/>\n<link rel=\"canonical\" href=\"https:\/\/ferienchalet-wallis.ch\/en\/veranstaltungen-fuer-kinder-im-aletschgebiet\/\" \/>\n<meta property=\"og:locale\" content=\"en_GB\" \/>\n<meta property=\"og:type\" content=\"article\" \/>\n<meta property=\"og:title\" content=\"Kinderanimationen im Aletschgebiet - Bettmeralp und Riederalp\" \/>\n<meta property=\"og:description\" content=\"Informationen rund ums Kind: was unternimmt man mit seinem Kind im Aletschgebiet unternehmen und wie oder wo bringt man das Kind unter, w\u00e4hrend man Skifahren geht.\" \/>\n<meta property=\"og:url\" content=\"https:\/\/ferienchalet-wallis.ch\/en\/veranstaltungen-fuer-kinder-im-aletschgebiet\/\" \/>\n<meta property=\"og:site_name\" content=\"Bettmeralp und Riederalp\" \/>\n<meta property=\"article:published_time\" content=\"2024-03-05T10:25:58+00:00\" \/>\n<meta property=\"article:modified_time\" content=\"2024-03-05T13:00:04+00:00\" \/>\n<meta property=\"og:image\" content=\"https:\/\/ferienchalet-wallis.ch\/wp-content\/uploads\/2022\/04\/DSC_6425-1030x685.jpg\" \/>\n\t<meta property=\"og:image:width\" content=\"1030\" \/>\n\t<meta property=\"og:image:height\" content=\"685\" \/>\n\t<meta property=\"og:image:type\" content=\"image\/jpeg\" \/>\n<meta name=\"author\" content=\"WalliSaar\" \/>\n<meta name=\"twitter:card\" content=\"summary_large_image\" \/>\n<meta name=\"twitter:label1\" content=\"Written by\" \/>\n\t<meta name=\"twitter:data1\" content=\"WalliSaar\" \/>\n\t<meta name=\"twitter:label2\" content=\"Estimated reading time\" \/>\n\t<meta name=\"twitter:data2\" content=\"3 minutes\" \/>\n<script type=\"application\/ld+json\" class=\"yoast-schema-graph\">{\"@context\":\"https:\\\/\\\/schema.org\",\"@graph\":[{\"@type\":\"Article\",\"@id\":\"https:\\\/\\\/ferienchalet-wallis.ch\\\/en\\\/veranstaltungen-fuer-kinder-im-aletschgebiet\\\/#article\",\"isPartOf\":{\"@id\":\"https:\\\/\\\/ferienchalet-wallis.ch\\\/en\\\/veranstaltungen-fuer-kinder-im-aletschgebiet\\\/\"},\"author\":{\"name\":\"WalliSaar\",\"@id\":\"https:\\\/\\\/ferienchalet-wallis.ch\\\/#\\\/schema\\\/person\\\/18b3f062b0514bc953799175b9bfdd2b\"},\"headline\":\"Kinderanimationen im Aletschgebiet\",\"datePublished\":\"2024-03-05T10:25:58+00:00\",\"dateModified\":\"2024-03-05T13:00:04+00:00\",\"mainEntityOfPage\":{\"@id\":\"https:\\\/\\\/ferienchalet-wallis.ch\\\/en\\\/veranstaltungen-fuer-kinder-im-aletschgebiet\\\/\"},\"wordCount\":725,\"publisher\":{\"@id\":\"https:\\\/\\\/ferienchalet-wallis.ch\\\/#organization\"},\"image\":{\"@id\":\"https:\\\/\\\/ferienchalet-wallis.ch\\\/en\\\/veranstaltungen-fuer-kinder-im-aletschgebiet\\\/#primaryimage\"},\"thumbnailUrl\":\"https:\\\/\\\/ferienchalet-wallis.ch\\\/wp-content\\\/uploads\\\/2022\\\/04\\\/DSC_6425-scaled.jpg\",\"articleSection\":[\"Aletsch\",\"Kinder\",\"Wintersport\"],\"inLanguage\":\"en-GB\"},{\"@type\":\"WebPage\",\"@id\":\"https:\\\/\\\/ferienchalet-wallis.ch\\\/en\\\/veranstaltungen-fuer-kinder-im-aletschgebiet\\\/\",\"url\":\"https:\\\/\\\/ferienchalet-wallis.ch\\\/en\\\/veranstaltungen-fuer-kinder-im-aletschgebiet\\\/\",\"name\":\"Kinderanimationen im Aletschgebiet - Bettmeralp und Riederalp\",\"isPartOf\":{\"@id\":\"https:\\\/\\\/ferienchalet-wallis.ch\\\/#website\"},\"primaryImageOfPage\":{\"@id\":\"https:\\\/\\\/ferienchalet-wallis.ch\\\/en\\\/veranstaltungen-fuer-kinder-im-aletschgebiet\\\/#primaryimage\"},\"image\":{\"@id\":\"https:\\\/\\\/ferienchalet-wallis.ch\\\/en\\\/veranstaltungen-fuer-kinder-im-aletschgebiet\\\/#primaryimage\"},\"thumbnailUrl\":\"https:\\\/\\\/ferienchalet-wallis.ch\\\/wp-content\\\/uploads\\\/2022\\\/04\\\/DSC_6425-scaled.jpg\",\"datePublished\":\"2024-03-05T10:25:58+00:00\",\"dateModified\":\"2024-03-05T13:00:04+00:00\",\"description\":\"Informationen rund ums Kind: was unternimmt man mit seinem Kind im Aletschgebiet unternehmen und wie oder wo bringt man das Kind unter, w\u00e4hrend man Skifahren geht.\",\"breadcrumb\":{\"@id\":\"https:\\\/\\\/ferienchalet-wallis.ch\\\/en\\\/veranstaltungen-fuer-kinder-im-aletschgebiet\\\/#breadcrumb\"},\"inLanguage\":\"en-GB\",\"potentialAction\":[{\"@type\":\"ReadAction\",\"target\":[\"https:\\\/\\\/ferienchalet-wallis.ch\\\/en\\\/veranstaltungen-fuer-kinder-im-aletschgebiet\\\/\"]}]},{\"@type\":\"ImageObject\",\"inLanguage\":\"en-GB\",\"@id\":\"https:\\\/\\\/ferienchalet-wallis.ch\\\/en\\\/veranstaltungen-fuer-kinder-im-aletschgebiet\\\/#primaryimage\",\"url\":\"https:\\\/\\\/ferienchalet-wallis.ch\\\/wp-content\\\/uploads\\\/2022\\\/04\\\/DSC_6425-scaled.jpg\",\"contentUrl\":\"https:\\\/\\\/ferienchalet-wallis.ch\\\/wp-content\\\/uploads\\\/2022\\\/04\\\/DSC_6425-scaled.jpg\",\"width\":2560,\"height\":1703,\"caption\":\"Kinderskischule Riederalp\"},{\"@type\":\"BreadcrumbList\",\"@id\":\"https:\\\/\\\/ferienchalet-wallis.ch\\\/en\\\/veranstaltungen-fuer-kinder-im-aletschgebiet\\\/#breadcrumb\",\"itemListElement\":[{\"@type\":\"ListItem\",\"position\":1,\"name\":\"Home\",\"item\":\"https:\\\/\\\/ferienchalet-wallis.ch\\\/\"},{\"@type\":\"ListItem\",\"position\":2,\"name\":\"Kinderanimationen im Aletschgebiet\"}]},{\"@type\":\"WebSite\",\"@id\":\"https:\\\/\\\/ferienchalet-wallis.ch\\\/#website\",\"url\":\"https:\\\/\\\/ferienchalet-wallis.ch\\\/\",\"name\":\"Bettmeralp und Riederalp\",\"description\":\"Kranzfelder Markus\",\"publisher\":{\"@id\":\"https:\\\/\\\/ferienchalet-wallis.ch\\\/#organization\"},\"potentialAction\":[{\"@type\":\"SearchAction\",\"target\":{\"@type\":\"EntryPoint\",\"urlTemplate\":\"https:\\\/\\\/ferienchalet-wallis.ch\\\/?s={search_term_string}\"},\"query-input\":{\"@type\":\"PropertyValueSpecification\",\"valueRequired\":true,\"valueName\":\"search_term_string\"}}],\"inLanguage\":\"en-GB\"},{\"@type\":\"Organization\",\"@id\":\"https:\\\/\\\/ferienchalet-wallis.ch\\\/#organization\",\"name\":\"Liegenschaftsbetreuung \\\/ Vermietung \u2013 M. Kranzfelder\",\"url\":\"https:\\\/\\\/ferienchalet-wallis.ch\\\/\",\"logo\":{\"@type\":\"ImageObject\",\"inLanguage\":\"en-GB\",\"@id\":\"https:\\\/\\\/ferienchalet-wallis.ch\\\/#\\\/schema\\\/logo\\\/image\\\/\",\"url\":\"https:\\\/\\\/ferienchalet-wallis.ch\\\/wp-content\\\/uploads\\\/2022\\\/01\\\/Logo_Kranzfelder.png\",\"contentUrl\":\"https:\\\/\\\/ferienchalet-wallis.ch\\\/wp-content\\\/uploads\\\/2022\\\/01\\\/Logo_Kranzfelder.png\",\"width\":1526,\"height\":447,\"caption\":\"Liegenschaftsbetreuung \\\/ Vermietung \u2013 M. Kranzfelder\"},\"image\":{\"@id\":\"https:\\\/\\\/ferienchalet-wallis.ch\\\/#\\\/schema\\\/logo\\\/image\\\/\"}},{\"@type\":\"Person\",\"@id\":\"https:\\\/\\\/ferienchalet-wallis.ch\\\/#\\\/schema\\\/person\\\/18b3f062b0514bc953799175b9bfdd2b\",\"name\":\"WalliSaar\",\"image\":{\"@type\":\"ImageObject\",\"inLanguage\":\"en-GB\",\"@id\":\"https:\\\/\\\/secure.gravatar.com\\\/avatar\\\/1be7f9468eac0e02f655be9ab758a01ae5dc72d678841cc4898d463993c78d36?s=96&d=initials&r=g&initials=ru\",\"url\":\"https:\\\/\\\/secure.gravatar.com\\\/avatar\\\/1be7f9468eac0e02f655be9ab758a01ae5dc72d678841cc4898d463993c78d36?s=96&d=initials&r=g&initials=ru\",\"contentUrl\":\"https:\\\/\\\/secure.gravatar.com\\\/avatar\\\/1be7f9468eac0e02f655be9ab758a01ae5dc72d678841cc4898d463993c78d36?s=96&d=initials&r=g&initials=ru\",\"caption\":\"WalliSaar\"},\"description\":\"Mein Name ist Anja Ruch und ich schreibe die Blogbeitr\u00e4ge f\u00fcr das Ehepaar Markus &amp; Tabitha Kranzfelder. Der Name WalliSaar gr\u00fcndet sich auf meinen Wurzeln im Saarland und den neuen im Wallis. My name is Anja Ruch and I write the blog entries for the Markus &amp; Tabitha Kranzfelder couple. The name WalliSaar shows the connection to my old roots in Saarland and the new ones in Valais.\",\"sameAs\":[\"https:\\\/\\\/www.ferienchalet-wallis.ch\\\/blog\"],\"url\":\"https:\\\/\\\/ferienchalet-wallis.ch\\\/en\\\/author\\\/wallisaar\\\/\"}]}<\/script>\n<!-- \/ Yoast SEO plugin. -->","yoast_head_json":{"title":"Kinderanimationen im Aletschgebiet - Bettmeralp und Riederalp","description":"Informationen rund ums Kind: was unternimmt man mit seinem Kind im Aletschgebiet unternehmen und wie oder wo bringt man das Kind unter, w\u00e4hrend man Skifahren geht.","robots":{"index":"index","follow":"follow","max-snippet":"max-snippet:-1","max-image-preview":"max-image-preview:large","max-video-preview":"max-video-preview:-1"},"canonical":"https:\/\/ferienchalet-wallis.ch\/en\/veranstaltungen-fuer-kinder-im-aletschgebiet\/","og_locale":"en_GB","og_type":"article","og_title":"Kinderanimationen im Aletschgebiet - Bettmeralp und Riederalp","og_description":"Informationen rund ums Kind: was unternimmt man mit seinem Kind im Aletschgebiet unternehmen und wie oder wo bringt man das Kind unter, w\u00e4hrend man Skifahren geht.","og_url":"https:\/\/ferienchalet-wallis.ch\/en\/veranstaltungen-fuer-kinder-im-aletschgebiet\/","og_site_name":"Bettmeralp und Riederalp","article_published_time":"2024-03-05T10:25:58+00:00","article_modified_time":"2024-03-05T13:00:04+00:00","og_image":[{"width":1030,"height":685,"url":"https:\/\/ferienchalet-wallis.ch\/wp-content\/uploads\/2022\/04\/DSC_6425-1030x685.jpg","type":"image\/jpeg"}],"author":"WalliSaar","twitter_card":"summary_large_image","twitter_misc":{"Written by":"WalliSaar","Estimated reading time":"3 minutes"},"schema":{"@context":"https:\/\/schema.org","@graph":[{"@type":"Article","@id":"https:\/\/ferienchalet-wallis.ch\/en\/veranstaltungen-fuer-kinder-im-aletschgebiet\/#article","isPartOf":{"@id":"https:\/\/ferienchalet-wallis.ch\/en\/veranstaltungen-fuer-kinder-im-aletschgebiet\/"},"author":{"name":"WalliSaar","@id":"https:\/\/ferienchalet-wallis.ch\/#\/schema\/person\/18b3f062b0514bc953799175b9bfdd2b"},"headline":"Kinderanimationen im Aletschgebiet","datePublished":"2024-03-05T10:25:58+00:00","dateModified":"2024-03-05T13:00:04+00:00","mainEntityOfPage":{"@id":"https:\/\/ferienchalet-wallis.ch\/en\/veranstaltungen-fuer-kinder-im-aletschgebiet\/"},"wordCount":725,"publisher":{"@id":"https:\/\/ferienchalet-wallis.ch\/#organization"},"image":{"@id":"https:\/\/ferienchalet-wallis.ch\/en\/veranstaltungen-fuer-kinder-im-aletschgebiet\/#primaryimage"},"thumbnailUrl":"https:\/\/ferienchalet-wallis.ch\/wp-content\/uploads\/2022\/04\/DSC_6425-scaled.jpg","articleSection":["Aletsch","Kinder","Wintersport"],"inLanguage":"en-GB"},{"@type":"WebPage","@id":"https:\/\/ferienchalet-wallis.ch\/en\/veranstaltungen-fuer-kinder-im-aletschgebiet\/","url":"https:\/\/ferienchalet-wallis.ch\/en\/veranstaltungen-fuer-kinder-im-aletschgebiet\/","name":"Kinderanimationen im Aletschgebiet - Bettmeralp und Riederalp","isPartOf":{"@id":"https:\/\/ferienchalet-wallis.ch\/#website"},"primaryImageOfPage":{"@id":"https:\/\/ferienchalet-wallis.ch\/en\/veranstaltungen-fuer-kinder-im-aletschgebiet\/#primaryimage"},"image":{"@id":"https:\/\/ferienchalet-wallis.ch\/en\/veranstaltungen-fuer-kinder-im-aletschgebiet\/#primaryimage"},"thumbnailUrl":"https:\/\/ferienchalet-wallis.ch\/wp-content\/uploads\/2022\/04\/DSC_6425-scaled.jpg","datePublished":"2024-03-05T10:25:58+00:00","dateModified":"2024-03-05T13:00:04+00:00","description":"Informationen rund ums Kind: was unternimmt man mit seinem Kind im Aletschgebiet unternehmen und wie oder wo bringt man das Kind unter, w\u00e4hrend man Skifahren geht.","breadcrumb":{"@id":"https:\/\/ferienchalet-wallis.ch\/en\/veranstaltungen-fuer-kinder-im-aletschgebiet\/#breadcrumb"},"inLanguage":"en-GB","potentialAction":[{"@type":"ReadAction","target":["https:\/\/ferienchalet-wallis.ch\/en\/veranstaltungen-fuer-kinder-im-aletschgebiet\/"]}]},{"@type":"ImageObject","inLanguage":"en-GB","@id":"https:\/\/ferienchalet-wallis.ch\/en\/veranstaltungen-fuer-kinder-im-aletschgebiet\/#primaryimage","url":"https:\/\/ferienchalet-wallis.ch\/wp-content\/uploads\/2022\/04\/DSC_6425-scaled.jpg","contentUrl":"https:\/\/ferienchalet-wallis.ch\/wp-content\/uploads\/2022\/04\/DSC_6425-scaled.jpg","width":2560,"height":1703,"caption":"Kinderskischule Riederalp"},{"@type":"BreadcrumbList","@id":"https:\/\/ferienchalet-wallis.ch\/en\/veranstaltungen-fuer-kinder-im-aletschgebiet\/#breadcrumb","itemListElement":[{"@type":"ListItem","position":1,"name":"Home","item":"https:\/\/ferienchalet-wallis.ch\/"},{"@type":"ListItem","position":2,"name":"Kinderanimationen im Aletschgebiet"}]},{"@type":"WebSite","@id":"https:\/\/ferienchalet-wallis.ch\/#website","url":"https:\/\/ferienchalet-wallis.ch\/","name":"Bettmeralp and Riederalp","description":"Kranzfelder Markus","publisher":{"@id":"https:\/\/ferienchalet-wallis.ch\/#organization"},"potentialAction":[{"@type":"SearchAction","target":{"@type":"EntryPoint","urlTemplate":"https:\/\/ferienchalet-wallis.ch\/?s={search_term_string}"},"query-input":{"@type":"PropertyValueSpecification","valueRequired":true,"valueName":"search_term_string"}}],"inLanguage":"en-GB"},{"@type":"Organization","@id":"https:\/\/ferienchalet-wallis.ch\/#organization","name":"Liegenschaftsbetreuung \/ Vermietung \u2013 M. Kranzfelder","url":"https:\/\/ferienchalet-wallis.ch\/","logo":{"@type":"ImageObject","inLanguage":"en-GB","@id":"https:\/\/ferienchalet-wallis.ch\/#\/schema\/logo\/image\/","url":"https:\/\/ferienchalet-wallis.ch\/wp-content\/uploads\/2022\/01\/Logo_Kranzfelder.png","contentUrl":"https:\/\/ferienchalet-wallis.ch\/wp-content\/uploads\/2022\/01\/Logo_Kranzfelder.png","width":1526,"height":447,"caption":"Liegenschaftsbetreuung \/ Vermietung \u2013 M. Kranzfelder"},"image":{"@id":"https:\/\/ferienchalet-wallis.ch\/#\/schema\/logo\/image\/"}},{"@type":"Person","@id":"https:\/\/ferienchalet-wallis.ch\/#\/schema\/person\/18b3f062b0514bc953799175b9bfdd2b","name":"WalliSaar","image":{"@type":"ImageObject","inLanguage":"en-GB","@id":"https:\/\/secure.gravatar.com\/avatar\/1be7f9468eac0e02f655be9ab758a01ae5dc72d678841cc4898d463993c78d36?s=96&d=initials&r=g&initials=ru","url":"https:\/\/secure.gravatar.com\/avatar\/1be7f9468eac0e02f655be9ab758a01ae5dc72d678841cc4898d463993c78d36?s=96&d=initials&r=g&initials=ru","contentUrl":"https:\/\/secure.gravatar.com\/avatar\/1be7f9468eac0e02f655be9ab758a01ae5dc72d678841cc4898d463993c78d36?s=96&d=initials&r=g&initials=ru","caption":"WalliSaar"},"description":"Mein Name ist Anja Ruch und ich schreibe die Blogbeitr\u00e4ge f\u00fcr das Ehepaar Markus &amp; Tabitha Kranzfelder. Der Name WalliSaar gr\u00fcndet sich auf meinen Wurzeln im Saarland und den neuen im Wallis. My name is Anja Ruch and I write the blog entries for the Markus &amp; Tabitha Kranzfelder couple. The name WalliSaar shows the connection to my old roots in Saarland and the new ones in Valais.","sameAs":["https:\/\/www.ferienchalet-wallis.ch\/blog"],"url":"https:\/\/ferienchalet-wallis.ch\/en\/author\/wallisaar\/"}]}},"_links":{"self":[{"href":"https:\/\/ferienchalet-wallis.ch\/en\/wp-json\/wp\/v2\/posts\/1878","targetHints":{"allow":["GET"]}}],"collection":[{"href":"https:\/\/ferienchalet-wallis.ch\/en\/wp-json\/wp\/v2\/posts"}],"about":[{"href":"https:\/\/ferienchalet-wallis.ch\/en\/wp-json\/wp\/v2\/types\/post"}],"author":[{"embeddable":true,"href":"https:\/\/ferienchalet-wallis.ch\/en\/wp-json\/wp\/v2\/users\/3"}],"replies":[{"embeddable":true,"href":"https:\/\/ferienchalet-wallis.ch\/en\/wp-json\/wp\/v2\/comments?post=1878"}],"version-history":[{"count":11,"href":"https:\/\/ferienchalet-wallis.ch\/en\/wp-json\/wp\/v2\/posts\/1878\/revisions"}],"predecessor-version":[{"id":1890,"href":"https:\/\/ferienchalet-wallis.ch\/en\/wp-json\/wp\/v2\/posts\/1878\/revisions\/1890"}],"wp:featuredmedia":[{"embeddable":true,"href":"https:\/\/ferienchalet-wallis.ch\/en\/wp-json\/wp\/v2\/media\/405"}],"wp:attachment":[{"href":"https:\/\/ferienchalet-wallis.ch\/en\/wp-json\/wp\/v2\/media?parent=1878"}],"wp:term":[{"taxonomy":"category","embeddable":true,"href":"https:\/\/ferienchalet-wallis.ch\/en\/wp-json\/wp\/v2\/categories?post=1878"},{"taxonomy":"post_tag","embeddable":true,"href":"https:\/\/ferienchalet-wallis.ch\/en\/wp-json\/wp\/v2\/tags?post=1878"}],"curies":[{"name":"wp","href":"https:\/\/api.w.org\/{rel}","templated":true}]}}