{"id":1905,"date":"2024-04-02T08:12:31","date_gmt":"2024-04-02T08:12:31","guid":{"rendered":"https:\/\/ferienchalet-wallis.ch\/?p=1905"},"modified":"2024-04-02T08:19:32","modified_gmt":"2024-04-02T08:19:32","slug":"saisonende-der-aletsch-arena-am-06-april-2024","status":"publish","type":"post","link":"https:\/\/ferienchalet-wallis.ch\/en\/saisonende-der-aletsch-arena-am-06-april-2024\/","title":{"rendered":"End of the Aletsch Arena season on April 06, 2024"},"content":{"rendered":"<style type=\"text\/css\" data-created_by=\"avia_inline_auto\" id=\"style-css-av-lui3dhi9-ce841ee30bd23ab82e277ca20e4e3750\">\n#top .av-special-heading.av-lui3dhi9-ce841ee30bd23ab82e277ca20e4e3750{\npadding-bottom:10px;\n}\nbody .av-special-heading.av-lui3dhi9-ce841ee30bd23ab82e277ca20e4e3750 .av-special-heading-tag .heading-char{\nfont-size:25px;\n}\n.av-special-heading.av-lui3dhi9-ce841ee30bd23ab82e277ca20e4e3750 .av-subheading{\nfont-size:15px;\n}\n<\/style>\n<div  class='av-special-heading av-lui3dhi9-ce841ee30bd23ab82e277ca20e4e3750 av-special-heading-h2  avia-builder-el-0  el_before_av_textblock  avia-builder-el-first'><h2 class='av-special-heading-tag'  itemprop=\"headline\"  >The winter season ends on the first weekend in April 2024<\/h2><div class=\"special-heading-border\"><div class=\"special-heading-inner-border\"><\/div><\/div><\/div>\n<section  class='av_textblock_section av-lui3kw7p-13c89079c356856f11fe9d8ba5139b2c'  itemscope=\"itemscope\" itemtype=\"https:\/\/schema.org\/BlogPosting\" itemprop=\"blogPost\" ><div class='avia_textblock'  itemprop=\"text\" ><p>It is what it is. Winter is as good as over, in the valley it has practically not happened. But there is plenty of snow on the mountains, with a current snow depth of 283 cm, including 24 cm of fresh snow. You can find out which lifts are already closed and which slopes are still open <a href=\"https:\/\/www.aletscharena.ch\/en\/live\/status-report\/winter\" target=\"_blank\" rel=\"noopener\">here<\/a>.<\/p>\n<h3>Live music with The Terrible Two<\/h3>\n<p>To round off the winter season, there will be a live concert with Dave &amp; JC from Terrible Two at the Albis Mountainrock Cafe on Bettmeralp on Saturday, April 6, 2024. This is not the first time the band has played there. Listen to a <a href=\"https:\/\/www.facebook.com\/100041689637244\/videos\/2757238527901884?__so__=permalink\" target=\"_blank\" rel=\"noopener\">sample of their music<\/a> and the atmosphere.<\/p>\n<h3>Season 2024 summary<\/h3>\n<p>The winter season has been unexpectedly good compared to last year. Despite the lack of snow in the Rhone Valley, enough snow has fallen in the Aletsch region of Valais. I hope you had as much fun as I did. Because the next winter is sure to come. Until then, let's all devote ourselves to other sports such as running and cycling or summer events such as lake and alpine festivals. Because summer is sure to come and with it the hiking season with great mountain panoramas. Every season has so much to offer. Exercise, entertainment and enjoying the little free time we have with family and good friends. I'm looking forward to my next post. Are you too?<\/p>\n<p><em>Der \u00dcstag chunnt \u00e4r laht nidd lugg, t\u00fcet warm durchs Land \u00fcs h\u00fcche<\/em><\/p>\n<\/div><\/section>\n<div class='flex_column av-8i19u9-495c854101ec4e25a109fca04d46ce7f av_one_half  avia-builder-el-2  el_after_av_textblock  avia-builder-el-last  first flex_column_div column-top-margin'   ><p><div  class='av-post-metadata-container av-7s726p-86d4e99332112ae06f56490e2e715283 av-metadata-container-align-left  avia-builder-el-3  el_before_av_social_share  avia-builder-el-first  av-metadata-container-1'><div class='av-post-metadata-container-inner'><span class=\"av-post-metadata-content av-post-metadata-meta-content\"><span class=\"av-post-metadata-content av-post-metadata-author\"  itemprop=\"author\" ><span class=\"av-metadata-before av-metadata-before-author\">of<\/span><span class=\"av-post-metadata-author-link\" ><a href=\"https:\/\/ferienchalet-wallis.ch\/en\/author\/wallisaar\/\"  rel=\"author\">WalliSaar<\/a><\/span><\/span><span class=\"av-post-metadata-content av-post-metadata-separator\">\/<\/span><span class=\"av-post-metadata-content av-post-metadata-published\"><span class=\"av-post-metadata-published-date\" >April 2, 2024<\/span><\/span><\/span><\/div><\/div><br \/>\n<div  class='av-social-sharing-box av-8e1dt-91f584fe4dbc7ff890e9ead1ad04d8cb av-social-sharing-box-circle  avia-builder-el-4  el_after_av_post_metadata  avia-builder-el-last  av-social-sharing-box-color-bg av-social-sharing-box-same-width'><div class=\"av-share-box\"><h5 class='av-share-link-description av-no-toc'>Share entry<\/h5><ul class=\"av-share-box-list noLightbox\"><li class='av-share-link av-social-link-whatsapp' ><a target=\"_blank\" aria-label=\"Share on WhatsApp\" href='https:\/\/api.whatsapp.com\/send?text=https:\/\/ferienchalet-wallis.ch\/en\/saisonende-der-aletsch-arena-am-06-april-2024\/' aria-hidden='false' data-av_icon='\uf232' data-av_iconfont='entypo-fontello' title='' data-avia-related-tooltip='Share on WhatsApp' rel=\"noopener\"><span class='avia_hidden_link_text'>Share on WhatsApp<\/span><\/a><\/li><\/ul><\/div><\/div><\/p><\/div>","protected":false},"excerpt":{"rendered":"","protected":false},"author":3,"featured_media":1386,"comment_status":"closed","ping_status":"closed","sticky":false,"template":"","format":"standard","meta":{"footnotes":""},"categories":[6,20],"tags":[],"class_list":["post-1905","post","type-post","status-publish","format-standard","has-post-thumbnail","hentry","category-aletsch","category-veranstaltungen"],"yoast_head":"<!-- This site is optimized with the Yoast SEO plugin v27.4 - https:\/\/yoast.com\/product\/yoast-seo-wordpress\/ -->\n<title>Saisonende der Aletsch Arena am 06. April 2024 - Bettmeralp und Riederalp<\/title>\n<meta name=\"description\" content=\"Das Ende der Wintersaison 2024 ist am 6. April. Zum Abschluss besuchen Sie doch das Live Konzert auf der Bettmeralp.\" \/>\n<meta name=\"robots\" content=\"index, follow, max-snippet:-1, max-image-preview:large, max-video-preview:-1\" \/>\n<link rel=\"canonical\" href=\"https:\/\/ferienchalet-wallis.ch\/en\/saisonende-der-aletsch-arena-am-06-april-2024\/\" \/>\n<meta property=\"og:locale\" content=\"en_GB\" \/>\n<meta property=\"og:type\" content=\"article\" \/>\n<meta property=\"og:title\" content=\"Saisonende der Aletsch Arena am 06. April 2024 - Bettmeralp und Riederalp\" \/>\n<meta property=\"og:description\" content=\"Das Ende der Wintersaison 2024 ist am 6. April. Zum Abschluss besuchen Sie doch das Live Konzert auf der Bettmeralp.\" \/>\n<meta property=\"og:url\" content=\"https:\/\/ferienchalet-wallis.ch\/en\/saisonende-der-aletsch-arena-am-06-april-2024\/\" \/>\n<meta property=\"og:site_name\" content=\"Bettmeralp und Riederalp\" \/>\n<meta property=\"article:published_time\" content=\"2024-04-02T08:12:31+00:00\" \/>\n<meta property=\"article:modified_time\" content=\"2024-04-02T08:19:32+00:00\" \/>\n<meta property=\"og:image\" content=\"https:\/\/ferienchalet-wallis.ch\/wp-content\/uploads\/2023\/02\/Winter_aletscharena-3-1600.jpg\" \/>\n\t<meta property=\"og:image:width\" content=\"1600\" \/>\n\t<meta property=\"og:image:height\" content=\"1065\" \/>\n\t<meta property=\"og:image:type\" content=\"image\/jpeg\" \/>\n<meta name=\"author\" content=\"WalliSaar\" \/>\n<meta name=\"twitter:card\" content=\"summary_large_image\" \/>\n<meta name=\"twitter:label1\" content=\"Written by\" \/>\n\t<meta name=\"twitter:data1\" content=\"WalliSaar\" \/>\n\t<meta name=\"twitter:label2\" content=\"Estimated reading time\" \/>\n\t<meta name=\"twitter:data2\" content=\"3 minutes\" \/>\n<script type=\"application\/ld+json\" class=\"yoast-schema-graph\">{\"@context\":\"https:\\\/\\\/schema.org\",\"@graph\":[{\"@type\":\"Article\",\"@id\":\"https:\\\/\\\/ferienchalet-wallis.ch\\\/de\\\/saisonende-der-aletsch-arena-am-06-april-2024\\\/#article\",\"isPartOf\":{\"@id\":\"https:\\\/\\\/ferienchalet-wallis.ch\\\/de\\\/saisonende-der-aletsch-arena-am-06-april-2024\\\/\"},\"author\":{\"name\":\"WalliSaar\",\"@id\":\"https:\\\/\\\/ferienchalet-wallis.ch\\\/#\\\/schema\\\/person\\\/18b3f062b0514bc953799175b9bfdd2b\"},\"headline\":\"Saisonende der Aletsch Arena am 06. April 2024\",\"datePublished\":\"2024-04-02T08:12:31+00:00\",\"dateModified\":\"2024-04-02T08:19:32+00:00\",\"mainEntityOfPage\":{\"@id\":\"https:\\\/\\\/ferienchalet-wallis.ch\\\/de\\\/saisonende-der-aletsch-arena-am-06-april-2024\\\/\"},\"wordCount\":697,\"publisher\":{\"@id\":\"https:\\\/\\\/ferienchalet-wallis.ch\\\/#organization\"},\"image\":{\"@id\":\"https:\\\/\\\/ferienchalet-wallis.ch\\\/de\\\/saisonende-der-aletsch-arena-am-06-april-2024\\\/#primaryimage\"},\"thumbnailUrl\":\"https:\\\/\\\/ferienchalet-wallis.ch\\\/wp-content\\\/uploads\\\/2023\\\/02\\\/Winter_aletscharena-3-1600.jpg\",\"articleSection\":[\"Aletsch\",\"Veranstaltungen\"],\"inLanguage\":\"en-GB\"},{\"@type\":\"WebPage\",\"@id\":\"https:\\\/\\\/ferienchalet-wallis.ch\\\/de\\\/saisonende-der-aletsch-arena-am-06-april-2024\\\/\",\"url\":\"https:\\\/\\\/ferienchalet-wallis.ch\\\/de\\\/saisonende-der-aletsch-arena-am-06-april-2024\\\/\",\"name\":\"Saisonende der Aletsch Arena am 06. April 2024 - Bettmeralp und Riederalp\",\"isPartOf\":{\"@id\":\"https:\\\/\\\/ferienchalet-wallis.ch\\\/#website\"},\"primaryImageOfPage\":{\"@id\":\"https:\\\/\\\/ferienchalet-wallis.ch\\\/de\\\/saisonende-der-aletsch-arena-am-06-april-2024\\\/#primaryimage\"},\"image\":{\"@id\":\"https:\\\/\\\/ferienchalet-wallis.ch\\\/de\\\/saisonende-der-aletsch-arena-am-06-april-2024\\\/#primaryimage\"},\"thumbnailUrl\":\"https:\\\/\\\/ferienchalet-wallis.ch\\\/wp-content\\\/uploads\\\/2023\\\/02\\\/Winter_aletscharena-3-1600.jpg\",\"datePublished\":\"2024-04-02T08:12:31+00:00\",\"dateModified\":\"2024-04-02T08:19:32+00:00\",\"description\":\"Das Ende der Wintersaison 2024 ist am 6. April. Zum Abschluss besuchen Sie doch das Live Konzert auf der Bettmeralp.\",\"breadcrumb\":{\"@id\":\"https:\\\/\\\/ferienchalet-wallis.ch\\\/de\\\/saisonende-der-aletsch-arena-am-06-april-2024\\\/#breadcrumb\"},\"inLanguage\":\"en-GB\",\"potentialAction\":[{\"@type\":\"ReadAction\",\"target\":[\"https:\\\/\\\/ferienchalet-wallis.ch\\\/de\\\/saisonende-der-aletsch-arena-am-06-april-2024\\\/\"]}]},{\"@type\":\"ImageObject\",\"inLanguage\":\"en-GB\",\"@id\":\"https:\\\/\\\/ferienchalet-wallis.ch\\\/de\\\/saisonende-der-aletsch-arena-am-06-april-2024\\\/#primaryimage\",\"url\":\"https:\\\/\\\/ferienchalet-wallis.ch\\\/wp-content\\\/uploads\\\/2023\\\/02\\\/Winter_aletscharena-3-1600.jpg\",\"contentUrl\":\"https:\\\/\\\/ferienchalet-wallis.ch\\\/wp-content\\\/uploads\\\/2023\\\/02\\\/Winter_aletscharena-3-1600.jpg\",\"width\":1600,\"height\":1065,\"caption\":\"Winter Aletsch Arena\"},{\"@type\":\"BreadcrumbList\",\"@id\":\"https:\\\/\\\/ferienchalet-wallis.ch\\\/de\\\/saisonende-der-aletsch-arena-am-06-april-2024\\\/#breadcrumb\",\"itemListElement\":[{\"@type\":\"ListItem\",\"position\":1,\"name\":\"Home\",\"item\":\"https:\\\/\\\/ferienchalet-wallis.ch\\\/\"},{\"@type\":\"ListItem\",\"position\":2,\"name\":\"Saisonende der Aletsch Arena am 06. April 2024\"}]},{\"@type\":\"WebSite\",\"@id\":\"https:\\\/\\\/ferienchalet-wallis.ch\\\/#website\",\"url\":\"https:\\\/\\\/ferienchalet-wallis.ch\\\/\",\"name\":\"Bettmeralp und Riederalp\",\"description\":\"Kranzfelder Markus\",\"publisher\":{\"@id\":\"https:\\\/\\\/ferienchalet-wallis.ch\\\/#organization\"},\"potentialAction\":[{\"@type\":\"SearchAction\",\"target\":{\"@type\":\"EntryPoint\",\"urlTemplate\":\"https:\\\/\\\/ferienchalet-wallis.ch\\\/?s={search_term_string}\"},\"query-input\":{\"@type\":\"PropertyValueSpecification\",\"valueRequired\":true,\"valueName\":\"search_term_string\"}}],\"inLanguage\":\"en-GB\"},{\"@type\":\"Organization\",\"@id\":\"https:\\\/\\\/ferienchalet-wallis.ch\\\/#organization\",\"name\":\"Liegenschaftsbetreuung \\\/ Vermietung \u2013 M. Kranzfelder\",\"url\":\"https:\\\/\\\/ferienchalet-wallis.ch\\\/\",\"logo\":{\"@type\":\"ImageObject\",\"inLanguage\":\"en-GB\",\"@id\":\"https:\\\/\\\/ferienchalet-wallis.ch\\\/#\\\/schema\\\/logo\\\/image\\\/\",\"url\":\"https:\\\/\\\/ferienchalet-wallis.ch\\\/wp-content\\\/uploads\\\/2022\\\/01\\\/Logo_Kranzfelder.png\",\"contentUrl\":\"https:\\\/\\\/ferienchalet-wallis.ch\\\/wp-content\\\/uploads\\\/2022\\\/01\\\/Logo_Kranzfelder.png\",\"width\":1526,\"height\":447,\"caption\":\"Liegenschaftsbetreuung \\\/ Vermietung \u2013 M. Kranzfelder\"},\"image\":{\"@id\":\"https:\\\/\\\/ferienchalet-wallis.ch\\\/#\\\/schema\\\/logo\\\/image\\\/\"}},{\"@type\":\"Person\",\"@id\":\"https:\\\/\\\/ferienchalet-wallis.ch\\\/#\\\/schema\\\/person\\\/18b3f062b0514bc953799175b9bfdd2b\",\"name\":\"WalliSaar\",\"image\":{\"@type\":\"ImageObject\",\"inLanguage\":\"en-GB\",\"@id\":\"https:\\\/\\\/secure.gravatar.com\\\/avatar\\\/1be7f9468eac0e02f655be9ab758a01ae5dc72d678841cc4898d463993c78d36?s=96&d=initials&r=g&initials=ru\",\"url\":\"https:\\\/\\\/secure.gravatar.com\\\/avatar\\\/1be7f9468eac0e02f655be9ab758a01ae5dc72d678841cc4898d463993c78d36?s=96&d=initials&r=g&initials=ru\",\"contentUrl\":\"https:\\\/\\\/secure.gravatar.com\\\/avatar\\\/1be7f9468eac0e02f655be9ab758a01ae5dc72d678841cc4898d463993c78d36?s=96&d=initials&r=g&initials=ru\",\"caption\":\"WalliSaar\"},\"description\":\"Mein Name ist Anja Ruch und ich schreibe die Blogbeitr\u00e4ge f\u00fcr das Ehepaar Markus &amp; Tabitha Kranzfelder. Der Name WalliSaar gr\u00fcndet sich auf meinen Wurzeln im Saarland und den neuen im Wallis. My name is Anja Ruch and I write the blog entries for the Markus &amp; Tabitha Kranzfelder couple. The name WalliSaar shows the connection to my old roots in Saarland and the new ones in Valais.\",\"sameAs\":[\"https:\\\/\\\/www.ferienchalet-wallis.ch\\\/blog\"],\"url\":\"https:\\\/\\\/ferienchalet-wallis.ch\\\/en\\\/author\\\/wallisaar\\\/\"}]}<\/script>\n<!-- \/ Yoast SEO plugin. -->","yoast_head_json":{"title":"Saisonende der Aletsch Arena am 06. April 2024 - Bettmeralp und Riederalp","description":"Das Ende der Wintersaison 2024 ist am 6. April. Zum Abschluss besuchen Sie doch das Live Konzert auf der Bettmeralp.","robots":{"index":"index","follow":"follow","max-snippet":"max-snippet:-1","max-image-preview":"max-image-preview:large","max-video-preview":"max-video-preview:-1"},"canonical":"https:\/\/ferienchalet-wallis.ch\/en\/saisonende-der-aletsch-arena-am-06-april-2024\/","og_locale":"en_GB","og_type":"article","og_title":"Saisonende der Aletsch Arena am 06. April 2024 - Bettmeralp und Riederalp","og_description":"Das Ende der Wintersaison 2024 ist am 6. April. Zum Abschluss besuchen Sie doch das Live Konzert auf der Bettmeralp.","og_url":"https:\/\/ferienchalet-wallis.ch\/en\/saisonende-der-aletsch-arena-am-06-april-2024\/","og_site_name":"Bettmeralp und Riederalp","article_published_time":"2024-04-02T08:12:31+00:00","article_modified_time":"2024-04-02T08:19:32+00:00","og_image":[{"width":1600,"height":1065,"url":"https:\/\/ferienchalet-wallis.ch\/wp-content\/uploads\/2023\/02\/Winter_aletscharena-3-1600.jpg","type":"image\/jpeg"}],"author":"WalliSaar","twitter_card":"summary_large_image","twitter_misc":{"Written by":"WalliSaar","Estimated reading time":"3 minutes"},"schema":{"@context":"https:\/\/schema.org","@graph":[{"@type":"Article","@id":"https:\/\/ferienchalet-wallis.ch\/de\/saisonende-der-aletsch-arena-am-06-april-2024\/#article","isPartOf":{"@id":"https:\/\/ferienchalet-wallis.ch\/de\/saisonende-der-aletsch-arena-am-06-april-2024\/"},"author":{"name":"WalliSaar","@id":"https:\/\/ferienchalet-wallis.ch\/#\/schema\/person\/18b3f062b0514bc953799175b9bfdd2b"},"headline":"Saisonende der Aletsch Arena am 06. April 2024","datePublished":"2024-04-02T08:12:31+00:00","dateModified":"2024-04-02T08:19:32+00:00","mainEntityOfPage":{"@id":"https:\/\/ferienchalet-wallis.ch\/de\/saisonende-der-aletsch-arena-am-06-april-2024\/"},"wordCount":697,"publisher":{"@id":"https:\/\/ferienchalet-wallis.ch\/#organization"},"image":{"@id":"https:\/\/ferienchalet-wallis.ch\/de\/saisonende-der-aletsch-arena-am-06-april-2024\/#primaryimage"},"thumbnailUrl":"https:\/\/ferienchalet-wallis.ch\/wp-content\/uploads\/2023\/02\/Winter_aletscharena-3-1600.jpg","articleSection":["Aletsch","Veranstaltungen"],"inLanguage":"en-GB"},{"@type":"WebPage","@id":"https:\/\/ferienchalet-wallis.ch\/de\/saisonende-der-aletsch-arena-am-06-april-2024\/","url":"https:\/\/ferienchalet-wallis.ch\/de\/saisonende-der-aletsch-arena-am-06-april-2024\/","name":"Saisonende der Aletsch Arena am 06. April 2024 - Bettmeralp und Riederalp","isPartOf":{"@id":"https:\/\/ferienchalet-wallis.ch\/#website"},"primaryImageOfPage":{"@id":"https:\/\/ferienchalet-wallis.ch\/de\/saisonende-der-aletsch-arena-am-06-april-2024\/#primaryimage"},"image":{"@id":"https:\/\/ferienchalet-wallis.ch\/de\/saisonende-der-aletsch-arena-am-06-april-2024\/#primaryimage"},"thumbnailUrl":"https:\/\/ferienchalet-wallis.ch\/wp-content\/uploads\/2023\/02\/Winter_aletscharena-3-1600.jpg","datePublished":"2024-04-02T08:12:31+00:00","dateModified":"2024-04-02T08:19:32+00:00","description":"Das Ende der Wintersaison 2024 ist am 6. April. Zum Abschluss besuchen Sie doch das Live Konzert auf der Bettmeralp.","breadcrumb":{"@id":"https:\/\/ferienchalet-wallis.ch\/de\/saisonende-der-aletsch-arena-am-06-april-2024\/#breadcrumb"},"inLanguage":"en-GB","potentialAction":[{"@type":"ReadAction","target":["https:\/\/ferienchalet-wallis.ch\/de\/saisonende-der-aletsch-arena-am-06-april-2024\/"]}]},{"@type":"ImageObject","inLanguage":"en-GB","@id":"https:\/\/ferienchalet-wallis.ch\/de\/saisonende-der-aletsch-arena-am-06-april-2024\/#primaryimage","url":"https:\/\/ferienchalet-wallis.ch\/wp-content\/uploads\/2023\/02\/Winter_aletscharena-3-1600.jpg","contentUrl":"https:\/\/ferienchalet-wallis.ch\/wp-content\/uploads\/2023\/02\/Winter_aletscharena-3-1600.jpg","width":1600,"height":1065,"caption":"Winter Aletsch Arena"},{"@type":"BreadcrumbList","@id":"https:\/\/ferienchalet-wallis.ch\/de\/saisonende-der-aletsch-arena-am-06-april-2024\/#breadcrumb","itemListElement":[{"@type":"ListItem","position":1,"name":"Home","item":"https:\/\/ferienchalet-wallis.ch\/"},{"@type":"ListItem","position":2,"name":"Saisonende der Aletsch Arena am 06. April 2024"}]},{"@type":"WebSite","@id":"https:\/\/ferienchalet-wallis.ch\/#website","url":"https:\/\/ferienchalet-wallis.ch\/","name":"Bettmeralp and Riederalp","description":"Kranzfelder Markus","publisher":{"@id":"https:\/\/ferienchalet-wallis.ch\/#organization"},"potentialAction":[{"@type":"SearchAction","target":{"@type":"EntryPoint","urlTemplate":"https:\/\/ferienchalet-wallis.ch\/?s={search_term_string}"},"query-input":{"@type":"PropertyValueSpecification","valueRequired":true,"valueName":"search_term_string"}}],"inLanguage":"en-GB"},{"@type":"Organization","@id":"https:\/\/ferienchalet-wallis.ch\/#organization","name":"Liegenschaftsbetreuung \/ Vermietung \u2013 M. Kranzfelder","url":"https:\/\/ferienchalet-wallis.ch\/","logo":{"@type":"ImageObject","inLanguage":"en-GB","@id":"https:\/\/ferienchalet-wallis.ch\/#\/schema\/logo\/image\/","url":"https:\/\/ferienchalet-wallis.ch\/wp-content\/uploads\/2022\/01\/Logo_Kranzfelder.png","contentUrl":"https:\/\/ferienchalet-wallis.ch\/wp-content\/uploads\/2022\/01\/Logo_Kranzfelder.png","width":1526,"height":447,"caption":"Liegenschaftsbetreuung \/ Vermietung \u2013 M. Kranzfelder"},"image":{"@id":"https:\/\/ferienchalet-wallis.ch\/#\/schema\/logo\/image\/"}},{"@type":"Person","@id":"https:\/\/ferienchalet-wallis.ch\/#\/schema\/person\/18b3f062b0514bc953799175b9bfdd2b","name":"WalliSaar","image":{"@type":"ImageObject","inLanguage":"en-GB","@id":"https:\/\/secure.gravatar.com\/avatar\/1be7f9468eac0e02f655be9ab758a01ae5dc72d678841cc4898d463993c78d36?s=96&d=initials&r=g&initials=ru","url":"https:\/\/secure.gravatar.com\/avatar\/1be7f9468eac0e02f655be9ab758a01ae5dc72d678841cc4898d463993c78d36?s=96&d=initials&r=g&initials=ru","contentUrl":"https:\/\/secure.gravatar.com\/avatar\/1be7f9468eac0e02f655be9ab758a01ae5dc72d678841cc4898d463993c78d36?s=96&d=initials&r=g&initials=ru","caption":"WalliSaar"},"description":"Mein Name ist Anja Ruch und ich schreibe die Blogbeitr\u00e4ge f\u00fcr das Ehepaar Markus &amp; Tabitha Kranzfelder. Der Name WalliSaar gr\u00fcndet sich auf meinen Wurzeln im Saarland und den neuen im Wallis. My name is Anja Ruch and I write the blog entries for the Markus &amp; Tabitha Kranzfelder couple. The name WalliSaar shows the connection to my old roots in Saarland and the new ones in Valais.","sameAs":["https:\/\/www.ferienchalet-wallis.ch\/blog"],"url":"https:\/\/ferienchalet-wallis.ch\/en\/author\/wallisaar\/"}]}},"_links":{"self":[{"href":"https:\/\/ferienchalet-wallis.ch\/en\/wp-json\/wp\/v2\/posts\/1905","targetHints":{"allow":["GET"]}}],"collection":[{"href":"https:\/\/ferienchalet-wallis.ch\/en\/wp-json\/wp\/v2\/posts"}],"about":[{"href":"https:\/\/ferienchalet-wallis.ch\/en\/wp-json\/wp\/v2\/types\/post"}],"author":[{"embeddable":true,"href":"https:\/\/ferienchalet-wallis.ch\/en\/wp-json\/wp\/v2\/users\/3"}],"replies":[{"embeddable":true,"href":"https:\/\/ferienchalet-wallis.ch\/en\/wp-json\/wp\/v2\/comments?post=1905"}],"version-history":[{"count":4,"href":"https:\/\/ferienchalet-wallis.ch\/en\/wp-json\/wp\/v2\/posts\/1905\/revisions"}],"predecessor-version":[{"id":1909,"href":"https:\/\/ferienchalet-wallis.ch\/en\/wp-json\/wp\/v2\/posts\/1905\/revisions\/1909"}],"wp:featuredmedia":[{"embeddable":true,"href":"https:\/\/ferienchalet-wallis.ch\/en\/wp-json\/wp\/v2\/media\/1386"}],"wp:attachment":[{"href":"https:\/\/ferienchalet-wallis.ch\/en\/wp-json\/wp\/v2\/media?parent=1905"}],"wp:term":[{"taxonomy":"category","embeddable":true,"href":"https:\/\/ferienchalet-wallis.ch\/en\/wp-json\/wp\/v2\/categories?post=1905"},{"taxonomy":"post_tag","embeddable":true,"href":"https:\/\/ferienchalet-wallis.ch\/en\/wp-json\/wp\/v2\/tags?post=1905"}],"curies":[{"name":"wp","href":"https:\/\/api.w.org\/{rel}","templated":true}]}}