{"id":1997,"date":"2024-06-04T08:41:11","date_gmt":"2024-06-04T08:41:11","guid":{"rendered":"https:\/\/ferienchalet-wallis.ch\/?p=1997"},"modified":"2024-07-02T08:34:49","modified_gmt":"2024-07-02T08:34:49","slug":"flowtrail-wurzenbord","status":"publish","type":"post","link":"https:\/\/ferienchalet-wallis.ch\/en\/flowtrail-wurzenbord\/","title":{"rendered":"Kids Flowtrail Race 2024 on June 15, 2024"},"content":{"rendered":"<style type=\"text\/css\" data-created_by=\"avia_inline_auto\" id=\"style-css-av-lx04cknt-17dcbc05afa13426b97bc6d87c866b2a\">\n#top .av-special-heading.av-lx04cknt-17dcbc05afa13426b97bc6d87c866b2a{\npadding-bottom:10px;\n}\nbody .av-special-heading.av-lx04cknt-17dcbc05afa13426b97bc6d87c866b2a .av-special-heading-tag .heading-char{\nfont-size:25px;\n}\n.av-special-heading.av-lx04cknt-17dcbc05afa13426b97bc6d87c866b2a .av-subheading{\nfont-size:15px;\n}\n<\/style>\n<div  class='av-special-heading av-lx04cknt-17dcbc05afa13426b97bc6d87c866b2a av-special-heading-h2  avia-builder-el-0  el_before_av_textblock  avia-builder-el-first'><h2 class='av-special-heading-tag'  itemprop=\"headline\"  >The Bike Downhill Grand Prix for kids<\/h2><div class=\"special-heading-border\"><div class=\"special-heading-inner-border\"><\/div><\/div><\/div>\n<section  class='av_textblock_section av-lx054o90-41b1b20674ef7e98b64271be0df30db4'  itemscope=\"itemscope\" itemtype=\"https:\/\/schema.org\/BlogPosting\" itemprop=\"blogPost\" ><div class='avia_textblock'  itemprop=\"text\" ><p>The Kids Flowtrail Race takes place every year on Bettmeralp on the Wurzenbord flow trail, which was specially created for mountain bikers. This downhill bike event for children is organized by the Rhonebiker, among others, where you can also register your child for the <a href=\"https:\/\/www.rhonebiker.info\/event-details\/kidsflowtrailrace-bettmeralp-2024\" target=\"_blank\" rel=\"noopener\">race.<\/a> Find out about the program and <a href=\"https:\/\/youtu.be\/ALhLI5cezGc\" target=\"_blank\" rel=\"noopener\">impressions from the young bikers<\/a> regarding the race track.<\/p>\n<h3>flow trail<\/h3>\n<p>The trail has a length of 3 km with a difference in altitude of 260 m. It can also be used in the summer season, for practicing or just for fun. A flow trail is a flowing bike route that is not as demanding as a downhill route. It is just as winding, but not as steep. Nevertheless, you will find small to medium jumps on a flow trail. Young children should always be accompanied by an adult. The flow trail is suitable for mountain bike beginners and families with children. The Wurzenbord flow trail is just one of many bike tours in the Aletsch region. You can download a bike map with all the tours in the Upper Valais free of charge <a href=\"https:\/\/www.aletscharena.ch\/fileadmin\/Mediendatenbank\/Dokumente\/Aletsch_Arena_AG\/Prospekte\/Bikekarte-2023.pdf\" target=\"_blank\" rel=\"noopener\">here<\/a>.<\/p>\n<p><em>\u00c4s git kei letschti Abfahrt<\/em><\/p>\n<\/div><\/section>\n<div class='flex_column av-9kv5zh-4771fe10632cb367a4ae9b750a502d29 av_one_half  avia-builder-el-2  el_after_av_textblock  avia-builder-el-last  first flex_column_div column-top-margin'   ><p><div  class='av-post-metadata-container av-7agk59-b670df6d38ba91937cf4f92a9794519f av-metadata-container-align-left  avia-builder-el-3  el_before_av_social_share  avia-builder-el-first  av-metadata-container-1'><div class='av-post-metadata-container-inner'><span class=\"av-post-metadata-content av-post-metadata-meta-content\"><span class=\"av-post-metadata-content av-post-metadata-author\"  itemprop=\"author\" ><span class=\"av-metadata-before av-metadata-before-author\">of<\/span><span class=\"av-post-metadata-author-link\" ><a href=\"https:\/\/ferienchalet-wallis.ch\/en\/author\/wallisaar\/\"  rel=\"author\">WalliSaar<\/a><\/span><\/span><span class=\"av-post-metadata-content av-post-metadata-separator\">\/<\/span><span class=\"av-post-metadata-content av-post-metadata-published\"><span class=\"av-post-metadata-published-date\" >June 4, 2024<\/span><\/span><\/span><\/div><\/div><br \/>\n<div  class='av-social-sharing-box av-24lvy5-fef3ead837e701dcc3f31629a16e80b6 av-social-sharing-box-circle  avia-builder-el-4  el_after_av_post_metadata  avia-builder-el-last  av-social-sharing-box-color-bg av-social-sharing-box-same-width'><div class=\"av-share-box\"><h5 class='av-share-link-description av-no-toc'>Share entry<\/h5><ul class=\"av-share-box-list noLightbox\"><li class='av-share-link av-social-link-whatsapp' ><a target=\"_blank\" aria-label=\"Share on WhatsApp\" href='https:\/\/api.whatsapp.com\/send?text=https:\/\/ferienchalet-wallis.ch\/en\/flowtrail-wurzenbord\/' aria-hidden='false' data-av_icon='\uf232' data-av_iconfont='entypo-fontello' title='' data-avia-related-tooltip='Share on WhatsApp' rel=\"noopener\"><span class='avia_hidden_link_text'>Share on WhatsApp<\/span><\/a><\/li><\/ul><\/div><\/div><\/p><\/div>","protected":false},"excerpt":{"rendered":"","protected":false},"author":3,"featured_media":1998,"comment_status":"closed","ping_status":"closed","sticky":false,"template":"","format":"standard","meta":{"footnotes":""},"categories":[6,8,17,15],"tags":[],"class_list":["post-1997","post","type-post","status-publish","format-standard","has-post-thumbnail","hentry","category-aletsch","category-bettmeralp","category-kinder","category-mountainbike-mtb"],"yoast_head":"<!-- This site is optimized with the Yoast SEO plugin v27.4 - https:\/\/yoast.com\/product\/yoast-seo-wordpress\/ -->\n<title>Kids Flowtrail Race 2024 am 15. Juni 2024 - Bettmeralp und Riederalp<\/title>\n<meta name=\"description\" content=\"Am 15. Juni 2024 findet der Kids Flowtrail Race auf der Bettmeralp statt. Verl\u00e4ngertes Wochenende buchen mit \u00dcbernachtungsm\u00f6glichkeit.\" \/>\n<meta name=\"robots\" content=\"index, follow, max-snippet:-1, max-image-preview:large, max-video-preview:-1\" \/>\n<link rel=\"canonical\" href=\"https:\/\/ferienchalet-wallis.ch\/en\/flowtrail-wurzenbord\/\" \/>\n<meta property=\"og:locale\" content=\"en_GB\" \/>\n<meta property=\"og:type\" content=\"article\" \/>\n<meta property=\"og:title\" content=\"Kids Flowtrail Race 2024 am 15. Juni 2024 - Bettmeralp und Riederalp\" \/>\n<meta property=\"og:description\" content=\"Am 15. Juni 2024 findet der Kids Flowtrail Race auf der Bettmeralp statt. Verl\u00e4ngertes Wochenende buchen mit \u00dcbernachtungsm\u00f6glichkeit.\" \/>\n<meta property=\"og:url\" content=\"https:\/\/ferienchalet-wallis.ch\/en\/flowtrail-wurzenbord\/\" \/>\n<meta property=\"og:site_name\" content=\"Bettmeralp und Riederalp\" \/>\n<meta property=\"article:published_time\" content=\"2024-06-04T08:41:11+00:00\" \/>\n<meta property=\"article:modified_time\" content=\"2024-07-02T08:34:49+00:00\" \/>\n<meta property=\"og:image\" content=\"https:\/\/ferienchalet-wallis.ch\/wp-content\/uploads\/2024\/06\/flowtrail-wurzenbord-bettmeralp.jpg\" \/>\n\t<meta property=\"og:image:width\" content=\"1600\" \/>\n\t<meta property=\"og:image:height\" content=\"1066\" \/>\n\t<meta property=\"og:image:type\" content=\"image\/jpeg\" \/>\n<meta name=\"author\" content=\"WalliSaar\" \/>\n<meta name=\"twitter:card\" content=\"summary_large_image\" \/>\n<meta name=\"twitter:label1\" content=\"Written by\" \/>\n\t<meta name=\"twitter:data1\" content=\"WalliSaar\" \/>\n\t<meta name=\"twitter:label2\" content=\"Estimated reading time\" \/>\n\t<meta name=\"twitter:data2\" content=\"3 minutes\" \/>\n<script type=\"application\/ld+json\" class=\"yoast-schema-graph\">{\"@context\":\"https:\\\/\\\/schema.org\",\"@graph\":[{\"@type\":\"Article\",\"@id\":\"https:\\\/\\\/ferienchalet-wallis.ch\\\/flowtrail-wurzenbord\\\/#article\",\"isPartOf\":{\"@id\":\"https:\\\/\\\/ferienchalet-wallis.ch\\\/flowtrail-wurzenbord\\\/\"},\"author\":{\"name\":\"WalliSaar\",\"@id\":\"https:\\\/\\\/ferienchalet-wallis.ch\\\/#\\\/schema\\\/person\\\/18b3f062b0514bc953799175b9bfdd2b\"},\"headline\":\"Kids Flowtrail Race 2024 am 15. Juni 2024\",\"datePublished\":\"2024-06-04T08:41:11+00:00\",\"dateModified\":\"2024-07-02T08:34:49+00:00\",\"mainEntityOfPage\":{\"@id\":\"https:\\\/\\\/ferienchalet-wallis.ch\\\/flowtrail-wurzenbord\\\/\"},\"wordCount\":649,\"publisher\":{\"@id\":\"https:\\\/\\\/ferienchalet-wallis.ch\\\/#organization\"},\"image\":{\"@id\":\"https:\\\/\\\/ferienchalet-wallis.ch\\\/flowtrail-wurzenbord\\\/#primaryimage\"},\"thumbnailUrl\":\"https:\\\/\\\/ferienchalet-wallis.ch\\\/wp-content\\\/uploads\\\/2024\\\/06\\\/flowtrail-wurzenbord-bettmeralp.jpg\",\"articleSection\":[\"Aletsch\",\"Bettmeralp\",\"Kinder\",\"Mountainbike MTB\"],\"inLanguage\":\"en-GB\"},{\"@type\":\"WebPage\",\"@id\":\"https:\\\/\\\/ferienchalet-wallis.ch\\\/flowtrail-wurzenbord\\\/\",\"url\":\"https:\\\/\\\/ferienchalet-wallis.ch\\\/flowtrail-wurzenbord\\\/\",\"name\":\"Kids Flowtrail Race 2024 am 15. Juni 2024 - Bettmeralp und Riederalp\",\"isPartOf\":{\"@id\":\"https:\\\/\\\/ferienchalet-wallis.ch\\\/#website\"},\"primaryImageOfPage\":{\"@id\":\"https:\\\/\\\/ferienchalet-wallis.ch\\\/flowtrail-wurzenbord\\\/#primaryimage\"},\"image\":{\"@id\":\"https:\\\/\\\/ferienchalet-wallis.ch\\\/flowtrail-wurzenbord\\\/#primaryimage\"},\"thumbnailUrl\":\"https:\\\/\\\/ferienchalet-wallis.ch\\\/wp-content\\\/uploads\\\/2024\\\/06\\\/flowtrail-wurzenbord-bettmeralp.jpg\",\"datePublished\":\"2024-06-04T08:41:11+00:00\",\"dateModified\":\"2024-07-02T08:34:49+00:00\",\"description\":\"Am 15. Juni 2024 findet der Kids Flowtrail Race auf der Bettmeralp statt. Verl\u00e4ngertes Wochenende buchen mit \u00dcbernachtungsm\u00f6glichkeit.\",\"breadcrumb\":{\"@id\":\"https:\\\/\\\/ferienchalet-wallis.ch\\\/flowtrail-wurzenbord\\\/#breadcrumb\"},\"inLanguage\":\"en-GB\",\"potentialAction\":[{\"@type\":\"ReadAction\",\"target\":[\"https:\\\/\\\/ferienchalet-wallis.ch\\\/flowtrail-wurzenbord\\\/\"]}]},{\"@type\":\"ImageObject\",\"inLanguage\":\"en-GB\",\"@id\":\"https:\\\/\\\/ferienchalet-wallis.ch\\\/flowtrail-wurzenbord\\\/#primaryimage\",\"url\":\"https:\\\/\\\/ferienchalet-wallis.ch\\\/wp-content\\\/uploads\\\/2024\\\/06\\\/flowtrail-wurzenbord-bettmeralp.jpg\",\"contentUrl\":\"https:\\\/\\\/ferienchalet-wallis.ch\\\/wp-content\\\/uploads\\\/2024\\\/06\\\/flowtrail-wurzenbord-bettmeralp.jpg\",\"width\":1600,\"height\":1066},{\"@type\":\"BreadcrumbList\",\"@id\":\"https:\\\/\\\/ferienchalet-wallis.ch\\\/flowtrail-wurzenbord\\\/#breadcrumb\",\"itemListElement\":[{\"@type\":\"ListItem\",\"position\":1,\"name\":\"Home\",\"item\":\"https:\\\/\\\/ferienchalet-wallis.ch\\\/\"},{\"@type\":\"ListItem\",\"position\":2,\"name\":\"Kids Flowtrail Race 2024 am 15. Juni 2024\"}]},{\"@type\":\"WebSite\",\"@id\":\"https:\\\/\\\/ferienchalet-wallis.ch\\\/#website\",\"url\":\"https:\\\/\\\/ferienchalet-wallis.ch\\\/\",\"name\":\"Bettmeralp und Riederalp\",\"description\":\"Kranzfelder Markus\",\"publisher\":{\"@id\":\"https:\\\/\\\/ferienchalet-wallis.ch\\\/#organization\"},\"potentialAction\":[{\"@type\":\"SearchAction\",\"target\":{\"@type\":\"EntryPoint\",\"urlTemplate\":\"https:\\\/\\\/ferienchalet-wallis.ch\\\/?s={search_term_string}\"},\"query-input\":{\"@type\":\"PropertyValueSpecification\",\"valueRequired\":true,\"valueName\":\"search_term_string\"}}],\"inLanguage\":\"en-GB\"},{\"@type\":\"Organization\",\"@id\":\"https:\\\/\\\/ferienchalet-wallis.ch\\\/#organization\",\"name\":\"Liegenschaftsbetreuung \\\/ Vermietung \u2013 M. Kranzfelder\",\"url\":\"https:\\\/\\\/ferienchalet-wallis.ch\\\/\",\"logo\":{\"@type\":\"ImageObject\",\"inLanguage\":\"en-GB\",\"@id\":\"https:\\\/\\\/ferienchalet-wallis.ch\\\/#\\\/schema\\\/logo\\\/image\\\/\",\"url\":\"https:\\\/\\\/ferienchalet-wallis.ch\\\/wp-content\\\/uploads\\\/2022\\\/01\\\/Logo_Kranzfelder.png\",\"contentUrl\":\"https:\\\/\\\/ferienchalet-wallis.ch\\\/wp-content\\\/uploads\\\/2022\\\/01\\\/Logo_Kranzfelder.png\",\"width\":1526,\"height\":447,\"caption\":\"Liegenschaftsbetreuung \\\/ Vermietung \u2013 M. Kranzfelder\"},\"image\":{\"@id\":\"https:\\\/\\\/ferienchalet-wallis.ch\\\/#\\\/schema\\\/logo\\\/image\\\/\"}},{\"@type\":\"Person\",\"@id\":\"https:\\\/\\\/ferienchalet-wallis.ch\\\/#\\\/schema\\\/person\\\/18b3f062b0514bc953799175b9bfdd2b\",\"name\":\"WalliSaar\",\"image\":{\"@type\":\"ImageObject\",\"inLanguage\":\"en-GB\",\"@id\":\"https:\\\/\\\/secure.gravatar.com\\\/avatar\\\/1be7f9468eac0e02f655be9ab758a01ae5dc72d678841cc4898d463993c78d36?s=96&d=initials&r=g&initials=ru\",\"url\":\"https:\\\/\\\/secure.gravatar.com\\\/avatar\\\/1be7f9468eac0e02f655be9ab758a01ae5dc72d678841cc4898d463993c78d36?s=96&d=initials&r=g&initials=ru\",\"contentUrl\":\"https:\\\/\\\/secure.gravatar.com\\\/avatar\\\/1be7f9468eac0e02f655be9ab758a01ae5dc72d678841cc4898d463993c78d36?s=96&d=initials&r=g&initials=ru\",\"caption\":\"WalliSaar\"},\"description\":\"Mein Name ist Anja Ruch und ich schreibe die Blogbeitr\u00e4ge f\u00fcr das Ehepaar Markus &amp; Tabitha Kranzfelder. Der Name WalliSaar gr\u00fcndet sich auf meinen Wurzeln im Saarland und den neuen im Wallis. My name is Anja Ruch and I write the blog entries for the Markus &amp; Tabitha Kranzfelder couple. The name WalliSaar shows the connection to my old roots in Saarland and the new ones in Valais.\",\"sameAs\":[\"https:\\\/\\\/www.ferienchalet-wallis.ch\\\/blog\"],\"url\":\"https:\\\/\\\/ferienchalet-wallis.ch\\\/en\\\/author\\\/wallisaar\\\/\"}]}<\/script>\n<!-- \/ Yoast SEO plugin. -->","yoast_head_json":{"title":"Kids Flowtrail Race 2024 am 15. Juni 2024 - Bettmeralp und Riederalp","description":"Am 15. Juni 2024 findet der Kids Flowtrail Race auf der Bettmeralp statt. Verl\u00e4ngertes Wochenende buchen mit \u00dcbernachtungsm\u00f6glichkeit.","robots":{"index":"index","follow":"follow","max-snippet":"max-snippet:-1","max-image-preview":"max-image-preview:large","max-video-preview":"max-video-preview:-1"},"canonical":"https:\/\/ferienchalet-wallis.ch\/en\/flowtrail-wurzenbord\/","og_locale":"en_GB","og_type":"article","og_title":"Kids Flowtrail Race 2024 am 15. Juni 2024 - Bettmeralp und Riederalp","og_description":"Am 15. Juni 2024 findet der Kids Flowtrail Race auf der Bettmeralp statt. Verl\u00e4ngertes Wochenende buchen mit \u00dcbernachtungsm\u00f6glichkeit.","og_url":"https:\/\/ferienchalet-wallis.ch\/en\/flowtrail-wurzenbord\/","og_site_name":"Bettmeralp und Riederalp","article_published_time":"2024-06-04T08:41:11+00:00","article_modified_time":"2024-07-02T08:34:49+00:00","og_image":[{"width":1600,"height":1066,"url":"https:\/\/ferienchalet-wallis.ch\/wp-content\/uploads\/2024\/06\/flowtrail-wurzenbord-bettmeralp.jpg","type":"image\/jpeg"}],"author":"WalliSaar","twitter_card":"summary_large_image","twitter_misc":{"Written by":"WalliSaar","Estimated reading time":"3 minutes"},"schema":{"@context":"https:\/\/schema.org","@graph":[{"@type":"Article","@id":"https:\/\/ferienchalet-wallis.ch\/flowtrail-wurzenbord\/#article","isPartOf":{"@id":"https:\/\/ferienchalet-wallis.ch\/flowtrail-wurzenbord\/"},"author":{"name":"WalliSaar","@id":"https:\/\/ferienchalet-wallis.ch\/#\/schema\/person\/18b3f062b0514bc953799175b9bfdd2b"},"headline":"Kids Flowtrail Race 2024 am 15. Juni 2024","datePublished":"2024-06-04T08:41:11+00:00","dateModified":"2024-07-02T08:34:49+00:00","mainEntityOfPage":{"@id":"https:\/\/ferienchalet-wallis.ch\/flowtrail-wurzenbord\/"},"wordCount":649,"publisher":{"@id":"https:\/\/ferienchalet-wallis.ch\/#organization"},"image":{"@id":"https:\/\/ferienchalet-wallis.ch\/flowtrail-wurzenbord\/#primaryimage"},"thumbnailUrl":"https:\/\/ferienchalet-wallis.ch\/wp-content\/uploads\/2024\/06\/flowtrail-wurzenbord-bettmeralp.jpg","articleSection":["Aletsch","Bettmeralp","Kinder","Mountainbike MTB"],"inLanguage":"en-GB"},{"@type":"WebPage","@id":"https:\/\/ferienchalet-wallis.ch\/flowtrail-wurzenbord\/","url":"https:\/\/ferienchalet-wallis.ch\/flowtrail-wurzenbord\/","name":"Kids Flowtrail Race 2024 am 15. Juni 2024 - Bettmeralp und Riederalp","isPartOf":{"@id":"https:\/\/ferienchalet-wallis.ch\/#website"},"primaryImageOfPage":{"@id":"https:\/\/ferienchalet-wallis.ch\/flowtrail-wurzenbord\/#primaryimage"},"image":{"@id":"https:\/\/ferienchalet-wallis.ch\/flowtrail-wurzenbord\/#primaryimage"},"thumbnailUrl":"https:\/\/ferienchalet-wallis.ch\/wp-content\/uploads\/2024\/06\/flowtrail-wurzenbord-bettmeralp.jpg","datePublished":"2024-06-04T08:41:11+00:00","dateModified":"2024-07-02T08:34:49+00:00","description":"Am 15. Juni 2024 findet der Kids Flowtrail Race auf der Bettmeralp statt. Verl\u00e4ngertes Wochenende buchen mit \u00dcbernachtungsm\u00f6glichkeit.","breadcrumb":{"@id":"https:\/\/ferienchalet-wallis.ch\/flowtrail-wurzenbord\/#breadcrumb"},"inLanguage":"en-GB","potentialAction":[{"@type":"ReadAction","target":["https:\/\/ferienchalet-wallis.ch\/flowtrail-wurzenbord\/"]}]},{"@type":"ImageObject","inLanguage":"en-GB","@id":"https:\/\/ferienchalet-wallis.ch\/flowtrail-wurzenbord\/#primaryimage","url":"https:\/\/ferienchalet-wallis.ch\/wp-content\/uploads\/2024\/06\/flowtrail-wurzenbord-bettmeralp.jpg","contentUrl":"https:\/\/ferienchalet-wallis.ch\/wp-content\/uploads\/2024\/06\/flowtrail-wurzenbord-bettmeralp.jpg","width":1600,"height":1066},{"@type":"BreadcrumbList","@id":"https:\/\/ferienchalet-wallis.ch\/flowtrail-wurzenbord\/#breadcrumb","itemListElement":[{"@type":"ListItem","position":1,"name":"Home","item":"https:\/\/ferienchalet-wallis.ch\/"},{"@type":"ListItem","position":2,"name":"Kids Flowtrail Race 2024 am 15. Juni 2024"}]},{"@type":"WebSite","@id":"https:\/\/ferienchalet-wallis.ch\/#website","url":"https:\/\/ferienchalet-wallis.ch\/","name":"Bettmeralp and Riederalp","description":"Kranzfelder Markus","publisher":{"@id":"https:\/\/ferienchalet-wallis.ch\/#organization"},"potentialAction":[{"@type":"SearchAction","target":{"@type":"EntryPoint","urlTemplate":"https:\/\/ferienchalet-wallis.ch\/?s={search_term_string}"},"query-input":{"@type":"PropertyValueSpecification","valueRequired":true,"valueName":"search_term_string"}}],"inLanguage":"en-GB"},{"@type":"Organization","@id":"https:\/\/ferienchalet-wallis.ch\/#organization","name":"Liegenschaftsbetreuung \/ Vermietung \u2013 M. Kranzfelder","url":"https:\/\/ferienchalet-wallis.ch\/","logo":{"@type":"ImageObject","inLanguage":"en-GB","@id":"https:\/\/ferienchalet-wallis.ch\/#\/schema\/logo\/image\/","url":"https:\/\/ferienchalet-wallis.ch\/wp-content\/uploads\/2022\/01\/Logo_Kranzfelder.png","contentUrl":"https:\/\/ferienchalet-wallis.ch\/wp-content\/uploads\/2022\/01\/Logo_Kranzfelder.png","width":1526,"height":447,"caption":"Liegenschaftsbetreuung \/ Vermietung \u2013 M. Kranzfelder"},"image":{"@id":"https:\/\/ferienchalet-wallis.ch\/#\/schema\/logo\/image\/"}},{"@type":"Person","@id":"https:\/\/ferienchalet-wallis.ch\/#\/schema\/person\/18b3f062b0514bc953799175b9bfdd2b","name":"WalliSaar","image":{"@type":"ImageObject","inLanguage":"en-GB","@id":"https:\/\/secure.gravatar.com\/avatar\/1be7f9468eac0e02f655be9ab758a01ae5dc72d678841cc4898d463993c78d36?s=96&d=initials&r=g&initials=ru","url":"https:\/\/secure.gravatar.com\/avatar\/1be7f9468eac0e02f655be9ab758a01ae5dc72d678841cc4898d463993c78d36?s=96&d=initials&r=g&initials=ru","contentUrl":"https:\/\/secure.gravatar.com\/avatar\/1be7f9468eac0e02f655be9ab758a01ae5dc72d678841cc4898d463993c78d36?s=96&d=initials&r=g&initials=ru","caption":"WalliSaar"},"description":"Mein Name ist Anja Ruch und ich schreibe die Blogbeitr\u00e4ge f\u00fcr das Ehepaar Markus &amp; Tabitha Kranzfelder. Der Name WalliSaar gr\u00fcndet sich auf meinen Wurzeln im Saarland und den neuen im Wallis. My name is Anja Ruch and I write the blog entries for the Markus &amp; Tabitha Kranzfelder couple. The name WalliSaar shows the connection to my old roots in Saarland and the new ones in Valais.","sameAs":["https:\/\/www.ferienchalet-wallis.ch\/blog"],"url":"https:\/\/ferienchalet-wallis.ch\/en\/author\/wallisaar\/"}]}},"_links":{"self":[{"href":"https:\/\/ferienchalet-wallis.ch\/en\/wp-json\/wp\/v2\/posts\/1997","targetHints":{"allow":["GET"]}}],"collection":[{"href":"https:\/\/ferienchalet-wallis.ch\/en\/wp-json\/wp\/v2\/posts"}],"about":[{"href":"https:\/\/ferienchalet-wallis.ch\/en\/wp-json\/wp\/v2\/types\/post"}],"author":[{"embeddable":true,"href":"https:\/\/ferienchalet-wallis.ch\/en\/wp-json\/wp\/v2\/users\/3"}],"replies":[{"embeddable":true,"href":"https:\/\/ferienchalet-wallis.ch\/en\/wp-json\/wp\/v2\/comments?post=1997"}],"version-history":[{"count":2,"href":"https:\/\/ferienchalet-wallis.ch\/en\/wp-json\/wp\/v2\/posts\/1997\/revisions"}],"predecessor-version":[{"id":2000,"href":"https:\/\/ferienchalet-wallis.ch\/en\/wp-json\/wp\/v2\/posts\/1997\/revisions\/2000"}],"wp:featuredmedia":[{"embeddable":true,"href":"https:\/\/ferienchalet-wallis.ch\/en\/wp-json\/wp\/v2\/media\/1998"}],"wp:attachment":[{"href":"https:\/\/ferienchalet-wallis.ch\/en\/wp-json\/wp\/v2\/media?parent=1997"}],"wp:term":[{"taxonomy":"category","embeddable":true,"href":"https:\/\/ferienchalet-wallis.ch\/en\/wp-json\/wp\/v2\/categories?post=1997"},{"taxonomy":"post_tag","embeddable":true,"href":"https:\/\/ferienchalet-wallis.ch\/en\/wp-json\/wp\/v2\/tags?post=1997"}],"curies":[{"name":"wp","href":"https:\/\/api.w.org\/{rel}","templated":true}]}}