{"id":2027,"date":"2024-07-02T09:41:11","date_gmt":"2024-07-02T09:41:11","guid":{"rendered":"https:\/\/ferienchalet-wallis.ch\/?p=2027"},"modified":"2024-07-02T09:43:04","modified_gmt":"2024-07-02T09:43:04","slug":"uci-mtb-enduro-world-cup-als-ansporn","status":"publish","type":"post","link":"https:\/\/ferienchalet-wallis.ch\/en\/uci-mtb-enduro-world-cup-als-ansporn\/","title":{"rendered":"UCI MTB Enduro World Cup as an incentive"},"content":{"rendered":"<style type=\"text\/css\" data-created_by=\"avia_inline_auto\" id=\"style-css-av-ly47ia2h-83417f3d2aab447683ab372b63465ef9\">\n#top .av-special-heading.av-ly47ia2h-83417f3d2aab447683ab372b63465ef9{\npadding-bottom:10px;\n}\nbody .av-special-heading.av-ly47ia2h-83417f3d2aab447683ab372b63465ef9 .av-special-heading-tag .heading-char{\nfont-size:25px;\n}\n.av-special-heading.av-ly47ia2h-83417f3d2aab447683ab372b63465ef9 .av-subheading{\nfont-size:15px;\n}\n<\/style>\n<div  class='av-special-heading av-ly47ia2h-83417f3d2aab447683ab372b63465ef9 av-special-heading-h2  avia-builder-el-0  el_before_av_textblock  avia-builder-el-first'><h2 class='av-special-heading-tag'  itemprop=\"headline\"  >MTB event from 12 July to 14 July 2024<\/h2><div class=\"special-heading-border\"><div class=\"special-heading-inner-border\"><\/div><\/div><\/div>\n<section  class='av_textblock_section av-ly47trx0-66ece528022c4c830e836bc8104b1ef6'  itemscope=\"itemscope\" itemtype=\"https:\/\/schema.org\/BlogPosting\" itemprop=\"blogPost\" ><div class='avia_textblock'  itemprop=\"text\" ><p>An event hub for the UCI MTB Enduro World Cup will take place in Fiesch on the weekend of 12 to 14 July 2024. There will be a fan zone because the start and finish areas are located there and of course there will also be something to eat and drink. You can find more information on the Aletsch Arena website or on the WWW.<\/p>\n<p>I would prefer to introduce you to the existing trail routes in the Aletsch region. Almost anyone can cycle, but mountain biking is a different kettle of fish. The <a href=\"https:\/\/ferienchalet-wallis.ch\/en\/flowtrail-wurzenbord\/\">flow trail<\/a>, which I have already reported on, is ideal for practising.<\/p>\n<h3>MTB-Tour Bettmeralp-Fiescheralp<\/h3>\n<p>Finished practising? Then off you go with a <a href=\"https:\/\/www.aletscharena.ch\/hier-jetzt\/karte#cat=Bike%20und%20Velo-main,Velotour,Mountainbike-Tour,E-Bike,Mountainbike-Trail&amp;filter=r-fullyTranslatedLangus-,r-onlyOpened-,r-openState-opened,sb-sortedBy-0&amp;ipd=801868279&amp;zc=13,8.08439,46.38116\" target=\"_blank\" rel=\"noopener\">MTB ride from Bettmeralp to Fiesch<\/a>. This gets you in the mood for the World Cup right away and makes it much easier to share in the excitement. The starting point is at the valley station of the Bettmerhorn gondola lift. Starting from there, you pass the Bettmersee lake and head west towards the destination of Fiescheralp. Pass the B\u00e4ttmer-Hitta restaurant in the direction of Sch\u00f6nboden See. Ride along this for a while and finally reach the mountain station at Fiescheralp to take the cable car to Fiesch for the event. The route alternates between trails and natural roads and takes an hour. As you want to get back to your accommodation after your excursion, take the gondola lift in Fiesch again.<\/p>\n<h3>Return to the middle station in Betten<\/h3>\n<p>You haven't had enough yet? There's still more to do? Then head west through the Rhone Valley via Lax and Martisberg to Betten to the middle station and take the gondola from there to your accommodation. This stretch from Fiesch to Betten is 10 kilometres long. As the route climbs steadily from Lax, you will need at least 1 hour. This part of the route is a section of the <a href=\"https:\/\/www.aletscharena.ch\/en\/live\/map#filter=r-fullyTranslatedLangus-,r-openState-,sb-sortedBy-0&amp;ipd=63232056&amp;zc=11,8.09624,46.38578\" target=\"_blank\" rel=\"noopener\">Family Aletsch Tour<\/a>.<\/p>\n<h3>Get an Aletsch Bikepass for more fun<\/h3>\n<p>The race routes for the enduro event have not yet been published. So please enquire at the information desk whether my proposed route is open to tourists. There is the <a href=\"https:\/\/dam.destination.one\/2335036\/df3eb03a22fa346173718c2d0e44005e8489c3ec4dcd545669b4b3d227fde2d6\/preisliste-aletsch-bikepass.pdf\" target=\"_blank\" rel=\"noopener\">Aletsch Bikepass<\/a>, which gives you free use of the feeder lifts and some gondola lifts.  And remember: enjoy the view, take a break by the lakes, listen to the silence and relax.<\/p>\n<p>Drum li\u00e4b\u00e4 jede Tag. W\u00e4 nix meh geit, isch\u2018s de z\u2019spat.<\/p>\n<\/div><\/section>\n<div class='flex_column av-av_one_half-a93934ecd89fbb8a9566d39e89cd3725 av_one_half  avia-builder-el-2  el_after_av_textblock  avia-builder-el-last  first flex_column_div column-top-margin'   ><p><div  class='av-post-metadata-container av-av_post_metadata-423c7d605f54a9eceebb3c30257fc51e av-metadata-container-align-left  avia-builder-el-3  el_before_av_social_share  avia-builder-el-first  av-metadata-container-1'><div class='av-post-metadata-container-inner'><span class=\"av-post-metadata-content av-post-metadata-meta-content\"><span class=\"av-post-metadata-content av-post-metadata-author\"  itemprop=\"author\" ><span class=\"av-metadata-before av-metadata-before-author\">of<\/span><span class=\"av-post-metadata-author-link\" ><a href=\"https:\/\/ferienchalet-wallis.ch\/en\/author\/wallisaar\/\"  rel=\"author\">WalliSaar<\/a><\/span><\/span><span class=\"av-post-metadata-content av-post-metadata-separator\">\/<\/span><span class=\"av-post-metadata-content av-post-metadata-published\"><span class=\"av-post-metadata-published-date\" >July 2, 2024<\/span><\/span><\/span><\/div><\/div><br \/>\n<div  class='av-social-sharing-box av-av_social_share-a3f4c4fca46abcb509afa2ad775446d0 av-social-sharing-box-circle  avia-builder-el-4  el_after_av_post_metadata  avia-builder-el-last  av-social-sharing-box-color-bg av-social-sharing-box-same-width'><div class=\"av-share-box\"><h5 class='av-share-link-description av-no-toc'>Share entry<\/h5><ul class=\"av-share-box-list noLightbox\"><li class='av-share-link av-social-link-whatsapp' ><a target=\"_blank\" aria-label=\"Share on WhatsApp\" href='https:\/\/api.whatsapp.com\/send?text=https:\/\/ferienchalet-wallis.ch\/en\/uci-mtb-enduro-world-cup-als-ansporn\/' aria-hidden='false' data-av_icon='\uf232' data-av_iconfont='entypo-fontello' title='' data-avia-related-tooltip='Share on WhatsApp' rel=\"noopener\"><span class='avia_hidden_link_text'>Share on WhatsApp<\/span><\/a><\/li><\/ul><\/div><\/div><\/p><\/div>","protected":false},"excerpt":{"rendered":"","protected":false},"author":3,"featured_media":2028,"comment_status":"closed","ping_status":"closed","sticky":false,"template":"","format":"standard","meta":{"footnotes":""},"categories":[6,15],"tags":[],"class_list":["post-2027","post","type-post","status-publish","format-standard","has-post-thumbnail","hentry","category-aletsch","category-mountainbike-mtb"],"yoast_head":"<!-- This site is optimized with the Yoast SEO plugin v27.4 - https:\/\/yoast.com\/product\/yoast-seo-wordpress\/ -->\n<title>UCI MTB Enduro World Cup als Ansporn - Bettmeralp und Riederalp<\/title>\n<meta name=\"description\" content=\"Am Wochenende vom 12.07. bis 14.07.2024 findet in Fiesch (Wallis) der UCI MTB Enduro World Cup statt. Planen Sie zum Event Ihre eigene MTB-Tour.\" \/>\n<meta name=\"robots\" content=\"index, follow, max-snippet:-1, max-image-preview:large, max-video-preview:-1\" \/>\n<link rel=\"canonical\" href=\"https:\/\/ferienchalet-wallis.ch\/en\/uci-mtb-enduro-world-cup-als-ansporn\/\" \/>\n<meta property=\"og:locale\" content=\"en_GB\" \/>\n<meta property=\"og:type\" content=\"article\" \/>\n<meta property=\"og:title\" content=\"UCI MTB Enduro World Cup als Ansporn - Bettmeralp und Riederalp\" \/>\n<meta property=\"og:description\" content=\"Am Wochenende vom 12.07. bis 14.07.2024 findet in Fiesch (Wallis) der UCI MTB Enduro World Cup statt. Planen Sie zum Event Ihre eigene MTB-Tour.\" \/>\n<meta property=\"og:url\" content=\"https:\/\/ferienchalet-wallis.ch\/en\/uci-mtb-enduro-world-cup-als-ansporn\/\" \/>\n<meta property=\"og:site_name\" content=\"Bettmeralp und Riederalp\" \/>\n<meta property=\"article:published_time\" content=\"2024-07-02T09:41:11+00:00\" \/>\n<meta property=\"article:modified_time\" content=\"2024-07-02T09:43:04+00:00\" \/>\n<meta property=\"og:image\" content=\"https:\/\/ferienchalet-wallis.ch\/wp-content\/uploads\/2024\/07\/Biketrails_Aletsch.jpg\" \/>\n\t<meta property=\"og:image:width\" content=\"2048\" \/>\n\t<meta property=\"og:image:height\" content=\"1366\" \/>\n\t<meta property=\"og:image:type\" content=\"image\/jpeg\" \/>\n<meta name=\"author\" content=\"WalliSaar\" \/>\n<meta name=\"twitter:card\" content=\"summary_large_image\" \/>\n<meta name=\"twitter:label1\" content=\"Written by\" \/>\n\t<meta name=\"twitter:data1\" content=\"WalliSaar\" \/>\n\t<meta name=\"twitter:label2\" content=\"Estimated reading time\" \/>\n\t<meta name=\"twitter:data2\" content=\"4 minutes\" \/>\n<script type=\"application\/ld+json\" class=\"yoast-schema-graph\">{\"@context\":\"https:\\\/\\\/schema.org\",\"@graph\":[{\"@type\":\"Article\",\"@id\":\"https:\\\/\\\/ferienchalet-wallis.ch\\\/uci-mtb-enduro-world-cup-als-ansporn\\\/#article\",\"isPartOf\":{\"@id\":\"https:\\\/\\\/ferienchalet-wallis.ch\\\/uci-mtb-enduro-world-cup-als-ansporn\\\/\"},\"author\":{\"name\":\"WalliSaar\",\"@id\":\"https:\\\/\\\/ferienchalet-wallis.ch\\\/#\\\/schema\\\/person\\\/18b3f062b0514bc953799175b9bfdd2b\"},\"headline\":\"UCI MTB Enduro World Cup als Ansporn\",\"datePublished\":\"2024-07-02T09:41:11+00:00\",\"dateModified\":\"2024-07-02T09:43:04+00:00\",\"mainEntityOfPage\":{\"@id\":\"https:\\\/\\\/ferienchalet-wallis.ch\\\/uci-mtb-enduro-world-cup-als-ansporn\\\/\"},\"wordCount\":830,\"publisher\":{\"@id\":\"https:\\\/\\\/ferienchalet-wallis.ch\\\/#organization\"},\"image\":{\"@id\":\"https:\\\/\\\/ferienchalet-wallis.ch\\\/uci-mtb-enduro-world-cup-als-ansporn\\\/#primaryimage\"},\"thumbnailUrl\":\"https:\\\/\\\/ferienchalet-wallis.ch\\\/wp-content\\\/uploads\\\/2024\\\/07\\\/Biketrails_Aletsch.jpg\",\"articleSection\":[\"Aletsch\",\"Mountainbike MTB\"],\"inLanguage\":\"en-GB\"},{\"@type\":\"WebPage\",\"@id\":\"https:\\\/\\\/ferienchalet-wallis.ch\\\/uci-mtb-enduro-world-cup-als-ansporn\\\/\",\"url\":\"https:\\\/\\\/ferienchalet-wallis.ch\\\/uci-mtb-enduro-world-cup-als-ansporn\\\/\",\"name\":\"UCI MTB Enduro World Cup als Ansporn - Bettmeralp und Riederalp\",\"isPartOf\":{\"@id\":\"https:\\\/\\\/ferienchalet-wallis.ch\\\/#website\"},\"primaryImageOfPage\":{\"@id\":\"https:\\\/\\\/ferienchalet-wallis.ch\\\/uci-mtb-enduro-world-cup-als-ansporn\\\/#primaryimage\"},\"image\":{\"@id\":\"https:\\\/\\\/ferienchalet-wallis.ch\\\/uci-mtb-enduro-world-cup-als-ansporn\\\/#primaryimage\"},\"thumbnailUrl\":\"https:\\\/\\\/ferienchalet-wallis.ch\\\/wp-content\\\/uploads\\\/2024\\\/07\\\/Biketrails_Aletsch.jpg\",\"datePublished\":\"2024-07-02T09:41:11+00:00\",\"dateModified\":\"2024-07-02T09:43:04+00:00\",\"description\":\"Am Wochenende vom 12.07. bis 14.07.2024 findet in Fiesch (Wallis) der UCI MTB Enduro World Cup statt. Planen Sie zum Event Ihre eigene MTB-Tour.\",\"breadcrumb\":{\"@id\":\"https:\\\/\\\/ferienchalet-wallis.ch\\\/uci-mtb-enduro-world-cup-als-ansporn\\\/#breadcrumb\"},\"inLanguage\":\"en-GB\",\"potentialAction\":[{\"@type\":\"ReadAction\",\"target\":[\"https:\\\/\\\/ferienchalet-wallis.ch\\\/uci-mtb-enduro-world-cup-als-ansporn\\\/\"]}]},{\"@type\":\"ImageObject\",\"inLanguage\":\"en-GB\",\"@id\":\"https:\\\/\\\/ferienchalet-wallis.ch\\\/uci-mtb-enduro-world-cup-als-ansporn\\\/#primaryimage\",\"url\":\"https:\\\/\\\/ferienchalet-wallis.ch\\\/wp-content\\\/uploads\\\/2024\\\/07\\\/Biketrails_Aletsch.jpg\",\"contentUrl\":\"https:\\\/\\\/ferienchalet-wallis.ch\\\/wp-content\\\/uploads\\\/2024\\\/07\\\/Biketrails_Aletsch.jpg\",\"width\":2048,\"height\":1366,\"caption\":\"Biketrails_Aletsch\"},{\"@type\":\"BreadcrumbList\",\"@id\":\"https:\\\/\\\/ferienchalet-wallis.ch\\\/uci-mtb-enduro-world-cup-als-ansporn\\\/#breadcrumb\",\"itemListElement\":[{\"@type\":\"ListItem\",\"position\":1,\"name\":\"Home\",\"item\":\"https:\\\/\\\/ferienchalet-wallis.ch\\\/\"},{\"@type\":\"ListItem\",\"position\":2,\"name\":\"UCI MTB Enduro World Cup als Ansporn\"}]},{\"@type\":\"WebSite\",\"@id\":\"https:\\\/\\\/ferienchalet-wallis.ch\\\/#website\",\"url\":\"https:\\\/\\\/ferienchalet-wallis.ch\\\/\",\"name\":\"Bettmeralp und Riederalp\",\"description\":\"Kranzfelder Markus\",\"publisher\":{\"@id\":\"https:\\\/\\\/ferienchalet-wallis.ch\\\/#organization\"},\"potentialAction\":[{\"@type\":\"SearchAction\",\"target\":{\"@type\":\"EntryPoint\",\"urlTemplate\":\"https:\\\/\\\/ferienchalet-wallis.ch\\\/?s={search_term_string}\"},\"query-input\":{\"@type\":\"PropertyValueSpecification\",\"valueRequired\":true,\"valueName\":\"search_term_string\"}}],\"inLanguage\":\"en-GB\"},{\"@type\":\"Organization\",\"@id\":\"https:\\\/\\\/ferienchalet-wallis.ch\\\/#organization\",\"name\":\"Liegenschaftsbetreuung \\\/ Vermietung \u2013 M. Kranzfelder\",\"url\":\"https:\\\/\\\/ferienchalet-wallis.ch\\\/\",\"logo\":{\"@type\":\"ImageObject\",\"inLanguage\":\"en-GB\",\"@id\":\"https:\\\/\\\/ferienchalet-wallis.ch\\\/#\\\/schema\\\/logo\\\/image\\\/\",\"url\":\"https:\\\/\\\/ferienchalet-wallis.ch\\\/wp-content\\\/uploads\\\/2022\\\/01\\\/Logo_Kranzfelder.png\",\"contentUrl\":\"https:\\\/\\\/ferienchalet-wallis.ch\\\/wp-content\\\/uploads\\\/2022\\\/01\\\/Logo_Kranzfelder.png\",\"width\":1526,\"height\":447,\"caption\":\"Liegenschaftsbetreuung \\\/ Vermietung \u2013 M. Kranzfelder\"},\"image\":{\"@id\":\"https:\\\/\\\/ferienchalet-wallis.ch\\\/#\\\/schema\\\/logo\\\/image\\\/\"}},{\"@type\":\"Person\",\"@id\":\"https:\\\/\\\/ferienchalet-wallis.ch\\\/#\\\/schema\\\/person\\\/18b3f062b0514bc953799175b9bfdd2b\",\"name\":\"WalliSaar\",\"image\":{\"@type\":\"ImageObject\",\"inLanguage\":\"en-GB\",\"@id\":\"https:\\\/\\\/secure.gravatar.com\\\/avatar\\\/1be7f9468eac0e02f655be9ab758a01ae5dc72d678841cc4898d463993c78d36?s=96&d=initials&r=g&initials=ru\",\"url\":\"https:\\\/\\\/secure.gravatar.com\\\/avatar\\\/1be7f9468eac0e02f655be9ab758a01ae5dc72d678841cc4898d463993c78d36?s=96&d=initials&r=g&initials=ru\",\"contentUrl\":\"https:\\\/\\\/secure.gravatar.com\\\/avatar\\\/1be7f9468eac0e02f655be9ab758a01ae5dc72d678841cc4898d463993c78d36?s=96&d=initials&r=g&initials=ru\",\"caption\":\"WalliSaar\"},\"description\":\"Mein Name ist Anja Ruch und ich schreibe die Blogbeitr\u00e4ge f\u00fcr das Ehepaar Markus &amp; Tabitha Kranzfelder. Der Name WalliSaar gr\u00fcndet sich auf meinen Wurzeln im Saarland und den neuen im Wallis. My name is Anja Ruch and I write the blog entries for the Markus &amp; Tabitha Kranzfelder couple. The name WalliSaar shows the connection to my old roots in Saarland and the new ones in Valais.\",\"sameAs\":[\"https:\\\/\\\/www.ferienchalet-wallis.ch\\\/blog\"],\"url\":\"https:\\\/\\\/ferienchalet-wallis.ch\\\/en\\\/author\\\/wallisaar\\\/\"}]}<\/script>\n<!-- \/ Yoast SEO plugin. -->","yoast_head_json":{"title":"UCI MTB Enduro World Cup als Ansporn - Bettmeralp und Riederalp","description":"Am Wochenende vom 12.07. bis 14.07.2024 findet in Fiesch (Wallis) der UCI MTB Enduro World Cup statt. Planen Sie zum Event Ihre eigene MTB-Tour.","robots":{"index":"index","follow":"follow","max-snippet":"max-snippet:-1","max-image-preview":"max-image-preview:large","max-video-preview":"max-video-preview:-1"},"canonical":"https:\/\/ferienchalet-wallis.ch\/en\/uci-mtb-enduro-world-cup-als-ansporn\/","og_locale":"en_GB","og_type":"article","og_title":"UCI MTB Enduro World Cup als Ansporn - Bettmeralp und Riederalp","og_description":"Am Wochenende vom 12.07. bis 14.07.2024 findet in Fiesch (Wallis) der UCI MTB Enduro World Cup statt. Planen Sie zum Event Ihre eigene MTB-Tour.","og_url":"https:\/\/ferienchalet-wallis.ch\/en\/uci-mtb-enduro-world-cup-als-ansporn\/","og_site_name":"Bettmeralp und Riederalp","article_published_time":"2024-07-02T09:41:11+00:00","article_modified_time":"2024-07-02T09:43:04+00:00","og_image":[{"width":2048,"height":1366,"url":"https:\/\/ferienchalet-wallis.ch\/wp-content\/uploads\/2024\/07\/Biketrails_Aletsch.jpg","type":"image\/jpeg"}],"author":"WalliSaar","twitter_card":"summary_large_image","twitter_misc":{"Written by":"WalliSaar","Estimated reading time":"4 minutes"},"schema":{"@context":"https:\/\/schema.org","@graph":[{"@type":"Article","@id":"https:\/\/ferienchalet-wallis.ch\/uci-mtb-enduro-world-cup-als-ansporn\/#article","isPartOf":{"@id":"https:\/\/ferienchalet-wallis.ch\/uci-mtb-enduro-world-cup-als-ansporn\/"},"author":{"name":"WalliSaar","@id":"https:\/\/ferienchalet-wallis.ch\/#\/schema\/person\/18b3f062b0514bc953799175b9bfdd2b"},"headline":"UCI MTB Enduro World Cup als Ansporn","datePublished":"2024-07-02T09:41:11+00:00","dateModified":"2024-07-02T09:43:04+00:00","mainEntityOfPage":{"@id":"https:\/\/ferienchalet-wallis.ch\/uci-mtb-enduro-world-cup-als-ansporn\/"},"wordCount":830,"publisher":{"@id":"https:\/\/ferienchalet-wallis.ch\/#organization"},"image":{"@id":"https:\/\/ferienchalet-wallis.ch\/uci-mtb-enduro-world-cup-als-ansporn\/#primaryimage"},"thumbnailUrl":"https:\/\/ferienchalet-wallis.ch\/wp-content\/uploads\/2024\/07\/Biketrails_Aletsch.jpg","articleSection":["Aletsch","Mountainbike MTB"],"inLanguage":"en-GB"},{"@type":"WebPage","@id":"https:\/\/ferienchalet-wallis.ch\/uci-mtb-enduro-world-cup-als-ansporn\/","url":"https:\/\/ferienchalet-wallis.ch\/uci-mtb-enduro-world-cup-als-ansporn\/","name":"UCI MTB Enduro World Cup als Ansporn - Bettmeralp und Riederalp","isPartOf":{"@id":"https:\/\/ferienchalet-wallis.ch\/#website"},"primaryImageOfPage":{"@id":"https:\/\/ferienchalet-wallis.ch\/uci-mtb-enduro-world-cup-als-ansporn\/#primaryimage"},"image":{"@id":"https:\/\/ferienchalet-wallis.ch\/uci-mtb-enduro-world-cup-als-ansporn\/#primaryimage"},"thumbnailUrl":"https:\/\/ferienchalet-wallis.ch\/wp-content\/uploads\/2024\/07\/Biketrails_Aletsch.jpg","datePublished":"2024-07-02T09:41:11+00:00","dateModified":"2024-07-02T09:43:04+00:00","description":"Am Wochenende vom 12.07. bis 14.07.2024 findet in Fiesch (Wallis) der UCI MTB Enduro World Cup statt. Planen Sie zum Event Ihre eigene MTB-Tour.","breadcrumb":{"@id":"https:\/\/ferienchalet-wallis.ch\/uci-mtb-enduro-world-cup-als-ansporn\/#breadcrumb"},"inLanguage":"en-GB","potentialAction":[{"@type":"ReadAction","target":["https:\/\/ferienchalet-wallis.ch\/uci-mtb-enduro-world-cup-als-ansporn\/"]}]},{"@type":"ImageObject","inLanguage":"en-GB","@id":"https:\/\/ferienchalet-wallis.ch\/uci-mtb-enduro-world-cup-als-ansporn\/#primaryimage","url":"https:\/\/ferienchalet-wallis.ch\/wp-content\/uploads\/2024\/07\/Biketrails_Aletsch.jpg","contentUrl":"https:\/\/ferienchalet-wallis.ch\/wp-content\/uploads\/2024\/07\/Biketrails_Aletsch.jpg","width":2048,"height":1366,"caption":"Biketrails_Aletsch"},{"@type":"BreadcrumbList","@id":"https:\/\/ferienchalet-wallis.ch\/uci-mtb-enduro-world-cup-als-ansporn\/#breadcrumb","itemListElement":[{"@type":"ListItem","position":1,"name":"Home","item":"https:\/\/ferienchalet-wallis.ch\/"},{"@type":"ListItem","position":2,"name":"UCI MTB Enduro World Cup als Ansporn"}]},{"@type":"WebSite","@id":"https:\/\/ferienchalet-wallis.ch\/#website","url":"https:\/\/ferienchalet-wallis.ch\/","name":"Bettmeralp and Riederalp","description":"Kranzfelder Markus","publisher":{"@id":"https:\/\/ferienchalet-wallis.ch\/#organization"},"potentialAction":[{"@type":"SearchAction","target":{"@type":"EntryPoint","urlTemplate":"https:\/\/ferienchalet-wallis.ch\/?s={search_term_string}"},"query-input":{"@type":"PropertyValueSpecification","valueRequired":true,"valueName":"search_term_string"}}],"inLanguage":"en-GB"},{"@type":"Organization","@id":"https:\/\/ferienchalet-wallis.ch\/#organization","name":"Liegenschaftsbetreuung \/ Vermietung \u2013 M. Kranzfelder","url":"https:\/\/ferienchalet-wallis.ch\/","logo":{"@type":"ImageObject","inLanguage":"en-GB","@id":"https:\/\/ferienchalet-wallis.ch\/#\/schema\/logo\/image\/","url":"https:\/\/ferienchalet-wallis.ch\/wp-content\/uploads\/2022\/01\/Logo_Kranzfelder.png","contentUrl":"https:\/\/ferienchalet-wallis.ch\/wp-content\/uploads\/2022\/01\/Logo_Kranzfelder.png","width":1526,"height":447,"caption":"Liegenschaftsbetreuung \/ Vermietung \u2013 M. Kranzfelder"},"image":{"@id":"https:\/\/ferienchalet-wallis.ch\/#\/schema\/logo\/image\/"}},{"@type":"Person","@id":"https:\/\/ferienchalet-wallis.ch\/#\/schema\/person\/18b3f062b0514bc953799175b9bfdd2b","name":"WalliSaar","image":{"@type":"ImageObject","inLanguage":"en-GB","@id":"https:\/\/secure.gravatar.com\/avatar\/1be7f9468eac0e02f655be9ab758a01ae5dc72d678841cc4898d463993c78d36?s=96&d=initials&r=g&initials=ru","url":"https:\/\/secure.gravatar.com\/avatar\/1be7f9468eac0e02f655be9ab758a01ae5dc72d678841cc4898d463993c78d36?s=96&d=initials&r=g&initials=ru","contentUrl":"https:\/\/secure.gravatar.com\/avatar\/1be7f9468eac0e02f655be9ab758a01ae5dc72d678841cc4898d463993c78d36?s=96&d=initials&r=g&initials=ru","caption":"WalliSaar"},"description":"Mein Name ist Anja Ruch und ich schreibe die Blogbeitr\u00e4ge f\u00fcr das Ehepaar Markus &amp; Tabitha Kranzfelder. Der Name WalliSaar gr\u00fcndet sich auf meinen Wurzeln im Saarland und den neuen im Wallis. My name is Anja Ruch and I write the blog entries for the Markus &amp; Tabitha Kranzfelder couple. The name WalliSaar shows the connection to my old roots in Saarland and the new ones in Valais.","sameAs":["https:\/\/www.ferienchalet-wallis.ch\/blog"],"url":"https:\/\/ferienchalet-wallis.ch\/en\/author\/wallisaar\/"}]}},"_links":{"self":[{"href":"https:\/\/ferienchalet-wallis.ch\/en\/wp-json\/wp\/v2\/posts\/2027","targetHints":{"allow":["GET"]}}],"collection":[{"href":"https:\/\/ferienchalet-wallis.ch\/en\/wp-json\/wp\/v2\/posts"}],"about":[{"href":"https:\/\/ferienchalet-wallis.ch\/en\/wp-json\/wp\/v2\/types\/post"}],"author":[{"embeddable":true,"href":"https:\/\/ferienchalet-wallis.ch\/en\/wp-json\/wp\/v2\/users\/3"}],"replies":[{"embeddable":true,"href":"https:\/\/ferienchalet-wallis.ch\/en\/wp-json\/wp\/v2\/comments?post=2027"}],"version-history":[{"count":2,"href":"https:\/\/ferienchalet-wallis.ch\/en\/wp-json\/wp\/v2\/posts\/2027\/revisions"}],"predecessor-version":[{"id":2030,"href":"https:\/\/ferienchalet-wallis.ch\/en\/wp-json\/wp\/v2\/posts\/2027\/revisions\/2030"}],"wp:featuredmedia":[{"embeddable":true,"href":"https:\/\/ferienchalet-wallis.ch\/en\/wp-json\/wp\/v2\/media\/2028"}],"wp:attachment":[{"href":"https:\/\/ferienchalet-wallis.ch\/en\/wp-json\/wp\/v2\/media?parent=2027"}],"wp:term":[{"taxonomy":"category","embeddable":true,"href":"https:\/\/ferienchalet-wallis.ch\/en\/wp-json\/wp\/v2\/categories?post=2027"},{"taxonomy":"post_tag","embeddable":true,"href":"https:\/\/ferienchalet-wallis.ch\/en\/wp-json\/wp\/v2\/tags?post=2027"}],"curies":[{"name":"wp","href":"https:\/\/api.w.org\/{rel}","templated":true}]}}