{"id":2092,"date":"2024-08-20T08:11:36","date_gmt":"2024-08-20T08:11:36","guid":{"rendered":"https:\/\/ferienchalet-wallis.ch\/?p=2092"},"modified":"2024-08-27T09:43:42","modified_gmt":"2024-08-27T09:43:42","slug":"wanderung-zum-maerjelensee-im-aletschgebiet","status":"publish","type":"post","link":"https:\/\/ferienchalet-wallis.ch\/en\/wanderung-zum-maerjelensee-im-aletschgebiet\/","title":{"rendered":"Hike to Lake M\u00e4rjelen on the Aletsch"},"content":{"rendered":"<style type=\"text\/css\" data-created_by=\"avia_inline_auto\" id=\"style-css-av-m024hnzc-68d158fcf249cc956e25508e045825a5\">\n#top .av-special-heading.av-m024hnzc-68d158fcf249cc956e25508e045825a5{\npadding-bottom:10px;\n}\nbody .av-special-heading.av-m024hnzc-68d158fcf249cc956e25508e045825a5 .av-special-heading-tag .heading-char{\nfont-size:25px;\n}\n.av-special-heading.av-m024hnzc-68d158fcf249cc956e25508e045825a5 .av-subheading{\nfont-size:15px;\n}\n<\/style>\n<div  class='av-special-heading av-m024hnzc-68d158fcf249cc956e25508e045825a5 av-special-heading-h2  avia-builder-el-0  el_before_av_textblock  avia-builder-el-first'><h2 class='av-special-heading-tag'  itemprop=\"headline\"  >Hike Bettmerhorn - M\u00e4rjelensee<\/h2><div class=\"special-heading-border\"><div class=\"special-heading-inner-border\"><\/div><\/div><\/div>\n<section  class='av_textblock_section av-m024uku1-df8b91cf5ccb66d992f28e54482d174c'  itemscope=\"itemscope\" itemtype=\"https:\/\/schema.org\/BlogPosting\" itemprop=\"blogPost\" ><div class='avia_textblock'  itemprop=\"text\" ><p>I can only recommend this hike. My husband and I did it in hot summer weather. Which was a good idea, because the light wind from the glacier made it a pleasant hike in these temperatures. If you start the hike from the Bettmerhorn mountain station, you have a constant view of the Aletsch Glacier for a good two hours. From the mountain station below the Bettmerhorn to the Fiescheralp mountain station, the route takes around three and a half hours.<\/p>\n<h3>Start at Bettmerhorn<\/h3>\n<p>We walked from the Bettmeralp mountain station to the cable car, which ends below the Bettmerhorn. Once there, we first went to the viewpoint on the Aletsch Glacier to enjoy the view. The hiking trail starts directly at the viewpoint and descends over rocky steps, always keeping to the right. On the way, you will pass a collection of cairns, always with a view of the glacier. The rocky path ends at a fork and you take the fork to the right towards Lake M\u00e4rjelen. From here, you have plenty of time to take beautiful personal photos with and without the Aletsch Glacier.<\/p>\n<h3>View to Konkordiaplatz<\/h3>\n<p>After about an hour and a half you pass a fence gate, from then on the path becomes rockier again. Keeping to the right again, you descend over hill and dale. Looking ahead, you can already see Lake M\u00e4rjelen. Looking back, take a look at the Konkordiaplatz. This is where the four firn basins Grosser Aletschfirn, Jungfraufirn, Ewigschneef\u00e4ld and Gr\u00fcneggfirn flow together and form the central moraines that give the large Aletsch Glacier its shape.<\/p>\n<h3>M\u00e4rjelensee lake and Gletscherstube restaurant<\/h3>\n<p>And you are already at the beautiful glacier edge lake, <a href=\"https:\/\/ourheritage.ch\/article\/wieso-der-marjelensee-einst-gefurchtet-wurde\" target=\"_blank\" rel=\"noopener\">Lake M\u00e4rjelen<\/a>. Although the word lake seems a little exaggerated nowadays. But in other times, when the glacier still discharged a lot of meltwater into the lake, this lake was dangerous. When it overflowed, the lake caused devastating damage in the Fieschertal valley. Hard to imagine today.<\/p>\n<p>From Lake M\u00e4rjelen you can already see the restaurant <a href=\"https:\/\/www.aletscharena.ch\/en\/planning-booking\/accommodation\/accomodation\/gletscherstube\" target=\"_blank\" rel=\"noopener\">Gletscherstube<\/a>, where you can enjoy a well-earned break with homemade cake and elderflower syrup on the busy terrace.<\/p>\n<h3>T\u00e4lli trails, tunnels and Fiescheralp<\/h3>\n<p>Three tour variants are possible from the Gletscherstube: Unters T\u00e4lli leads around the mountain. The route over the T\u00e4lligrat ridge is clearly visible from the Gletscherstube. The third hiking route leads through the tunnel, the entrance to which is practically opposite the Gletscherstube. The tunnel is dead straight, you can actually see the light at the end of the tunnel and it's really cold in there, but you can walk through it in a quarter of an hour. A light jacket wouldn't have been a bad idea. All the paths more or less come together again behind the tunnel. From there you continue to the Fiescheralp mountain station. After half an hour's walk, the hiking tour ends there. From the Fiescheralp there are various ways to get back to Bettmeralp.<\/p>\n<p><em>Gang am Morje frieh zum Seeji, luschtig gurglets Bachji dri<\/em><\/p>\n<\/div><\/section>\n<div class='flex_column av-9scdf0-5d6713b9568ca4a5ed814a5e9145e251 av_one_half  avia-builder-el-2  el_after_av_textblock  avia-builder-el-last  first flex_column_div column-top-margin'   ><p><div  class='av-post-metadata-container av-pk6m4-e844bd001aa979fddb8639c59dae5430 av-metadata-container-align-left  avia-builder-el-3  el_before_av_social_share  avia-builder-el-first  av-metadata-container-1'><div class='av-post-metadata-container-inner'><span class=\"av-post-metadata-content av-post-metadata-meta-content\"><span class=\"av-post-metadata-content av-post-metadata-author\"  itemprop=\"author\" ><span class=\"av-metadata-before av-metadata-before-author\">of<\/span><span class=\"av-post-metadata-author-link\" ><a href=\"https:\/\/ferienchalet-wallis.ch\/en\/author\/wallisaar\/\"  rel=\"author\">WalliSaar<\/a><\/span><\/span><span class=\"av-post-metadata-content av-post-metadata-separator\">\/<\/span><span class=\"av-post-metadata-content av-post-metadata-published\"><span class=\"av-post-metadata-published-date\" >August 20, 2024<\/span><\/span><\/span><\/div><\/div><br \/>\n<div  class='av-social-sharing-box av-29k024-230208b2875669dc3d0bbf043cc9fd24 av-social-sharing-box-circle  avia-builder-el-4  el_after_av_post_metadata  avia-builder-el-last  av-social-sharing-box-color-bg av-social-sharing-box-same-width'><div class=\"av-share-box\"><h5 class='av-share-link-description av-no-toc'>Share entry<\/h5><ul class=\"av-share-box-list noLightbox\"><li class='av-share-link av-social-link-whatsapp' ><a target=\"_blank\" aria-label=\"Share on WhatsApp\" href='https:\/\/api.whatsapp.com\/send?text=https:\/\/ferienchalet-wallis.ch\/en\/wanderung-zum-maerjelensee-im-aletschgebiet\/' aria-hidden='false' data-av_icon='\uf232' data-av_iconfont='entypo-fontello' title='' data-avia-related-tooltip='Share on WhatsApp' rel=\"noopener\"><span class='avia_hidden_link_text'>Share on WhatsApp<\/span><\/a><\/li><\/ul><\/div><\/div><\/p><\/div>","protected":false},"excerpt":{"rendered":"","protected":false},"author":3,"featured_media":2093,"comment_status":"closed","ping_status":"closed","sticky":false,"template":"","format":"standard","meta":{"footnotes":""},"categories":[6,8,11,12],"tags":[],"class_list":["post-2092","post","type-post","status-publish","format-standard","has-post-thumbnail","hentry","category-aletsch","category-bettmeralp","category-fiescheralp","category-wandern"],"yoast_head":"<!-- This site is optimized with the Yoast SEO plugin v27.4 - https:\/\/yoast.com\/product\/yoast-seo-wordpress\/ -->\n<title>Wanderung zum M\u00e4rjelensee am Aletsch - Bettmeralp und Riederalp<\/title>\n<meta name=\"description\" content=\"Eine Wanderung an einem sch\u00f6nen Tag vom Bettmerhorn zum M\u00e4rjelensee mit einer Pause an der Gletscherstube.\" \/>\n<meta name=\"robots\" content=\"index, follow, max-snippet:-1, max-image-preview:large, max-video-preview:-1\" \/>\n<link rel=\"canonical\" href=\"https:\/\/ferienchalet-wallis.ch\/en\/wanderung-zum-maerjelensee-im-aletschgebiet\/\" \/>\n<meta property=\"og:locale\" content=\"en_GB\" \/>\n<meta property=\"og:type\" content=\"article\" \/>\n<meta property=\"og:title\" content=\"Wanderung zum M\u00e4rjelensee am Aletsch - Bettmeralp und Riederalp\" \/>\n<meta property=\"og:description\" content=\"Eine Wanderung an einem sch\u00f6nen Tag vom Bettmerhorn zum M\u00e4rjelensee mit einer Pause an der Gletscherstube.\" \/>\n<meta property=\"og:url\" content=\"https:\/\/ferienchalet-wallis.ch\/en\/wanderung-zum-maerjelensee-im-aletschgebiet\/\" \/>\n<meta property=\"og:site_name\" content=\"Bettmeralp und Riederalp\" \/>\n<meta property=\"article:published_time\" content=\"2024-08-20T08:11:36+00:00\" \/>\n<meta property=\"article:modified_time\" content=\"2024-08-27T09:43:42+00:00\" \/>\n<meta property=\"og:image\" content=\"https:\/\/ferienchalet-wallis.ch\/wp-content\/uploads\/2024\/08\/Aletschgletscher-2.jpg\" \/>\n\t<meta property=\"og:image:width\" content=\"2048\" \/>\n\t<meta property=\"og:image:height\" content=\"960\" \/>\n\t<meta property=\"og:image:type\" content=\"image\/jpeg\" \/>\n<meta name=\"author\" content=\"WalliSaar\" \/>\n<meta name=\"twitter:card\" content=\"summary_large_image\" \/>\n<meta name=\"twitter:label1\" content=\"Written by\" \/>\n\t<meta name=\"twitter:data1\" content=\"WalliSaar\" \/>\n\t<meta name=\"twitter:label2\" content=\"Estimated reading time\" \/>\n\t<meta name=\"twitter:data2\" content=\"4 minutes\" \/>\n<script type=\"application\/ld+json\" class=\"yoast-schema-graph\">{\"@context\":\"https:\\\/\\\/schema.org\",\"@graph\":[{\"@type\":\"Article\",\"@id\":\"https:\\\/\\\/ferienchalet-wallis.ch\\\/wanderung-zum-maerjelensee-im-aletschgebiet\\\/#article\",\"isPartOf\":{\"@id\":\"https:\\\/\\\/ferienchalet-wallis.ch\\\/wanderung-zum-maerjelensee-im-aletschgebiet\\\/\"},\"author\":{\"name\":\"WalliSaar\",\"@id\":\"https:\\\/\\\/ferienchalet-wallis.ch\\\/#\\\/schema\\\/person\\\/18b3f062b0514bc953799175b9bfdd2b\"},\"headline\":\"Wanderung zum M\u00e4rjelensee am Aletsch\",\"datePublished\":\"2024-08-20T08:11:36+00:00\",\"dateModified\":\"2024-08-27T09:43:42+00:00\",\"mainEntityOfPage\":{\"@id\":\"https:\\\/\\\/ferienchalet-wallis.ch\\\/wanderung-zum-maerjelensee-im-aletschgebiet\\\/\"},\"wordCount\":948,\"publisher\":{\"@id\":\"https:\\\/\\\/ferienchalet-wallis.ch\\\/#organization\"},\"image\":{\"@id\":\"https:\\\/\\\/ferienchalet-wallis.ch\\\/wanderung-zum-maerjelensee-im-aletschgebiet\\\/#primaryimage\"},\"thumbnailUrl\":\"https:\\\/\\\/ferienchalet-wallis.ch\\\/wp-content\\\/uploads\\\/2024\\\/08\\\/Aletschgletscher-2.jpg\",\"articleSection\":[\"Aletsch\",\"Bettmeralp\",\"Fiescheralp\",\"Wandern\"],\"inLanguage\":\"en-GB\"},{\"@type\":\"WebPage\",\"@id\":\"https:\\\/\\\/ferienchalet-wallis.ch\\\/wanderung-zum-maerjelensee-im-aletschgebiet\\\/\",\"url\":\"https:\\\/\\\/ferienchalet-wallis.ch\\\/wanderung-zum-maerjelensee-im-aletschgebiet\\\/\",\"name\":\"Wanderung zum M\u00e4rjelensee am Aletsch - Bettmeralp und Riederalp\",\"isPartOf\":{\"@id\":\"https:\\\/\\\/ferienchalet-wallis.ch\\\/#website\"},\"primaryImageOfPage\":{\"@id\":\"https:\\\/\\\/ferienchalet-wallis.ch\\\/wanderung-zum-maerjelensee-im-aletschgebiet\\\/#primaryimage\"},\"image\":{\"@id\":\"https:\\\/\\\/ferienchalet-wallis.ch\\\/wanderung-zum-maerjelensee-im-aletschgebiet\\\/#primaryimage\"},\"thumbnailUrl\":\"https:\\\/\\\/ferienchalet-wallis.ch\\\/wp-content\\\/uploads\\\/2024\\\/08\\\/Aletschgletscher-2.jpg\",\"datePublished\":\"2024-08-20T08:11:36+00:00\",\"dateModified\":\"2024-08-27T09:43:42+00:00\",\"description\":\"Eine Wanderung an einem sch\u00f6nen Tag vom Bettmerhorn zum M\u00e4rjelensee mit einer Pause an der Gletscherstube.\",\"breadcrumb\":{\"@id\":\"https:\\\/\\\/ferienchalet-wallis.ch\\\/wanderung-zum-maerjelensee-im-aletschgebiet\\\/#breadcrumb\"},\"inLanguage\":\"en-GB\",\"potentialAction\":[{\"@type\":\"ReadAction\",\"target\":[\"https:\\\/\\\/ferienchalet-wallis.ch\\\/wanderung-zum-maerjelensee-im-aletschgebiet\\\/\"]}]},{\"@type\":\"ImageObject\",\"inLanguage\":\"en-GB\",\"@id\":\"https:\\\/\\\/ferienchalet-wallis.ch\\\/wanderung-zum-maerjelensee-im-aletschgebiet\\\/#primaryimage\",\"url\":\"https:\\\/\\\/ferienchalet-wallis.ch\\\/wp-content\\\/uploads\\\/2024\\\/08\\\/Aletschgletscher-2.jpg\",\"contentUrl\":\"https:\\\/\\\/ferienchalet-wallis.ch\\\/wp-content\\\/uploads\\\/2024\\\/08\\\/Aletschgletscher-2.jpg\",\"width\":2048,\"height\":960,\"caption\":\"Aletschgletscher\"},{\"@type\":\"BreadcrumbList\",\"@id\":\"https:\\\/\\\/ferienchalet-wallis.ch\\\/wanderung-zum-maerjelensee-im-aletschgebiet\\\/#breadcrumb\",\"itemListElement\":[{\"@type\":\"ListItem\",\"position\":1,\"name\":\"Home\",\"item\":\"https:\\\/\\\/ferienchalet-wallis.ch\\\/\"},{\"@type\":\"ListItem\",\"position\":2,\"name\":\"Wanderung zum M\u00e4rjelensee am Aletsch\"}]},{\"@type\":\"WebSite\",\"@id\":\"https:\\\/\\\/ferienchalet-wallis.ch\\\/#website\",\"url\":\"https:\\\/\\\/ferienchalet-wallis.ch\\\/\",\"name\":\"Bettmeralp und Riederalp\",\"description\":\"Kranzfelder Markus\",\"publisher\":{\"@id\":\"https:\\\/\\\/ferienchalet-wallis.ch\\\/#organization\"},\"potentialAction\":[{\"@type\":\"SearchAction\",\"target\":{\"@type\":\"EntryPoint\",\"urlTemplate\":\"https:\\\/\\\/ferienchalet-wallis.ch\\\/?s={search_term_string}\"},\"query-input\":{\"@type\":\"PropertyValueSpecification\",\"valueRequired\":true,\"valueName\":\"search_term_string\"}}],\"inLanguage\":\"en-GB\"},{\"@type\":\"Organization\",\"@id\":\"https:\\\/\\\/ferienchalet-wallis.ch\\\/#organization\",\"name\":\"Liegenschaftsbetreuung \\\/ Vermietung \u2013 M. Kranzfelder\",\"url\":\"https:\\\/\\\/ferienchalet-wallis.ch\\\/\",\"logo\":{\"@type\":\"ImageObject\",\"inLanguage\":\"en-GB\",\"@id\":\"https:\\\/\\\/ferienchalet-wallis.ch\\\/#\\\/schema\\\/logo\\\/image\\\/\",\"url\":\"https:\\\/\\\/ferienchalet-wallis.ch\\\/wp-content\\\/uploads\\\/2022\\\/01\\\/Logo_Kranzfelder.png\",\"contentUrl\":\"https:\\\/\\\/ferienchalet-wallis.ch\\\/wp-content\\\/uploads\\\/2022\\\/01\\\/Logo_Kranzfelder.png\",\"width\":1526,\"height\":447,\"caption\":\"Liegenschaftsbetreuung \\\/ Vermietung \u2013 M. Kranzfelder\"},\"image\":{\"@id\":\"https:\\\/\\\/ferienchalet-wallis.ch\\\/#\\\/schema\\\/logo\\\/image\\\/\"}},{\"@type\":\"Person\",\"@id\":\"https:\\\/\\\/ferienchalet-wallis.ch\\\/#\\\/schema\\\/person\\\/18b3f062b0514bc953799175b9bfdd2b\",\"name\":\"WalliSaar\",\"image\":{\"@type\":\"ImageObject\",\"inLanguage\":\"en-GB\",\"@id\":\"https:\\\/\\\/secure.gravatar.com\\\/avatar\\\/1be7f9468eac0e02f655be9ab758a01ae5dc72d678841cc4898d463993c78d36?s=96&d=initials&r=g&initials=ru\",\"url\":\"https:\\\/\\\/secure.gravatar.com\\\/avatar\\\/1be7f9468eac0e02f655be9ab758a01ae5dc72d678841cc4898d463993c78d36?s=96&d=initials&r=g&initials=ru\",\"contentUrl\":\"https:\\\/\\\/secure.gravatar.com\\\/avatar\\\/1be7f9468eac0e02f655be9ab758a01ae5dc72d678841cc4898d463993c78d36?s=96&d=initials&r=g&initials=ru\",\"caption\":\"WalliSaar\"},\"description\":\"Mein Name ist Anja Ruch und ich schreibe die Blogbeitr\u00e4ge f\u00fcr das Ehepaar Markus &amp; Tabitha Kranzfelder. Der Name WalliSaar gr\u00fcndet sich auf meinen Wurzeln im Saarland und den neuen im Wallis. My name is Anja Ruch and I write the blog entries for the Markus &amp; Tabitha Kranzfelder couple. The name WalliSaar shows the connection to my old roots in Saarland and the new ones in Valais.\",\"sameAs\":[\"https:\\\/\\\/www.ferienchalet-wallis.ch\\\/blog\"],\"url\":\"https:\\\/\\\/ferienchalet-wallis.ch\\\/en\\\/author\\\/wallisaar\\\/\"}]}<\/script>\n<!-- \/ Yoast SEO plugin. -->","yoast_head_json":{"title":"Wanderung zum M\u00e4rjelensee am Aletsch - Bettmeralp und Riederalp","description":"Eine Wanderung an einem sch\u00f6nen Tag vom Bettmerhorn zum M\u00e4rjelensee mit einer Pause an der Gletscherstube.","robots":{"index":"index","follow":"follow","max-snippet":"max-snippet:-1","max-image-preview":"max-image-preview:large","max-video-preview":"max-video-preview:-1"},"canonical":"https:\/\/ferienchalet-wallis.ch\/en\/wanderung-zum-maerjelensee-im-aletschgebiet\/","og_locale":"en_GB","og_type":"article","og_title":"Wanderung zum M\u00e4rjelensee am Aletsch - Bettmeralp und Riederalp","og_description":"Eine Wanderung an einem sch\u00f6nen Tag vom Bettmerhorn zum M\u00e4rjelensee mit einer Pause an der Gletscherstube.","og_url":"https:\/\/ferienchalet-wallis.ch\/en\/wanderung-zum-maerjelensee-im-aletschgebiet\/","og_site_name":"Bettmeralp und Riederalp","article_published_time":"2024-08-20T08:11:36+00:00","article_modified_time":"2024-08-27T09:43:42+00:00","og_image":[{"width":2048,"height":960,"url":"https:\/\/ferienchalet-wallis.ch\/wp-content\/uploads\/2024\/08\/Aletschgletscher-2.jpg","type":"image\/jpeg"}],"author":"WalliSaar","twitter_card":"summary_large_image","twitter_misc":{"Written by":"WalliSaar","Estimated reading time":"4 minutes"},"schema":{"@context":"https:\/\/schema.org","@graph":[{"@type":"Article","@id":"https:\/\/ferienchalet-wallis.ch\/wanderung-zum-maerjelensee-im-aletschgebiet\/#article","isPartOf":{"@id":"https:\/\/ferienchalet-wallis.ch\/wanderung-zum-maerjelensee-im-aletschgebiet\/"},"author":{"name":"WalliSaar","@id":"https:\/\/ferienchalet-wallis.ch\/#\/schema\/person\/18b3f062b0514bc953799175b9bfdd2b"},"headline":"Wanderung zum M\u00e4rjelensee am Aletsch","datePublished":"2024-08-20T08:11:36+00:00","dateModified":"2024-08-27T09:43:42+00:00","mainEntityOfPage":{"@id":"https:\/\/ferienchalet-wallis.ch\/wanderung-zum-maerjelensee-im-aletschgebiet\/"},"wordCount":948,"publisher":{"@id":"https:\/\/ferienchalet-wallis.ch\/#organization"},"image":{"@id":"https:\/\/ferienchalet-wallis.ch\/wanderung-zum-maerjelensee-im-aletschgebiet\/#primaryimage"},"thumbnailUrl":"https:\/\/ferienchalet-wallis.ch\/wp-content\/uploads\/2024\/08\/Aletschgletscher-2.jpg","articleSection":["Aletsch","Bettmeralp","Fiescheralp","Wandern"],"inLanguage":"en-GB"},{"@type":"WebPage","@id":"https:\/\/ferienchalet-wallis.ch\/wanderung-zum-maerjelensee-im-aletschgebiet\/","url":"https:\/\/ferienchalet-wallis.ch\/wanderung-zum-maerjelensee-im-aletschgebiet\/","name":"Wanderung zum M\u00e4rjelensee am Aletsch - Bettmeralp und Riederalp","isPartOf":{"@id":"https:\/\/ferienchalet-wallis.ch\/#website"},"primaryImageOfPage":{"@id":"https:\/\/ferienchalet-wallis.ch\/wanderung-zum-maerjelensee-im-aletschgebiet\/#primaryimage"},"image":{"@id":"https:\/\/ferienchalet-wallis.ch\/wanderung-zum-maerjelensee-im-aletschgebiet\/#primaryimage"},"thumbnailUrl":"https:\/\/ferienchalet-wallis.ch\/wp-content\/uploads\/2024\/08\/Aletschgletscher-2.jpg","datePublished":"2024-08-20T08:11:36+00:00","dateModified":"2024-08-27T09:43:42+00:00","description":"Eine Wanderung an einem sch\u00f6nen Tag vom Bettmerhorn zum M\u00e4rjelensee mit einer Pause an der Gletscherstube.","breadcrumb":{"@id":"https:\/\/ferienchalet-wallis.ch\/wanderung-zum-maerjelensee-im-aletschgebiet\/#breadcrumb"},"inLanguage":"en-GB","potentialAction":[{"@type":"ReadAction","target":["https:\/\/ferienchalet-wallis.ch\/wanderung-zum-maerjelensee-im-aletschgebiet\/"]}]},{"@type":"ImageObject","inLanguage":"en-GB","@id":"https:\/\/ferienchalet-wallis.ch\/wanderung-zum-maerjelensee-im-aletschgebiet\/#primaryimage","url":"https:\/\/ferienchalet-wallis.ch\/wp-content\/uploads\/2024\/08\/Aletschgletscher-2.jpg","contentUrl":"https:\/\/ferienchalet-wallis.ch\/wp-content\/uploads\/2024\/08\/Aletschgletscher-2.jpg","width":2048,"height":960,"caption":"Aletschgletscher"},{"@type":"BreadcrumbList","@id":"https:\/\/ferienchalet-wallis.ch\/wanderung-zum-maerjelensee-im-aletschgebiet\/#breadcrumb","itemListElement":[{"@type":"ListItem","position":1,"name":"Home","item":"https:\/\/ferienchalet-wallis.ch\/"},{"@type":"ListItem","position":2,"name":"Wanderung zum M\u00e4rjelensee am Aletsch"}]},{"@type":"WebSite","@id":"https:\/\/ferienchalet-wallis.ch\/#website","url":"https:\/\/ferienchalet-wallis.ch\/","name":"Bettmeralp and Riederalp","description":"Kranzfelder Markus","publisher":{"@id":"https:\/\/ferienchalet-wallis.ch\/#organization"},"potentialAction":[{"@type":"SearchAction","target":{"@type":"EntryPoint","urlTemplate":"https:\/\/ferienchalet-wallis.ch\/?s={search_term_string}"},"query-input":{"@type":"PropertyValueSpecification","valueRequired":true,"valueName":"search_term_string"}}],"inLanguage":"en-GB"},{"@type":"Organization","@id":"https:\/\/ferienchalet-wallis.ch\/#organization","name":"Liegenschaftsbetreuung \/ Vermietung \u2013 M. Kranzfelder","url":"https:\/\/ferienchalet-wallis.ch\/","logo":{"@type":"ImageObject","inLanguage":"en-GB","@id":"https:\/\/ferienchalet-wallis.ch\/#\/schema\/logo\/image\/","url":"https:\/\/ferienchalet-wallis.ch\/wp-content\/uploads\/2022\/01\/Logo_Kranzfelder.png","contentUrl":"https:\/\/ferienchalet-wallis.ch\/wp-content\/uploads\/2022\/01\/Logo_Kranzfelder.png","width":1526,"height":447,"caption":"Liegenschaftsbetreuung \/ Vermietung \u2013 M. Kranzfelder"},"image":{"@id":"https:\/\/ferienchalet-wallis.ch\/#\/schema\/logo\/image\/"}},{"@type":"Person","@id":"https:\/\/ferienchalet-wallis.ch\/#\/schema\/person\/18b3f062b0514bc953799175b9bfdd2b","name":"WalliSaar","image":{"@type":"ImageObject","inLanguage":"en-GB","@id":"https:\/\/secure.gravatar.com\/avatar\/1be7f9468eac0e02f655be9ab758a01ae5dc72d678841cc4898d463993c78d36?s=96&d=initials&r=g&initials=ru","url":"https:\/\/secure.gravatar.com\/avatar\/1be7f9468eac0e02f655be9ab758a01ae5dc72d678841cc4898d463993c78d36?s=96&d=initials&r=g&initials=ru","contentUrl":"https:\/\/secure.gravatar.com\/avatar\/1be7f9468eac0e02f655be9ab758a01ae5dc72d678841cc4898d463993c78d36?s=96&d=initials&r=g&initials=ru","caption":"WalliSaar"},"description":"Mein Name ist Anja Ruch und ich schreibe die Blogbeitr\u00e4ge f\u00fcr das Ehepaar Markus &amp; Tabitha Kranzfelder. Der Name WalliSaar gr\u00fcndet sich auf meinen Wurzeln im Saarland und den neuen im Wallis. My name is Anja Ruch and I write the blog entries for the Markus &amp; Tabitha Kranzfelder couple. The name WalliSaar shows the connection to my old roots in Saarland and the new ones in Valais.","sameAs":["https:\/\/www.ferienchalet-wallis.ch\/blog"],"url":"https:\/\/ferienchalet-wallis.ch\/en\/author\/wallisaar\/"}]}},"_links":{"self":[{"href":"https:\/\/ferienchalet-wallis.ch\/en\/wp-json\/wp\/v2\/posts\/2092","targetHints":{"allow":["GET"]}}],"collection":[{"href":"https:\/\/ferienchalet-wallis.ch\/en\/wp-json\/wp\/v2\/posts"}],"about":[{"href":"https:\/\/ferienchalet-wallis.ch\/en\/wp-json\/wp\/v2\/types\/post"}],"author":[{"embeddable":true,"href":"https:\/\/ferienchalet-wallis.ch\/en\/wp-json\/wp\/v2\/users\/3"}],"replies":[{"embeddable":true,"href":"https:\/\/ferienchalet-wallis.ch\/en\/wp-json\/wp\/v2\/comments?post=2092"}],"version-history":[{"count":9,"href":"https:\/\/ferienchalet-wallis.ch\/en\/wp-json\/wp\/v2\/posts\/2092\/revisions"}],"predecessor-version":[{"id":2123,"href":"https:\/\/ferienchalet-wallis.ch\/en\/wp-json\/wp\/v2\/posts\/2092\/revisions\/2123"}],"wp:featuredmedia":[{"embeddable":true,"href":"https:\/\/ferienchalet-wallis.ch\/en\/wp-json\/wp\/v2\/media\/2093"}],"wp:attachment":[{"href":"https:\/\/ferienchalet-wallis.ch\/en\/wp-json\/wp\/v2\/media?parent=2092"}],"wp:term":[{"taxonomy":"category","embeddable":true,"href":"https:\/\/ferienchalet-wallis.ch\/en\/wp-json\/wp\/v2\/categories?post=2092"},{"taxonomy":"post_tag","embeddable":true,"href":"https:\/\/ferienchalet-wallis.ch\/en\/wp-json\/wp\/v2\/tags?post=2092"}],"curies":[{"name":"wp","href":"https:\/\/api.w.org\/{rel}","templated":true}]}}