{"id":2122,"date":"2024-08-27T11:41:54","date_gmt":"2024-08-27T11:41:54","guid":{"rendered":"https:\/\/ferienchalet-wallis.ch\/?p=2122"},"modified":"2024-08-27T12:01:37","modified_gmt":"2024-08-27T12:01:37","slug":"tradition-im-oberwallis","status":"publish","type":"post","link":"https:\/\/ferienchalet-wallis.ch\/en\/tradition-im-oberwallis\/","title":{"rendered":"Tradition in Upper Valais"},"content":{"rendered":"<style type=\"text\/css\" data-created_by=\"avia_inline_auto\" id=\"style-css-av-m0c76g2c-8aa721b4a280810927c190602e7768fd\">\n#top .av-special-heading.av-m0c76g2c-8aa721b4a280810927c190602e7768fd{\npadding-bottom:10px;\n}\nbody .av-special-heading.av-m0c76g2c-8aa721b4a280810927c190602e7768fd .av-special-heading-tag .heading-char{\nfont-size:25px;\n}\n.av-special-heading.av-m0c76g2c-8aa721b4a280810927c190602e7768fd .av-subheading{\nfont-size:15px;\n}\n<\/style>\n<div  class='av-special-heading av-m0c76g2c-8aa721b4a280810927c190602e7768fd av-special-heading-h2  avia-builder-el-0  el_before_av_textblock  avia-builder-el-first'><h2 class='av-special-heading-tag'  itemprop=\"headline\"  >Traditional September weekend<\/h2><div class=\"special-heading-border\"><div class=\"special-heading-inner-border\"><\/div><\/div><\/div>\n<section  class='av_textblock_section av-m0c7l4uy-6318edf89d0573e0098558dbb913bc47'  itemscope=\"itemscope\" itemtype=\"https:\/\/schema.org\/BlogPosting\" itemprop=\"blogPost\" ><div class='avia_textblock'  itemprop=\"text\" ><p>And every year the marmot greets us. Yes, a traditional weekend in the Aletsch region is taking place again this year. This year from 13 to 15 September 2024. Do you like tradition? Then why not combine this Alpine event with a long weekend on the Riederalp or Bettmeralp? If the current weather remains stable, a week's hiking holiday with a crowning finale would also be an <a href=\"https:\/\/ferienchalet-wallis.ch\/en\/verfuegbarkeiten\/\">option<\/a>.<\/p>\n<h3>Candlelight dinner in the old days<\/h3>\n<p>Dining by candlelight in the 21st century seems unusual, but also exciting. This is possible at the Restaurant Alpina on Bettmeralp from 6 pm. Spend the time before this cosy evening with a short <a href=\"https:\/\/ferienchalet-wallis.ch\/en\/spaziergang-im-golmenegg\/\">walk in Golmenegg<\/a> or walk the <a href=\"https:\/\/www.aletscharena.ch\/en\/activities\/tour\/geologiesteg-moosfluh\" target=\"_blank\" rel=\"noopener\">Moosfluh geology theme trail<\/a>.<\/p>\n<p>You can also combine the village tour in Betten at 6.30 pm with a hike of approx. 2 hours <a href=\"https:\/\/www.tourispo.com\/hike\/village-hike-from-bettmer-alp-to-betten-dorf.html\" target=\"_blank\" rel=\"noopener\">by walking from Bettmeralp to Betten<\/a>. The route past the beautiful Maiens\u00e4ss takes you to Betten, from where you can take the cable car back up to Bettmeralp. If you are staying overnight on Riederalp and would like to save yourself the walk along the Aletsch promenade, walk from Betten to Greich to reach Riederalp directly.<\/p>\n<h3>Street festival with promenade<\/h3>\n<p>On Saturday from 11.30 am the \"Challenklub\" marches through the village of Bettmeralp and you can enjoy live music and old craftsmanship.<\/p>\n<h3>Try Gilih\u00fcsine<\/h3>\n<p>At the end of the eventful weekend, it's time to try out gilih\u00fcsine, an early form of hornussen. Non-professionals can also take part. The event takes place at Bettmersee. This event can also be easily combined with a <a href=\"https:\/\/ferienchalet-wallis.ch\/en\/der-bettmersee\/\">hike on Lake Bettmersee<\/a> .<\/p>\n<p>Please note that the number of participants is limited. Please register in good time at\u00a0<a href=\"mailto:info@aletscharena.ch\">info@aletscharena.ch<\/a><\/p>\n<p>And perhaps an eventful weekend is coming to an end for you. Have great holidays.<\/p>\n<p><em>Ghersch z Alphorn \u00f6i, wi\u00e4\u2018s t\u00f6nt vom Grat?<\/em><\/p>\n<\/div><\/section>\n<div class='flex_column av-8y34gx-a71c6a88be137835d4fa77ab43c8ec14 av_one_half  avia-builder-el-2  el_after_av_textblock  avia-builder-el-last  first flex_column_div column-top-margin'   ><p><div  class='av-post-metadata-container av-6x7gb5-03b218cfb3c93c954c375fac2ce93099 av-metadata-container-align-left  avia-builder-el-3  el_before_av_social_share  avia-builder-el-first  av-metadata-container-1'><div class='av-post-metadata-container-inner'><span class=\"av-post-metadata-content av-post-metadata-meta-content\"><span class=\"av-post-metadata-content av-post-metadata-author\"  itemprop=\"author\" ><span class=\"av-metadata-before av-metadata-before-author\">of<\/span><span class=\"av-post-metadata-author-link\" ><a href=\"https:\/\/ferienchalet-wallis.ch\/en\/author\/wallisaar\/\"  rel=\"author\">WalliSaar<\/a><\/span><\/span><span class=\"av-post-metadata-content av-post-metadata-separator\">\/<\/span><span class=\"av-post-metadata-content av-post-metadata-published\"><span class=\"av-post-metadata-published-date\" >August 27, 2024<\/span><\/span><\/span><\/div><\/div><br \/>\n<div  class='av-social-sharing-box av-368wwh-2e2b34ceb8e3b51fd2507c5d61c16a1a av-social-sharing-box-circle  avia-builder-el-4  el_after_av_post_metadata  avia-builder-el-last  av-social-sharing-box-color-bg av-social-sharing-box-same-width'><div class=\"av-share-box\"><h5 class='av-share-link-description av-no-toc'>Share entry<\/h5><ul class=\"av-share-box-list noLightbox\"><li class='av-share-link av-social-link-whatsapp' ><a target=\"_blank\" aria-label=\"Share on WhatsApp\" href='https:\/\/api.whatsapp.com\/send?text=https:\/\/ferienchalet-wallis.ch\/en\/tradition-im-oberwallis\/' aria-hidden='false' data-av_icon='\uf232' data-av_iconfont='entypo-fontello' title='' data-avia-related-tooltip='Share on WhatsApp' rel=\"noopener\"><span class='avia_hidden_link_text'>Share on WhatsApp<\/span><\/a><\/li><\/ul><\/div><\/div><\/p><\/div>","protected":false},"excerpt":{"rendered":"","protected":false},"author":3,"featured_media":2116,"comment_status":"closed","ping_status":"closed","sticky":false,"template":"","format":"standard","meta":{"footnotes":""},"categories":[6,8,20],"tags":[],"class_list":["post-2122","post","type-post","status-publish","format-standard","has-post-thumbnail","hentry","category-aletsch","category-bettmeralp","category-veranstaltungen"],"yoast_head":"<!-- This site is optimized with the Yoast SEO plugin v27.4 - https:\/\/yoast.com\/product\/yoast-seo-wordpress\/ -->\n<title>Tradition im Oberwallis - Bettmeralp und Riederalp<\/title>\n<meta name=\"description\" content=\"Wochenende mit Tradition am Aletschgletscher. Verl\u00e4ngertes Wochenende buchen!\" \/>\n<meta name=\"robots\" content=\"index, follow, max-snippet:-1, max-image-preview:large, max-video-preview:-1\" \/>\n<link rel=\"canonical\" href=\"https:\/\/ferienchalet-wallis.ch\/en\/tradition-im-oberwallis\/\" \/>\n<meta property=\"og:locale\" content=\"en_GB\" \/>\n<meta property=\"og:type\" content=\"article\" \/>\n<meta property=\"og:title\" content=\"Tradition im Oberwallis - Bettmeralp und Riederalp\" \/>\n<meta property=\"og:description\" content=\"Wochenende mit Tradition am Aletschgletscher. Verl\u00e4ngertes Wochenende buchen!\" \/>\n<meta property=\"og:url\" content=\"https:\/\/ferienchalet-wallis.ch\/en\/tradition-im-oberwallis\/\" \/>\n<meta property=\"og:site_name\" content=\"Bettmeralp und Riederalp\" \/>\n<meta property=\"article:published_time\" content=\"2024-08-27T11:41:54+00:00\" \/>\n<meta property=\"article:modified_time\" content=\"2024-08-27T12:01:37+00:00\" \/>\n<meta property=\"og:image\" content=\"https:\/\/ferienchalet-wallis.ch\/wp-content\/uploads\/2024\/08\/Gilihuesine_Wallis.jpg\" \/>\n\t<meta property=\"og:image:width\" content=\"2048\" \/>\n\t<meta property=\"og:image:height\" content=\"1360\" \/>\n\t<meta property=\"og:image:type\" content=\"image\/jpeg\" \/>\n<meta name=\"author\" content=\"WalliSaar\" \/>\n<meta name=\"twitter:card\" content=\"summary_large_image\" \/>\n<meta name=\"twitter:label1\" content=\"Written by\" \/>\n\t<meta name=\"twitter:data1\" content=\"WalliSaar\" \/>\n\t<meta name=\"twitter:label2\" content=\"Estimated reading time\" \/>\n\t<meta name=\"twitter:data2\" content=\"3 minutes\" \/>\n<script type=\"application\/ld+json\" class=\"yoast-schema-graph\">{\"@context\":\"https:\\\/\\\/schema.org\",\"@graph\":[{\"@type\":\"Article\",\"@id\":\"https:\\\/\\\/ferienchalet-wallis.ch\\\/tradition-im-oberwallis\\\/#article\",\"isPartOf\":{\"@id\":\"https:\\\/\\\/ferienchalet-wallis.ch\\\/tradition-im-oberwallis\\\/\"},\"author\":{\"name\":\"WalliSaar\",\"@id\":\"https:\\\/\\\/ferienchalet-wallis.ch\\\/#\\\/schema\\\/person\\\/18b3f062b0514bc953799175b9bfdd2b\"},\"headline\":\"Tradition im Oberwallis\",\"datePublished\":\"2024-08-27T11:41:54+00:00\",\"dateModified\":\"2024-08-27T12:01:37+00:00\",\"mainEntityOfPage\":{\"@id\":\"https:\\\/\\\/ferienchalet-wallis.ch\\\/tradition-im-oberwallis\\\/\"},\"wordCount\":775,\"publisher\":{\"@id\":\"https:\\\/\\\/ferienchalet-wallis.ch\\\/#organization\"},\"image\":{\"@id\":\"https:\\\/\\\/ferienchalet-wallis.ch\\\/tradition-im-oberwallis\\\/#primaryimage\"},\"thumbnailUrl\":\"https:\\\/\\\/ferienchalet-wallis.ch\\\/wp-content\\\/uploads\\\/2024\\\/08\\\/Gilihuesine_Wallis.jpg\",\"articleSection\":[\"Aletsch\",\"Bettmeralp\",\"Veranstaltungen\"],\"inLanguage\":\"en-GB\"},{\"@type\":\"WebPage\",\"@id\":\"https:\\\/\\\/ferienchalet-wallis.ch\\\/tradition-im-oberwallis\\\/\",\"url\":\"https:\\\/\\\/ferienchalet-wallis.ch\\\/tradition-im-oberwallis\\\/\",\"name\":\"Tradition im Oberwallis - Bettmeralp und Riederalp\",\"isPartOf\":{\"@id\":\"https:\\\/\\\/ferienchalet-wallis.ch\\\/#website\"},\"primaryImageOfPage\":{\"@id\":\"https:\\\/\\\/ferienchalet-wallis.ch\\\/tradition-im-oberwallis\\\/#primaryimage\"},\"image\":{\"@id\":\"https:\\\/\\\/ferienchalet-wallis.ch\\\/tradition-im-oberwallis\\\/#primaryimage\"},\"thumbnailUrl\":\"https:\\\/\\\/ferienchalet-wallis.ch\\\/wp-content\\\/uploads\\\/2024\\\/08\\\/Gilihuesine_Wallis.jpg\",\"datePublished\":\"2024-08-27T11:41:54+00:00\",\"dateModified\":\"2024-08-27T12:01:37+00:00\",\"description\":\"Wochenende mit Tradition am Aletschgletscher. Verl\u00e4ngertes Wochenende buchen!\",\"breadcrumb\":{\"@id\":\"https:\\\/\\\/ferienchalet-wallis.ch\\\/tradition-im-oberwallis\\\/#breadcrumb\"},\"inLanguage\":\"en-GB\",\"potentialAction\":[{\"@type\":\"ReadAction\",\"target\":[\"https:\\\/\\\/ferienchalet-wallis.ch\\\/tradition-im-oberwallis\\\/\"]}]},{\"@type\":\"ImageObject\",\"inLanguage\":\"en-GB\",\"@id\":\"https:\\\/\\\/ferienchalet-wallis.ch\\\/tradition-im-oberwallis\\\/#primaryimage\",\"url\":\"https:\\\/\\\/ferienchalet-wallis.ch\\\/wp-content\\\/uploads\\\/2024\\\/08\\\/Gilihuesine_Wallis.jpg\",\"contentUrl\":\"https:\\\/\\\/ferienchalet-wallis.ch\\\/wp-content\\\/uploads\\\/2024\\\/08\\\/Gilihuesine_Wallis.jpg\",\"width\":2048,\"height\":1360,\"caption\":\"Gilih\u00fcsine_Wallis\"},{\"@type\":\"BreadcrumbList\",\"@id\":\"https:\\\/\\\/ferienchalet-wallis.ch\\\/tradition-im-oberwallis\\\/#breadcrumb\",\"itemListElement\":[{\"@type\":\"ListItem\",\"position\":1,\"name\":\"Home\",\"item\":\"https:\\\/\\\/ferienchalet-wallis.ch\\\/\"},{\"@type\":\"ListItem\",\"position\":2,\"name\":\"Tradition im Oberwallis\"}]},{\"@type\":\"WebSite\",\"@id\":\"https:\\\/\\\/ferienchalet-wallis.ch\\\/#website\",\"url\":\"https:\\\/\\\/ferienchalet-wallis.ch\\\/\",\"name\":\"Bettmeralp und Riederalp\",\"description\":\"Kranzfelder Markus\",\"publisher\":{\"@id\":\"https:\\\/\\\/ferienchalet-wallis.ch\\\/#organization\"},\"potentialAction\":[{\"@type\":\"SearchAction\",\"target\":{\"@type\":\"EntryPoint\",\"urlTemplate\":\"https:\\\/\\\/ferienchalet-wallis.ch\\\/?s={search_term_string}\"},\"query-input\":{\"@type\":\"PropertyValueSpecification\",\"valueRequired\":true,\"valueName\":\"search_term_string\"}}],\"inLanguage\":\"en-GB\"},{\"@type\":\"Organization\",\"@id\":\"https:\\\/\\\/ferienchalet-wallis.ch\\\/#organization\",\"name\":\"Liegenschaftsbetreuung \\\/ Vermietung \u2013 M. Kranzfelder\",\"url\":\"https:\\\/\\\/ferienchalet-wallis.ch\\\/\",\"logo\":{\"@type\":\"ImageObject\",\"inLanguage\":\"en-GB\",\"@id\":\"https:\\\/\\\/ferienchalet-wallis.ch\\\/#\\\/schema\\\/logo\\\/image\\\/\",\"url\":\"https:\\\/\\\/ferienchalet-wallis.ch\\\/wp-content\\\/uploads\\\/2022\\\/01\\\/Logo_Kranzfelder.png\",\"contentUrl\":\"https:\\\/\\\/ferienchalet-wallis.ch\\\/wp-content\\\/uploads\\\/2022\\\/01\\\/Logo_Kranzfelder.png\",\"width\":1526,\"height\":447,\"caption\":\"Liegenschaftsbetreuung \\\/ Vermietung \u2013 M. Kranzfelder\"},\"image\":{\"@id\":\"https:\\\/\\\/ferienchalet-wallis.ch\\\/#\\\/schema\\\/logo\\\/image\\\/\"}},{\"@type\":\"Person\",\"@id\":\"https:\\\/\\\/ferienchalet-wallis.ch\\\/#\\\/schema\\\/person\\\/18b3f062b0514bc953799175b9bfdd2b\",\"name\":\"WalliSaar\",\"image\":{\"@type\":\"ImageObject\",\"inLanguage\":\"en-GB\",\"@id\":\"https:\\\/\\\/secure.gravatar.com\\\/avatar\\\/1be7f9468eac0e02f655be9ab758a01ae5dc72d678841cc4898d463993c78d36?s=96&d=initials&r=g&initials=ru\",\"url\":\"https:\\\/\\\/secure.gravatar.com\\\/avatar\\\/1be7f9468eac0e02f655be9ab758a01ae5dc72d678841cc4898d463993c78d36?s=96&d=initials&r=g&initials=ru\",\"contentUrl\":\"https:\\\/\\\/secure.gravatar.com\\\/avatar\\\/1be7f9468eac0e02f655be9ab758a01ae5dc72d678841cc4898d463993c78d36?s=96&d=initials&r=g&initials=ru\",\"caption\":\"WalliSaar\"},\"description\":\"Mein Name ist Anja Ruch und ich schreibe die Blogbeitr\u00e4ge f\u00fcr das Ehepaar Markus &amp; Tabitha Kranzfelder. Der Name WalliSaar gr\u00fcndet sich auf meinen Wurzeln im Saarland und den neuen im Wallis. My name is Anja Ruch and I write the blog entries for the Markus &amp; Tabitha Kranzfelder couple. The name WalliSaar shows the connection to my old roots in Saarland and the new ones in Valais.\",\"sameAs\":[\"https:\\\/\\\/www.ferienchalet-wallis.ch\\\/blog\"],\"url\":\"https:\\\/\\\/ferienchalet-wallis.ch\\\/en\\\/author\\\/wallisaar\\\/\"}]}<\/script>\n<!-- \/ Yoast SEO plugin. -->","yoast_head_json":{"title":"Tradition im Oberwallis - Bettmeralp und Riederalp","description":"Wochenende mit Tradition am Aletschgletscher. Verl\u00e4ngertes Wochenende buchen!","robots":{"index":"index","follow":"follow","max-snippet":"max-snippet:-1","max-image-preview":"max-image-preview:large","max-video-preview":"max-video-preview:-1"},"canonical":"https:\/\/ferienchalet-wallis.ch\/en\/tradition-im-oberwallis\/","og_locale":"en_GB","og_type":"article","og_title":"Tradition im Oberwallis - Bettmeralp und Riederalp","og_description":"Wochenende mit Tradition am Aletschgletscher. Verl\u00e4ngertes Wochenende buchen!","og_url":"https:\/\/ferienchalet-wallis.ch\/en\/tradition-im-oberwallis\/","og_site_name":"Bettmeralp und Riederalp","article_published_time":"2024-08-27T11:41:54+00:00","article_modified_time":"2024-08-27T12:01:37+00:00","og_image":[{"width":2048,"height":1360,"url":"https:\/\/ferienchalet-wallis.ch\/wp-content\/uploads\/2024\/08\/Gilihuesine_Wallis.jpg","type":"image\/jpeg"}],"author":"WalliSaar","twitter_card":"summary_large_image","twitter_misc":{"Written by":"WalliSaar","Estimated reading time":"3 minutes"},"schema":{"@context":"https:\/\/schema.org","@graph":[{"@type":"Article","@id":"https:\/\/ferienchalet-wallis.ch\/tradition-im-oberwallis\/#article","isPartOf":{"@id":"https:\/\/ferienchalet-wallis.ch\/tradition-im-oberwallis\/"},"author":{"name":"WalliSaar","@id":"https:\/\/ferienchalet-wallis.ch\/#\/schema\/person\/18b3f062b0514bc953799175b9bfdd2b"},"headline":"Tradition im Oberwallis","datePublished":"2024-08-27T11:41:54+00:00","dateModified":"2024-08-27T12:01:37+00:00","mainEntityOfPage":{"@id":"https:\/\/ferienchalet-wallis.ch\/tradition-im-oberwallis\/"},"wordCount":775,"publisher":{"@id":"https:\/\/ferienchalet-wallis.ch\/#organization"},"image":{"@id":"https:\/\/ferienchalet-wallis.ch\/tradition-im-oberwallis\/#primaryimage"},"thumbnailUrl":"https:\/\/ferienchalet-wallis.ch\/wp-content\/uploads\/2024\/08\/Gilihuesine_Wallis.jpg","articleSection":["Aletsch","Bettmeralp","Veranstaltungen"],"inLanguage":"en-GB"},{"@type":"WebPage","@id":"https:\/\/ferienchalet-wallis.ch\/tradition-im-oberwallis\/","url":"https:\/\/ferienchalet-wallis.ch\/tradition-im-oberwallis\/","name":"Tradition im Oberwallis - Bettmeralp und Riederalp","isPartOf":{"@id":"https:\/\/ferienchalet-wallis.ch\/#website"},"primaryImageOfPage":{"@id":"https:\/\/ferienchalet-wallis.ch\/tradition-im-oberwallis\/#primaryimage"},"image":{"@id":"https:\/\/ferienchalet-wallis.ch\/tradition-im-oberwallis\/#primaryimage"},"thumbnailUrl":"https:\/\/ferienchalet-wallis.ch\/wp-content\/uploads\/2024\/08\/Gilihuesine_Wallis.jpg","datePublished":"2024-08-27T11:41:54+00:00","dateModified":"2024-08-27T12:01:37+00:00","description":"Wochenende mit Tradition am Aletschgletscher. Verl\u00e4ngertes Wochenende buchen!","breadcrumb":{"@id":"https:\/\/ferienchalet-wallis.ch\/tradition-im-oberwallis\/#breadcrumb"},"inLanguage":"en-GB","potentialAction":[{"@type":"ReadAction","target":["https:\/\/ferienchalet-wallis.ch\/tradition-im-oberwallis\/"]}]},{"@type":"ImageObject","inLanguage":"en-GB","@id":"https:\/\/ferienchalet-wallis.ch\/tradition-im-oberwallis\/#primaryimage","url":"https:\/\/ferienchalet-wallis.ch\/wp-content\/uploads\/2024\/08\/Gilihuesine_Wallis.jpg","contentUrl":"https:\/\/ferienchalet-wallis.ch\/wp-content\/uploads\/2024\/08\/Gilihuesine_Wallis.jpg","width":2048,"height":1360,"caption":"Gilih\u00fcsine_Wallis"},{"@type":"BreadcrumbList","@id":"https:\/\/ferienchalet-wallis.ch\/tradition-im-oberwallis\/#breadcrumb","itemListElement":[{"@type":"ListItem","position":1,"name":"Home","item":"https:\/\/ferienchalet-wallis.ch\/"},{"@type":"ListItem","position":2,"name":"Tradition im Oberwallis"}]},{"@type":"WebSite","@id":"https:\/\/ferienchalet-wallis.ch\/#website","url":"https:\/\/ferienchalet-wallis.ch\/","name":"Bettmeralp and Riederalp","description":"Kranzfelder Markus","publisher":{"@id":"https:\/\/ferienchalet-wallis.ch\/#organization"},"potentialAction":[{"@type":"SearchAction","target":{"@type":"EntryPoint","urlTemplate":"https:\/\/ferienchalet-wallis.ch\/?s={search_term_string}"},"query-input":{"@type":"PropertyValueSpecification","valueRequired":true,"valueName":"search_term_string"}}],"inLanguage":"en-GB"},{"@type":"Organization","@id":"https:\/\/ferienchalet-wallis.ch\/#organization","name":"Liegenschaftsbetreuung \/ Vermietung \u2013 M. Kranzfelder","url":"https:\/\/ferienchalet-wallis.ch\/","logo":{"@type":"ImageObject","inLanguage":"en-GB","@id":"https:\/\/ferienchalet-wallis.ch\/#\/schema\/logo\/image\/","url":"https:\/\/ferienchalet-wallis.ch\/wp-content\/uploads\/2022\/01\/Logo_Kranzfelder.png","contentUrl":"https:\/\/ferienchalet-wallis.ch\/wp-content\/uploads\/2022\/01\/Logo_Kranzfelder.png","width":1526,"height":447,"caption":"Liegenschaftsbetreuung \/ Vermietung \u2013 M. Kranzfelder"},"image":{"@id":"https:\/\/ferienchalet-wallis.ch\/#\/schema\/logo\/image\/"}},{"@type":"Person","@id":"https:\/\/ferienchalet-wallis.ch\/#\/schema\/person\/18b3f062b0514bc953799175b9bfdd2b","name":"WalliSaar","image":{"@type":"ImageObject","inLanguage":"en-GB","@id":"https:\/\/secure.gravatar.com\/avatar\/1be7f9468eac0e02f655be9ab758a01ae5dc72d678841cc4898d463993c78d36?s=96&d=initials&r=g&initials=ru","url":"https:\/\/secure.gravatar.com\/avatar\/1be7f9468eac0e02f655be9ab758a01ae5dc72d678841cc4898d463993c78d36?s=96&d=initials&r=g&initials=ru","contentUrl":"https:\/\/secure.gravatar.com\/avatar\/1be7f9468eac0e02f655be9ab758a01ae5dc72d678841cc4898d463993c78d36?s=96&d=initials&r=g&initials=ru","caption":"WalliSaar"},"description":"Mein Name ist Anja Ruch und ich schreibe die Blogbeitr\u00e4ge f\u00fcr das Ehepaar Markus &amp; Tabitha Kranzfelder. Der Name WalliSaar gr\u00fcndet sich auf meinen Wurzeln im Saarland und den neuen im Wallis. My name is Anja Ruch and I write the blog entries for the Markus &amp; Tabitha Kranzfelder couple. The name WalliSaar shows the connection to my old roots in Saarland and the new ones in Valais.","sameAs":["https:\/\/www.ferienchalet-wallis.ch\/blog"],"url":"https:\/\/ferienchalet-wallis.ch\/en\/author\/wallisaar\/"}]}},"_links":{"self":[{"href":"https:\/\/ferienchalet-wallis.ch\/en\/wp-json\/wp\/v2\/posts\/2122","targetHints":{"allow":["GET"]}}],"collection":[{"href":"https:\/\/ferienchalet-wallis.ch\/en\/wp-json\/wp\/v2\/posts"}],"about":[{"href":"https:\/\/ferienchalet-wallis.ch\/en\/wp-json\/wp\/v2\/types\/post"}],"author":[{"embeddable":true,"href":"https:\/\/ferienchalet-wallis.ch\/en\/wp-json\/wp\/v2\/users\/3"}],"replies":[{"embeddable":true,"href":"https:\/\/ferienchalet-wallis.ch\/en\/wp-json\/wp\/v2\/comments?post=2122"}],"version-history":[{"count":3,"href":"https:\/\/ferienchalet-wallis.ch\/en\/wp-json\/wp\/v2\/posts\/2122\/revisions"}],"predecessor-version":[{"id":2126,"href":"https:\/\/ferienchalet-wallis.ch\/en\/wp-json\/wp\/v2\/posts\/2122\/revisions\/2126"}],"wp:featuredmedia":[{"embeddable":true,"href":"https:\/\/ferienchalet-wallis.ch\/en\/wp-json\/wp\/v2\/media\/2116"}],"wp:attachment":[{"href":"https:\/\/ferienchalet-wallis.ch\/en\/wp-json\/wp\/v2\/media?parent=2122"}],"wp:term":[{"taxonomy":"category","embeddable":true,"href":"https:\/\/ferienchalet-wallis.ch\/en\/wp-json\/wp\/v2\/categories?post=2122"},{"taxonomy":"post_tag","embeddable":true,"href":"https:\/\/ferienchalet-wallis.ch\/en\/wp-json\/wp\/v2\/tags?post=2122"}],"curies":[{"name":"wp","href":"https:\/\/api.w.org\/{rel}","templated":true}]}}