{"id":2180,"date":"2024-10-29T09:40:42","date_gmt":"2024-10-29T09:40:42","guid":{"rendered":"https:\/\/ferienchalet-wallis.ch\/?p=2180"},"modified":"2024-10-29T10:09:04","modified_gmt":"2024-10-29T10:09:04","slug":"herbst-wochenende-fuer-kurzentschlossene","status":"publish","type":"post","link":"https:\/\/ferienchalet-wallis.ch\/en\/herbst-wochenende-fuer-kurzentschlossene\/","title":{"rendered":"Autumn weekend for last-minute travellers"},"content":{"rendered":"<style type=\"text\/css\" data-created_by=\"avia_inline_auto\" id=\"style-css-av-m2u8jtn7-fdb55f1d6b03290090edfbae4ca57a0e\">\n#top .av-special-heading.av-m2u8jtn7-fdb55f1d6b03290090edfbae4ca57a0e{\npadding-bottom:10px;\n}\nbody .av-special-heading.av-m2u8jtn7-fdb55f1d6b03290090edfbae4ca57a0e .av-special-heading-tag .heading-char{\nfont-size:25px;\n}\n.av-special-heading.av-m2u8jtn7-fdb55f1d6b03290090edfbae4ca57a0e .av-subheading{\nfont-size:15px;\n}\n<\/style>\n<div  class='av-special-heading av-m2u8jtn7-fdb55f1d6b03290090edfbae4ca57a0e av-special-heading-h2  avia-builder-el-0  el_before_av_textblock  avia-builder-el-first'><h2 class='av-special-heading-tag'  itemprop=\"headline\"  >Extended weekend at the Aletsch<\/h2><div class=\"special-heading-border\"><div class=\"special-heading-inner-border\"><\/div><\/div><\/div>\n<section  class='av_textblock_section av-m2u93gz3-8ad49d27f06f0a2c0b2ccaf1011248de'  itemscope=\"itemscope\" itemtype=\"https:\/\/schema.org\/BlogPosting\" itemprop=\"blogPost\" ><div class='avia_textblock'  itemprop=\"text\" ><p>Looking back at September and October this year, it really hasn't been a consistent hiking season. But this week the sun is shining like crazy.<\/p>\n<h3>Enjoy the autumn once again<\/h3>\n<p>Fog at home? Not so in the Upper Valais. When the weather is perfect, it's worth making a last-minute decision to head to the mountains and spend a cosy weekend over the first of November in pleasant daytime temperatures. It's true, it's mid-season and most of the restaurants in the Aletsch Arena are closed. But the <a href=\"https:\/\/www.aletscharena.ch\/en\/aletsch-arena\/poi\/coop-bettmeralp\" target=\"_blank\" rel=\"noopener\">supermarket<\/a> is open. So what's stopping you from enjoying your free time in addition to the beautiful mountain scenery?<\/p>\n<h3>Cosy evenings for two<\/h3>\n<p>The mid-season is perfect for couples who just want some peace and quiet. Simply time for two. Have a leisurely breakfast in the morning and then go for a hike. In the evening, light up the fire and review the day's hike over a glass of wine and a raclette or fondue. Making the most of your holiday <a href=\"https:\/\/ferienchalet-wallis.ch\/en\/fewo\/\" target=\"_blank\" rel=\"noopener\">flat<\/a> by cooking together in the evening and spending time together. That's my idea of slowing down.<\/p>\n<h3>Cooking quick meals<\/h3>\n<p>What do you take with you to eat if you want to cater for yourself? Eat Swiss food. It's quick: of course, raclette, fondue cheese and a Valais white wine should be on the shopping list. My suggestion for 4 evenings: 1x fondue, 1x polenta with sausage, 1x raclette and 1x <a href=\"https:\/\/www.swissmilk.ch\/de\/rezepte-kochideen\/rezepte\/LM200309_57_A\/aelplermagronen-mit-apfelmus\/\" target=\"_blank\" rel=\"noopener\">\u00c4lpler macaroni<\/a>. Then you leave happy - with impressions of the Valais mountains and filled with Swiss cheese.<\/p>\n<p><em>Blicke in die sch\u00f6ne Natur und beruhige dein Gem\u00fct (Ludwig van Beethoven)<\/em><\/p>\n<\/div><\/section>\n<div class='flex_column av-9u3e04-1ad64e6403aab4ea125a87eca87ab5b0 av_one_half  avia-builder-el-2  el_after_av_textblock  avia-builder-el-last  first flex_column_div column-top-margin'   ><p><div  class='av-post-metadata-container av-6suk7o-dfdc625f1acbe8f74455257d698cb7aa av-metadata-container-align-left  avia-builder-el-3  el_before_av_social_share  avia-builder-el-first  av-metadata-container-1'><div class='av-post-metadata-container-inner'><span class=\"av-post-metadata-content av-post-metadata-meta-content\"><span class=\"av-post-metadata-content av-post-metadata-author\"  itemprop=\"author\" ><span class=\"av-metadata-before av-metadata-before-author\">of<\/span><span class=\"av-post-metadata-author-link\" ><a href=\"https:\/\/ferienchalet-wallis.ch\/en\/author\/wallisaar\/\"  rel=\"author\">WalliSaar<\/a><\/span><\/span><span class=\"av-post-metadata-content av-post-metadata-separator\">\/<\/span><span class=\"av-post-metadata-content av-post-metadata-published\"><span class=\"av-post-metadata-published-date\" >October 29, 2024<\/span><\/span><\/span><\/div><\/div><br \/>\n<div  class='av-social-sharing-box av-2f21r8-3f5743a2398636f41331d6248c301aac av-social-sharing-box-circle  avia-builder-el-4  el_after_av_post_metadata  avia-builder-el-last  av-social-sharing-box-color-bg av-social-sharing-box-same-width'><div class=\"av-share-box\"><h5 class='av-share-link-description av-no-toc'>Share entry<\/h5><ul class=\"av-share-box-list noLightbox\"><li class='av-share-link av-social-link-whatsapp' ><a target=\"_blank\" aria-label=\"Share on WhatsApp\" href='https:\/\/api.whatsapp.com\/send?text=https:\/\/ferienchalet-wallis.ch\/en\/herbst-wochenende-fuer-kurzentschlossene\/' aria-hidden='false' data-av_icon='\uf232' data-av_iconfont='entypo-fontello' title='' data-avia-related-tooltip='Share on WhatsApp' rel=\"noopener\"><span class='avia_hidden_link_text'>Share on WhatsApp<\/span><\/a><\/li><\/ul><\/div><\/div><\/p><\/div>","protected":false},"excerpt":{"rendered":"","protected":false},"author":3,"featured_media":2181,"comment_status":"closed","ping_status":"closed","sticky":false,"template":"","format":"standard","meta":{"footnotes":""},"categories":[6,12],"tags":[],"class_list":["post-2180","post","type-post","status-publish","format-standard","has-post-thumbnail","hentry","category-aletsch","category-wandern"],"yoast_head":"<!-- This site is optimized with the Yoast SEO plugin v27.4 - https:\/\/yoast.com\/product\/yoast-seo-wordpress\/ -->\n<title>Herbst Wochenende f\u00fcr Kurzentschlossene - Bettmeralp und Riederalp<\/title>\n<meta name=\"description\" content=\"Noch einmal in die Berge. Herbst Wochenende \u00fcber den ersten November f\u00fcr Kurzentschlossene buchen und die Walliser Bergwelt bestaunen.\" \/>\n<meta name=\"robots\" content=\"index, follow, max-snippet:-1, max-image-preview:large, max-video-preview:-1\" \/>\n<link rel=\"canonical\" href=\"https:\/\/ferienchalet-wallis.ch\/en\/herbst-wochenende-fuer-kurzentschlossene\/\" \/>\n<meta property=\"og:locale\" content=\"en_GB\" \/>\n<meta property=\"og:type\" content=\"article\" \/>\n<meta property=\"og:title\" content=\"Herbst Wochenende f\u00fcr Kurzentschlossene - Bettmeralp und Riederalp\" \/>\n<meta property=\"og:description\" content=\"Noch einmal in die Berge. Herbst Wochenende \u00fcber den ersten November f\u00fcr Kurzentschlossene buchen und die Walliser Bergwelt bestaunen.\" \/>\n<meta property=\"og:url\" content=\"https:\/\/ferienchalet-wallis.ch\/en\/herbst-wochenende-fuer-kurzentschlossene\/\" \/>\n<meta property=\"og:site_name\" content=\"Bettmeralp und Riederalp\" \/>\n<meta property=\"article:published_time\" content=\"2024-10-29T09:40:42+00:00\" \/>\n<meta property=\"article:modified_time\" content=\"2024-10-29T10:09:04+00:00\" \/>\n<meta property=\"og:image\" content=\"https:\/\/ferienchalet-wallis.ch\/wp-content\/uploads\/2024\/10\/Wandern_Herbst.jpg\" \/>\n\t<meta property=\"og:image:width\" content=\"2048\" \/>\n\t<meta property=\"og:image:height\" content=\"1201\" \/>\n\t<meta property=\"og:image:type\" content=\"image\/jpeg\" \/>\n<meta name=\"author\" content=\"WalliSaar\" \/>\n<meta name=\"twitter:card\" content=\"summary_large_image\" \/>\n<meta name=\"twitter:label1\" content=\"Written by\" \/>\n\t<meta name=\"twitter:data1\" content=\"WalliSaar\" \/>\n\t<meta name=\"twitter:label2\" content=\"Estimated reading time\" \/>\n\t<meta name=\"twitter:data2\" content=\"3 minutes\" \/>\n<script type=\"application\/ld+json\" class=\"yoast-schema-graph\">{\"@context\":\"https:\\\/\\\/schema.org\",\"@graph\":[{\"@type\":\"Article\",\"@id\":\"https:\\\/\\\/ferienchalet-wallis.ch\\\/herbst-wochenende-fuer-kurzentschlossene\\\/#article\",\"isPartOf\":{\"@id\":\"https:\\\/\\\/ferienchalet-wallis.ch\\\/herbst-wochenende-fuer-kurzentschlossene\\\/\"},\"author\":{\"name\":\"WalliSaar\",\"@id\":\"https:\\\/\\\/ferienchalet-wallis.ch\\\/#\\\/schema\\\/person\\\/18b3f062b0514bc953799175b9bfdd2b\"},\"headline\":\"Herbst Wochenende f\u00fcr Kurzentschlossene\",\"datePublished\":\"2024-10-29T09:40:42+00:00\",\"dateModified\":\"2024-10-29T10:09:04+00:00\",\"mainEntityOfPage\":{\"@id\":\"https:\\\/\\\/ferienchalet-wallis.ch\\\/herbst-wochenende-fuer-kurzentschlossene\\\/\"},\"wordCount\":745,\"publisher\":{\"@id\":\"https:\\\/\\\/ferienchalet-wallis.ch\\\/#organization\"},\"image\":{\"@id\":\"https:\\\/\\\/ferienchalet-wallis.ch\\\/herbst-wochenende-fuer-kurzentschlossene\\\/#primaryimage\"},\"thumbnailUrl\":\"https:\\\/\\\/ferienchalet-wallis.ch\\\/wp-content\\\/uploads\\\/2024\\\/10\\\/Wandern_Herbst.jpg\",\"articleSection\":[\"Aletsch\",\"Wandern\"],\"inLanguage\":\"en-GB\"},{\"@type\":\"WebPage\",\"@id\":\"https:\\\/\\\/ferienchalet-wallis.ch\\\/herbst-wochenende-fuer-kurzentschlossene\\\/\",\"url\":\"https:\\\/\\\/ferienchalet-wallis.ch\\\/herbst-wochenende-fuer-kurzentschlossene\\\/\",\"name\":\"Herbst Wochenende f\u00fcr Kurzentschlossene - Bettmeralp und Riederalp\",\"isPartOf\":{\"@id\":\"https:\\\/\\\/ferienchalet-wallis.ch\\\/#website\"},\"primaryImageOfPage\":{\"@id\":\"https:\\\/\\\/ferienchalet-wallis.ch\\\/herbst-wochenende-fuer-kurzentschlossene\\\/#primaryimage\"},\"image\":{\"@id\":\"https:\\\/\\\/ferienchalet-wallis.ch\\\/herbst-wochenende-fuer-kurzentschlossene\\\/#primaryimage\"},\"thumbnailUrl\":\"https:\\\/\\\/ferienchalet-wallis.ch\\\/wp-content\\\/uploads\\\/2024\\\/10\\\/Wandern_Herbst.jpg\",\"datePublished\":\"2024-10-29T09:40:42+00:00\",\"dateModified\":\"2024-10-29T10:09:04+00:00\",\"description\":\"Noch einmal in die Berge. Herbst Wochenende \u00fcber den ersten November f\u00fcr Kurzentschlossene buchen und die Walliser Bergwelt bestaunen.\",\"breadcrumb\":{\"@id\":\"https:\\\/\\\/ferienchalet-wallis.ch\\\/herbst-wochenende-fuer-kurzentschlossene\\\/#breadcrumb\"},\"inLanguage\":\"en-GB\",\"potentialAction\":[{\"@type\":\"ReadAction\",\"target\":[\"https:\\\/\\\/ferienchalet-wallis.ch\\\/herbst-wochenende-fuer-kurzentschlossene\\\/\"]}]},{\"@type\":\"ImageObject\",\"inLanguage\":\"en-GB\",\"@id\":\"https:\\\/\\\/ferienchalet-wallis.ch\\\/herbst-wochenende-fuer-kurzentschlossene\\\/#primaryimage\",\"url\":\"https:\\\/\\\/ferienchalet-wallis.ch\\\/wp-content\\\/uploads\\\/2024\\\/10\\\/Wandern_Herbst.jpg\",\"contentUrl\":\"https:\\\/\\\/ferienchalet-wallis.ch\\\/wp-content\\\/uploads\\\/2024\\\/10\\\/Wandern_Herbst.jpg\",\"width\":2048,\"height\":1201,\"caption\":\"Wandern_Herbst_Aletsch\"},{\"@type\":\"BreadcrumbList\",\"@id\":\"https:\\\/\\\/ferienchalet-wallis.ch\\\/herbst-wochenende-fuer-kurzentschlossene\\\/#breadcrumb\",\"itemListElement\":[{\"@type\":\"ListItem\",\"position\":1,\"name\":\"Home\",\"item\":\"https:\\\/\\\/ferienchalet-wallis.ch\\\/\"},{\"@type\":\"ListItem\",\"position\":2,\"name\":\"Herbst Wochenende f\u00fcr Kurzentschlossene\"}]},{\"@type\":\"WebSite\",\"@id\":\"https:\\\/\\\/ferienchalet-wallis.ch\\\/#website\",\"url\":\"https:\\\/\\\/ferienchalet-wallis.ch\\\/\",\"name\":\"Bettmeralp und Riederalp\",\"description\":\"Kranzfelder Markus\",\"publisher\":{\"@id\":\"https:\\\/\\\/ferienchalet-wallis.ch\\\/#organization\"},\"potentialAction\":[{\"@type\":\"SearchAction\",\"target\":{\"@type\":\"EntryPoint\",\"urlTemplate\":\"https:\\\/\\\/ferienchalet-wallis.ch\\\/?s={search_term_string}\"},\"query-input\":{\"@type\":\"PropertyValueSpecification\",\"valueRequired\":true,\"valueName\":\"search_term_string\"}}],\"inLanguage\":\"en-GB\"},{\"@type\":\"Organization\",\"@id\":\"https:\\\/\\\/ferienchalet-wallis.ch\\\/#organization\",\"name\":\"Liegenschaftsbetreuung \\\/ Vermietung \u2013 M. Kranzfelder\",\"url\":\"https:\\\/\\\/ferienchalet-wallis.ch\\\/\",\"logo\":{\"@type\":\"ImageObject\",\"inLanguage\":\"en-GB\",\"@id\":\"https:\\\/\\\/ferienchalet-wallis.ch\\\/#\\\/schema\\\/logo\\\/image\\\/\",\"url\":\"https:\\\/\\\/ferienchalet-wallis.ch\\\/wp-content\\\/uploads\\\/2022\\\/01\\\/Logo_Kranzfelder.png\",\"contentUrl\":\"https:\\\/\\\/ferienchalet-wallis.ch\\\/wp-content\\\/uploads\\\/2022\\\/01\\\/Logo_Kranzfelder.png\",\"width\":1526,\"height\":447,\"caption\":\"Liegenschaftsbetreuung \\\/ Vermietung \u2013 M. Kranzfelder\"},\"image\":{\"@id\":\"https:\\\/\\\/ferienchalet-wallis.ch\\\/#\\\/schema\\\/logo\\\/image\\\/\"}},{\"@type\":\"Person\",\"@id\":\"https:\\\/\\\/ferienchalet-wallis.ch\\\/#\\\/schema\\\/person\\\/18b3f062b0514bc953799175b9bfdd2b\",\"name\":\"WalliSaar\",\"image\":{\"@type\":\"ImageObject\",\"inLanguage\":\"en-GB\",\"@id\":\"https:\\\/\\\/secure.gravatar.com\\\/avatar\\\/1be7f9468eac0e02f655be9ab758a01ae5dc72d678841cc4898d463993c78d36?s=96&d=initials&r=g&initials=ru\",\"url\":\"https:\\\/\\\/secure.gravatar.com\\\/avatar\\\/1be7f9468eac0e02f655be9ab758a01ae5dc72d678841cc4898d463993c78d36?s=96&d=initials&r=g&initials=ru\",\"contentUrl\":\"https:\\\/\\\/secure.gravatar.com\\\/avatar\\\/1be7f9468eac0e02f655be9ab758a01ae5dc72d678841cc4898d463993c78d36?s=96&d=initials&r=g&initials=ru\",\"caption\":\"WalliSaar\"},\"description\":\"Mein Name ist Anja Ruch und ich schreibe die Blogbeitr\u00e4ge f\u00fcr das Ehepaar Markus &amp; Tabitha Kranzfelder. Der Name WalliSaar gr\u00fcndet sich auf meinen Wurzeln im Saarland und den neuen im Wallis. My name is Anja Ruch and I write the blog entries for the Markus &amp; Tabitha Kranzfelder couple. The name WalliSaar shows the connection to my old roots in Saarland and the new ones in Valais.\",\"sameAs\":[\"https:\\\/\\\/www.ferienchalet-wallis.ch\\\/blog\"],\"url\":\"https:\\\/\\\/ferienchalet-wallis.ch\\\/en\\\/author\\\/wallisaar\\\/\"}]}<\/script>\n<!-- \/ Yoast SEO plugin. -->","yoast_head_json":{"title":"Herbst Wochenende f\u00fcr Kurzentschlossene - Bettmeralp und Riederalp","description":"Noch einmal in die Berge. Herbst Wochenende \u00fcber den ersten November f\u00fcr Kurzentschlossene buchen und die Walliser Bergwelt bestaunen.","robots":{"index":"index","follow":"follow","max-snippet":"max-snippet:-1","max-image-preview":"max-image-preview:large","max-video-preview":"max-video-preview:-1"},"canonical":"https:\/\/ferienchalet-wallis.ch\/en\/herbst-wochenende-fuer-kurzentschlossene\/","og_locale":"en_GB","og_type":"article","og_title":"Herbst Wochenende f\u00fcr Kurzentschlossene - Bettmeralp und Riederalp","og_description":"Noch einmal in die Berge. Herbst Wochenende \u00fcber den ersten November f\u00fcr Kurzentschlossene buchen und die Walliser Bergwelt bestaunen.","og_url":"https:\/\/ferienchalet-wallis.ch\/en\/herbst-wochenende-fuer-kurzentschlossene\/","og_site_name":"Bettmeralp und Riederalp","article_published_time":"2024-10-29T09:40:42+00:00","article_modified_time":"2024-10-29T10:09:04+00:00","og_image":[{"width":2048,"height":1201,"url":"https:\/\/ferienchalet-wallis.ch\/wp-content\/uploads\/2024\/10\/Wandern_Herbst.jpg","type":"image\/jpeg"}],"author":"WalliSaar","twitter_card":"summary_large_image","twitter_misc":{"Written by":"WalliSaar","Estimated reading time":"3 minutes"},"schema":{"@context":"https:\/\/schema.org","@graph":[{"@type":"Article","@id":"https:\/\/ferienchalet-wallis.ch\/herbst-wochenende-fuer-kurzentschlossene\/#article","isPartOf":{"@id":"https:\/\/ferienchalet-wallis.ch\/herbst-wochenende-fuer-kurzentschlossene\/"},"author":{"name":"WalliSaar","@id":"https:\/\/ferienchalet-wallis.ch\/#\/schema\/person\/18b3f062b0514bc953799175b9bfdd2b"},"headline":"Herbst Wochenende f\u00fcr Kurzentschlossene","datePublished":"2024-10-29T09:40:42+00:00","dateModified":"2024-10-29T10:09:04+00:00","mainEntityOfPage":{"@id":"https:\/\/ferienchalet-wallis.ch\/herbst-wochenende-fuer-kurzentschlossene\/"},"wordCount":745,"publisher":{"@id":"https:\/\/ferienchalet-wallis.ch\/#organization"},"image":{"@id":"https:\/\/ferienchalet-wallis.ch\/herbst-wochenende-fuer-kurzentschlossene\/#primaryimage"},"thumbnailUrl":"https:\/\/ferienchalet-wallis.ch\/wp-content\/uploads\/2024\/10\/Wandern_Herbst.jpg","articleSection":["Aletsch","Wandern"],"inLanguage":"en-GB"},{"@type":"WebPage","@id":"https:\/\/ferienchalet-wallis.ch\/herbst-wochenende-fuer-kurzentschlossene\/","url":"https:\/\/ferienchalet-wallis.ch\/herbst-wochenende-fuer-kurzentschlossene\/","name":"Herbst Wochenende f\u00fcr Kurzentschlossene - Bettmeralp und Riederalp","isPartOf":{"@id":"https:\/\/ferienchalet-wallis.ch\/#website"},"primaryImageOfPage":{"@id":"https:\/\/ferienchalet-wallis.ch\/herbst-wochenende-fuer-kurzentschlossene\/#primaryimage"},"image":{"@id":"https:\/\/ferienchalet-wallis.ch\/herbst-wochenende-fuer-kurzentschlossene\/#primaryimage"},"thumbnailUrl":"https:\/\/ferienchalet-wallis.ch\/wp-content\/uploads\/2024\/10\/Wandern_Herbst.jpg","datePublished":"2024-10-29T09:40:42+00:00","dateModified":"2024-10-29T10:09:04+00:00","description":"Noch einmal in die Berge. Herbst Wochenende \u00fcber den ersten November f\u00fcr Kurzentschlossene buchen und die Walliser Bergwelt bestaunen.","breadcrumb":{"@id":"https:\/\/ferienchalet-wallis.ch\/herbst-wochenende-fuer-kurzentschlossene\/#breadcrumb"},"inLanguage":"en-GB","potentialAction":[{"@type":"ReadAction","target":["https:\/\/ferienchalet-wallis.ch\/herbst-wochenende-fuer-kurzentschlossene\/"]}]},{"@type":"ImageObject","inLanguage":"en-GB","@id":"https:\/\/ferienchalet-wallis.ch\/herbst-wochenende-fuer-kurzentschlossene\/#primaryimage","url":"https:\/\/ferienchalet-wallis.ch\/wp-content\/uploads\/2024\/10\/Wandern_Herbst.jpg","contentUrl":"https:\/\/ferienchalet-wallis.ch\/wp-content\/uploads\/2024\/10\/Wandern_Herbst.jpg","width":2048,"height":1201,"caption":"Wandern_Herbst_Aletsch"},{"@type":"BreadcrumbList","@id":"https:\/\/ferienchalet-wallis.ch\/herbst-wochenende-fuer-kurzentschlossene\/#breadcrumb","itemListElement":[{"@type":"ListItem","position":1,"name":"Home","item":"https:\/\/ferienchalet-wallis.ch\/"},{"@type":"ListItem","position":2,"name":"Herbst Wochenende f\u00fcr Kurzentschlossene"}]},{"@type":"WebSite","@id":"https:\/\/ferienchalet-wallis.ch\/#website","url":"https:\/\/ferienchalet-wallis.ch\/","name":"Bettmeralp and Riederalp","description":"Kranzfelder Markus","publisher":{"@id":"https:\/\/ferienchalet-wallis.ch\/#organization"},"potentialAction":[{"@type":"SearchAction","target":{"@type":"EntryPoint","urlTemplate":"https:\/\/ferienchalet-wallis.ch\/?s={search_term_string}"},"query-input":{"@type":"PropertyValueSpecification","valueRequired":true,"valueName":"search_term_string"}}],"inLanguage":"en-GB"},{"@type":"Organization","@id":"https:\/\/ferienchalet-wallis.ch\/#organization","name":"Liegenschaftsbetreuung \/ Vermietung \u2013 M. Kranzfelder","url":"https:\/\/ferienchalet-wallis.ch\/","logo":{"@type":"ImageObject","inLanguage":"en-GB","@id":"https:\/\/ferienchalet-wallis.ch\/#\/schema\/logo\/image\/","url":"https:\/\/ferienchalet-wallis.ch\/wp-content\/uploads\/2022\/01\/Logo_Kranzfelder.png","contentUrl":"https:\/\/ferienchalet-wallis.ch\/wp-content\/uploads\/2022\/01\/Logo_Kranzfelder.png","width":1526,"height":447,"caption":"Liegenschaftsbetreuung \/ Vermietung \u2013 M. Kranzfelder"},"image":{"@id":"https:\/\/ferienchalet-wallis.ch\/#\/schema\/logo\/image\/"}},{"@type":"Person","@id":"https:\/\/ferienchalet-wallis.ch\/#\/schema\/person\/18b3f062b0514bc953799175b9bfdd2b","name":"WalliSaar","image":{"@type":"ImageObject","inLanguage":"en-GB","@id":"https:\/\/secure.gravatar.com\/avatar\/1be7f9468eac0e02f655be9ab758a01ae5dc72d678841cc4898d463993c78d36?s=96&d=initials&r=g&initials=ru","url":"https:\/\/secure.gravatar.com\/avatar\/1be7f9468eac0e02f655be9ab758a01ae5dc72d678841cc4898d463993c78d36?s=96&d=initials&r=g&initials=ru","contentUrl":"https:\/\/secure.gravatar.com\/avatar\/1be7f9468eac0e02f655be9ab758a01ae5dc72d678841cc4898d463993c78d36?s=96&d=initials&r=g&initials=ru","caption":"WalliSaar"},"description":"Mein Name ist Anja Ruch und ich schreibe die Blogbeitr\u00e4ge f\u00fcr das Ehepaar Markus &amp; Tabitha Kranzfelder. Der Name WalliSaar gr\u00fcndet sich auf meinen Wurzeln im Saarland und den neuen im Wallis. My name is Anja Ruch and I write the blog entries for the Markus &amp; Tabitha Kranzfelder couple. The name WalliSaar shows the connection to my old roots in Saarland and the new ones in Valais.","sameAs":["https:\/\/www.ferienchalet-wallis.ch\/blog"],"url":"https:\/\/ferienchalet-wallis.ch\/en\/author\/wallisaar\/"}]}},"_links":{"self":[{"href":"https:\/\/ferienchalet-wallis.ch\/en\/wp-json\/wp\/v2\/posts\/2180","targetHints":{"allow":["GET"]}}],"collection":[{"href":"https:\/\/ferienchalet-wallis.ch\/en\/wp-json\/wp\/v2\/posts"}],"about":[{"href":"https:\/\/ferienchalet-wallis.ch\/en\/wp-json\/wp\/v2\/types\/post"}],"author":[{"embeddable":true,"href":"https:\/\/ferienchalet-wallis.ch\/en\/wp-json\/wp\/v2\/users\/3"}],"replies":[{"embeddable":true,"href":"https:\/\/ferienchalet-wallis.ch\/en\/wp-json\/wp\/v2\/comments?post=2180"}],"version-history":[{"count":9,"href":"https:\/\/ferienchalet-wallis.ch\/en\/wp-json\/wp\/v2\/posts\/2180\/revisions"}],"predecessor-version":[{"id":2191,"href":"https:\/\/ferienchalet-wallis.ch\/en\/wp-json\/wp\/v2\/posts\/2180\/revisions\/2191"}],"wp:featuredmedia":[{"embeddable":true,"href":"https:\/\/ferienchalet-wallis.ch\/en\/wp-json\/wp\/v2\/media\/2181"}],"wp:attachment":[{"href":"https:\/\/ferienchalet-wallis.ch\/en\/wp-json\/wp\/v2\/media?parent=2180"}],"wp:term":[{"taxonomy":"category","embeddable":true,"href":"https:\/\/ferienchalet-wallis.ch\/en\/wp-json\/wp\/v2\/categories?post=2180"},{"taxonomy":"post_tag","embeddable":true,"href":"https:\/\/ferienchalet-wallis.ch\/en\/wp-json\/wp\/v2\/tags?post=2180"}],"curies":[{"name":"wp","href":"https:\/\/api.w.org\/{rel}","templated":true}]}}