{"id":2211,"date":"2024-11-26T09:59:11","date_gmt":"2024-11-26T09:59:11","guid":{"rendered":"https:\/\/ferienchalet-wallis.ch\/?p=2211"},"modified":"2024-11-26T10:01:57","modified_gmt":"2024-11-26T10:01:57","slug":"skisaisonbeginn-07-dezember-2024","status":"publish","type":"post","link":"https:\/\/ferienchalet-wallis.ch\/en\/skisaisonbeginn-07-dezember-2024\/","title":{"rendered":"Start of the Aletsch Arena ski season on 07 December 2024"},"content":{"rendered":"<style type=\"text\/css\" data-created_by=\"avia_inline_auto\" id=\"style-css-av-m3y9rvmf-d28e81954c67a6fd1e026747c92bea7a\">\n#top .av-special-heading.av-m3y9rvmf-d28e81954c67a6fd1e026747c92bea7a{\npadding-bottom:10px;\n}\nbody .av-special-heading.av-m3y9rvmf-d28e81954c67a6fd1e026747c92bea7a .av-special-heading-tag .heading-char{\nfont-size:25px;\n}\n.av-special-heading.av-m3y9rvmf-d28e81954c67a6fd1e026747c92bea7a .av-subheading{\nfont-size:15px;\n}\n<\/style>\n<div  class='av-special-heading av-m3y9rvmf-d28e81954c67a6fd1e026747c92bea7a av-special-heading-h2  avia-builder-el-0  el_before_av_textblock  avia-builder-el-first'><h2 class='av-special-heading-tag'  itemprop=\"headline\"  >Winter magic at the Aletsch Glacier<\/h2><div class=\"special-heading-border\"><div class=\"special-heading-inner-border\"><\/div><\/div><\/div>\n<section  class='av_textblock_section av-m3ya2fd7-7f3fc05a0a7825cbf35bbaa1ff8ece8b'  itemscope=\"itemscope\" itemtype=\"https:\/\/schema.org\/BlogPosting\" itemprop=\"blogPost\" ><div class='avia_textblock'  itemprop=\"text\" ><p>Winter begins and with it the time for winter sports. Enjoy the magic of winter outdoors in the fresh air. After a brisk ski run on the sunny side of the Valais, celebrate the view and life with a hearty meal.<\/p>\n<h3>Ski passes for the year or for the season<\/h3>\n<p>The <a href=\"https:\/\/shop.aletscharena.ch\/en\/products\/saison-und-jahresabo\" target=\"_blank\" rel=\"noopener\">price list for both subscriptions<\/a> can be found on the Aletsch Arena website. The annual pass costs CHF 1,210 and the winter season pass costs CHF 860. Both cards include the feeder lift ticket. The advantages of the season pass are the additional use of the season pass in other ski areas such as the 4 Vall\u00e9es and Portes du Soleil. There you can use your season ticket for 5 days. These two regions even offer additional days in summer. Be sure to take a look at the frequently asked questions on the same page.<\/p>\n<p>Personally, I would definitely add the feeder railway when booking a travelcard. That way, you are free to take the MGB to the cross-country ski trail in Goms or take a winter hike down to the valley to take part in an event.<\/p>\n<h3>Single ski pass or optional day ski pass<\/h3>\n<p>After a look at the Aletsch Arena calendar for online bookings in December, the cheapest day ticket currently costs CHF 55 (as of 26.11.24). Please bear in mind that the daily prices are dynamic, i.e. if you book early, you will get cheaper prices. If you are interested in an <a href=\"https:\/\/www.aletscharena.ch\/en\/planning-booking\/offers-experiences\/offer\/selective-day-ski-pass?hsa_ver=test&amp;cHash=57f29a6617215bc488902856ae9b555b\" target=\"_blank\" rel=\"noopener\">selective day ski pass<\/a> , you can only book at the Aletsch Bahnen sales points.<\/p>\n<h3>Family discounts on ski passes<\/h3>\n<p>Take advantage of the <a href=\"https:\/\/www.aletscharena.ch\/en\/planning-booking\/offers-experiences\/offer\/family-ski-pass\" target=\"_blank\" rel=\"noopener\">offers for families<\/a>. The ticket for the 3rd child is free if it is under 16. There is also a childcare ticket for parents with small children under the age of 6. A joint ski pass enables alternate skiing. However, you must have a joint photo taken at the Aletsch Bahnen AG sales points. And the <a href=\"https:\/\/www.aletscharena.ch\/en\/planning-booking\/offers-experiences\/offer\/ski-for-free\" target=\"_blank\" rel=\"noopener\">Skiing for free <\/a>ticket is still available every Saturday for children under 16.<\/p>\n<p>This is just a small selection of the options available to you when booking online on the Aletsch Arena website or directly at the Aletsch Bahnen AG sales points. Informing yourself saves money. I hope I have been able to help you and wish you a good start to the winter season.<\/p>\n<p><em>Winterma wir si parat<\/em><\/p>\n<\/div><\/section>\n<div class='flex_column av-9f6wr7-0d341a8b80ec0646016971ad9f34a54f av_one_half  avia-builder-el-2  el_after_av_textblock  avia-builder-el-last  first flex_column_div column-top-margin'   ><p><div  class='av-post-metadata-container av-7wbln7-89ea26dd79f1a82e85e2d0eb42be2e29 av-metadata-container-align-left  avia-builder-el-3  el_before_av_social_share  avia-builder-el-first  av-metadata-container-1'><div class='av-post-metadata-container-inner'><span class=\"av-post-metadata-content av-post-metadata-meta-content\"><span class=\"av-post-metadata-content av-post-metadata-author\"  itemprop=\"author\" ><span class=\"av-metadata-before av-metadata-before-author\">of<\/span><span class=\"av-post-metadata-author-link\" ><a href=\"https:\/\/ferienchalet-wallis.ch\/en\/author\/wallisaar\/\"  rel=\"author\">WalliSaar<\/a><\/span><\/span><span class=\"av-post-metadata-content av-post-metadata-separator\">\/<\/span><span class=\"av-post-metadata-content av-post-metadata-published\"><span class=\"av-post-metadata-published-date\" >November 26, 2024<\/span><\/span><\/span><\/div><\/div><br \/>\n<div  class='av-social-sharing-box av-2ik2tf-40d88fde8092ae59d84527b8b0f73849 av-social-sharing-box-circle  avia-builder-el-4  el_after_av_post_metadata  avia-builder-el-last  av-social-sharing-box-color-bg av-social-sharing-box-same-width'><div class=\"av-share-box\"><h5 class='av-share-link-description av-no-toc'>Share entry<\/h5><ul class=\"av-share-box-list noLightbox\"><li class='av-share-link av-social-link-whatsapp' ><a target=\"_blank\" aria-label=\"Share on WhatsApp\" href='https:\/\/api.whatsapp.com\/send?text=https:\/\/ferienchalet-wallis.ch\/en\/skisaisonbeginn-07-dezember-2024\/' aria-hidden='false' data-av_icon='\uf232' data-av_iconfont='entypo-fontello' title='' data-avia-related-tooltip='Share on WhatsApp' rel=\"noopener\"><span class='avia_hidden_link_text'>Share on WhatsApp<\/span><\/a><\/li><\/ul><\/div><\/div><\/p><\/div>","protected":false},"excerpt":{"rendered":"","protected":false},"author":3,"featured_media":2212,"comment_status":"closed","ping_status":"closed","sticky":false,"template":"","format":"standard","meta":{"footnotes":""},"categories":[6,14],"tags":[],"class_list":["post-2211","post","type-post","status-publish","format-standard","has-post-thumbnail","hentry","category-aletsch","category-skifahren"],"yoast_head":"<!-- This site is optimized with the Yoast SEO plugin v27.4 - https:\/\/yoast.com\/product\/yoast-seo-wordpress\/ -->\n<title>Skisaisonbeginn der Aletsch Arena am 07. Dezember 2024 - Bettmeralp und Riederalp<\/title>\n<meta name=\"description\" content=\"Die Skisaion der Aletsch Arena startet am 07. Dezember 2024 mit vielen Angeboten f\u00fcr Familien. Jetzt Skiabo und Ferienwohnung buchen!\" \/>\n<meta name=\"robots\" content=\"index, follow, max-snippet:-1, max-image-preview:large, max-video-preview:-1\" \/>\n<link rel=\"canonical\" href=\"https:\/\/ferienchalet-wallis.ch\/en\/skisaisonbeginn-07-dezember-2024\/\" \/>\n<meta property=\"og:locale\" content=\"en_GB\" \/>\n<meta property=\"og:type\" content=\"article\" \/>\n<meta property=\"og:title\" content=\"Skisaisonbeginn der Aletsch Arena am 07. Dezember 2024 - Bettmeralp und Riederalp\" \/>\n<meta property=\"og:description\" content=\"Die Skisaion der Aletsch Arena startet am 07. Dezember 2024 mit vielen Angeboten f\u00fcr Familien. Jetzt Skiabo und Ferienwohnung buchen!\" \/>\n<meta property=\"og:url\" content=\"https:\/\/ferienchalet-wallis.ch\/en\/skisaisonbeginn-07-dezember-2024\/\" \/>\n<meta property=\"og:site_name\" content=\"Bettmeralp und Riederalp\" \/>\n<meta property=\"article:published_time\" content=\"2024-11-26T09:59:11+00:00\" \/>\n<meta property=\"article:modified_time\" content=\"2024-11-26T10:01:57+00:00\" \/>\n<meta property=\"og:image\" content=\"https:\/\/ferienchalet-wallis.ch\/wp-content\/uploads\/2024\/11\/Skisaison_2024_2025.jpg\" \/>\n\t<meta property=\"og:image:width\" content=\"2048\" \/>\n\t<meta property=\"og:image:height\" content=\"1366\" \/>\n\t<meta property=\"og:image:type\" content=\"image\/jpeg\" \/>\n<meta name=\"author\" content=\"WalliSaar\" \/>\n<meta name=\"twitter:card\" content=\"summary_large_image\" \/>\n<meta name=\"twitter:label1\" content=\"Written by\" \/>\n\t<meta name=\"twitter:data1\" content=\"WalliSaar\" \/>\n\t<meta name=\"twitter:label2\" content=\"Estimated reading time\" \/>\n\t<meta name=\"twitter:data2\" content=\"4 minutes\" \/>\n<script type=\"application\/ld+json\" class=\"yoast-schema-graph\">{\"@context\":\"https:\\\/\\\/schema.org\",\"@graph\":[{\"@type\":\"Article\",\"@id\":\"https:\\\/\\\/ferienchalet-wallis.ch\\\/skisaisonbeginn-07-dezember-2024\\\/#article\",\"isPartOf\":{\"@id\":\"https:\\\/\\\/ferienchalet-wallis.ch\\\/skisaisonbeginn-07-dezember-2024\\\/\"},\"author\":{\"name\":\"WalliSaar\",\"@id\":\"https:\\\/\\\/ferienchalet-wallis.ch\\\/#\\\/schema\\\/person\\\/18b3f062b0514bc953799175b9bfdd2b\"},\"headline\":\"Skisaisonbeginn der Aletsch Arena am 07. Dezember 2024\",\"datePublished\":\"2024-11-26T09:59:11+00:00\",\"dateModified\":\"2024-11-26T10:01:57+00:00\",\"mainEntityOfPage\":{\"@id\":\"https:\\\/\\\/ferienchalet-wallis.ch\\\/skisaisonbeginn-07-dezember-2024\\\/\"},\"wordCount\":847,\"publisher\":{\"@id\":\"https:\\\/\\\/ferienchalet-wallis.ch\\\/#organization\"},\"image\":{\"@id\":\"https:\\\/\\\/ferienchalet-wallis.ch\\\/skisaisonbeginn-07-dezember-2024\\\/#primaryimage\"},\"thumbnailUrl\":\"https:\\\/\\\/ferienchalet-wallis.ch\\\/wp-content\\\/uploads\\\/2024\\\/11\\\/Skisaison_2024_2025.jpg\",\"articleSection\":[\"Aletsch\",\"Skifahren\"],\"inLanguage\":\"en-GB\"},{\"@type\":\"WebPage\",\"@id\":\"https:\\\/\\\/ferienchalet-wallis.ch\\\/skisaisonbeginn-07-dezember-2024\\\/\",\"url\":\"https:\\\/\\\/ferienchalet-wallis.ch\\\/skisaisonbeginn-07-dezember-2024\\\/\",\"name\":\"Skisaisonbeginn der Aletsch Arena am 07. Dezember 2024 - Bettmeralp und Riederalp\",\"isPartOf\":{\"@id\":\"https:\\\/\\\/ferienchalet-wallis.ch\\\/#website\"},\"primaryImageOfPage\":{\"@id\":\"https:\\\/\\\/ferienchalet-wallis.ch\\\/skisaisonbeginn-07-dezember-2024\\\/#primaryimage\"},\"image\":{\"@id\":\"https:\\\/\\\/ferienchalet-wallis.ch\\\/skisaisonbeginn-07-dezember-2024\\\/#primaryimage\"},\"thumbnailUrl\":\"https:\\\/\\\/ferienchalet-wallis.ch\\\/wp-content\\\/uploads\\\/2024\\\/11\\\/Skisaison_2024_2025.jpg\",\"datePublished\":\"2024-11-26T09:59:11+00:00\",\"dateModified\":\"2024-11-26T10:01:57+00:00\",\"description\":\"Die Skisaion der Aletsch Arena startet am 07. Dezember 2024 mit vielen Angeboten f\u00fcr Familien. Jetzt Skiabo und Ferienwohnung buchen!\",\"breadcrumb\":{\"@id\":\"https:\\\/\\\/ferienchalet-wallis.ch\\\/skisaisonbeginn-07-dezember-2024\\\/#breadcrumb\"},\"inLanguage\":\"en-GB\",\"potentialAction\":[{\"@type\":\"ReadAction\",\"target\":[\"https:\\\/\\\/ferienchalet-wallis.ch\\\/skisaisonbeginn-07-dezember-2024\\\/\"]}]},{\"@type\":\"ImageObject\",\"inLanguage\":\"en-GB\",\"@id\":\"https:\\\/\\\/ferienchalet-wallis.ch\\\/skisaisonbeginn-07-dezember-2024\\\/#primaryimage\",\"url\":\"https:\\\/\\\/ferienchalet-wallis.ch\\\/wp-content\\\/uploads\\\/2024\\\/11\\\/Skisaison_2024_2025.jpg\",\"contentUrl\":\"https:\\\/\\\/ferienchalet-wallis.ch\\\/wp-content\\\/uploads\\\/2024\\\/11\\\/Skisaison_2024_2025.jpg\",\"width\":2048,\"height\":1366,\"caption\":\"Skisaison_2024_2025\"},{\"@type\":\"BreadcrumbList\",\"@id\":\"https:\\\/\\\/ferienchalet-wallis.ch\\\/skisaisonbeginn-07-dezember-2024\\\/#breadcrumb\",\"itemListElement\":[{\"@type\":\"ListItem\",\"position\":1,\"name\":\"Home\",\"item\":\"https:\\\/\\\/ferienchalet-wallis.ch\\\/\"},{\"@type\":\"ListItem\",\"position\":2,\"name\":\"Skisaisonbeginn der Aletsch Arena am 07. Dezember 2024\"}]},{\"@type\":\"WebSite\",\"@id\":\"https:\\\/\\\/ferienchalet-wallis.ch\\\/#website\",\"url\":\"https:\\\/\\\/ferienchalet-wallis.ch\\\/\",\"name\":\"Bettmeralp und Riederalp\",\"description\":\"Kranzfelder Markus\",\"publisher\":{\"@id\":\"https:\\\/\\\/ferienchalet-wallis.ch\\\/#organization\"},\"potentialAction\":[{\"@type\":\"SearchAction\",\"target\":{\"@type\":\"EntryPoint\",\"urlTemplate\":\"https:\\\/\\\/ferienchalet-wallis.ch\\\/?s={search_term_string}\"},\"query-input\":{\"@type\":\"PropertyValueSpecification\",\"valueRequired\":true,\"valueName\":\"search_term_string\"}}],\"inLanguage\":\"en-GB\"},{\"@type\":\"Organization\",\"@id\":\"https:\\\/\\\/ferienchalet-wallis.ch\\\/#organization\",\"name\":\"Liegenschaftsbetreuung \\\/ Vermietung \u2013 M. Kranzfelder\",\"url\":\"https:\\\/\\\/ferienchalet-wallis.ch\\\/\",\"logo\":{\"@type\":\"ImageObject\",\"inLanguage\":\"en-GB\",\"@id\":\"https:\\\/\\\/ferienchalet-wallis.ch\\\/#\\\/schema\\\/logo\\\/image\\\/\",\"url\":\"https:\\\/\\\/ferienchalet-wallis.ch\\\/wp-content\\\/uploads\\\/2022\\\/01\\\/Logo_Kranzfelder.png\",\"contentUrl\":\"https:\\\/\\\/ferienchalet-wallis.ch\\\/wp-content\\\/uploads\\\/2022\\\/01\\\/Logo_Kranzfelder.png\",\"width\":1526,\"height\":447,\"caption\":\"Liegenschaftsbetreuung \\\/ Vermietung \u2013 M. Kranzfelder\"},\"image\":{\"@id\":\"https:\\\/\\\/ferienchalet-wallis.ch\\\/#\\\/schema\\\/logo\\\/image\\\/\"}},{\"@type\":\"Person\",\"@id\":\"https:\\\/\\\/ferienchalet-wallis.ch\\\/#\\\/schema\\\/person\\\/18b3f062b0514bc953799175b9bfdd2b\",\"name\":\"WalliSaar\",\"image\":{\"@type\":\"ImageObject\",\"inLanguage\":\"en-GB\",\"@id\":\"https:\\\/\\\/secure.gravatar.com\\\/avatar\\\/1be7f9468eac0e02f655be9ab758a01ae5dc72d678841cc4898d463993c78d36?s=96&d=initials&r=g&initials=ru\",\"url\":\"https:\\\/\\\/secure.gravatar.com\\\/avatar\\\/1be7f9468eac0e02f655be9ab758a01ae5dc72d678841cc4898d463993c78d36?s=96&d=initials&r=g&initials=ru\",\"contentUrl\":\"https:\\\/\\\/secure.gravatar.com\\\/avatar\\\/1be7f9468eac0e02f655be9ab758a01ae5dc72d678841cc4898d463993c78d36?s=96&d=initials&r=g&initials=ru\",\"caption\":\"WalliSaar\"},\"description\":\"Mein Name ist Anja Ruch und ich schreibe die Blogbeitr\u00e4ge f\u00fcr das Ehepaar Markus &amp; Tabitha Kranzfelder. Der Name WalliSaar gr\u00fcndet sich auf meinen Wurzeln im Saarland und den neuen im Wallis. My name is Anja Ruch and I write the blog entries for the Markus &amp; Tabitha Kranzfelder couple. The name WalliSaar shows the connection to my old roots in Saarland and the new ones in Valais.\",\"sameAs\":[\"https:\\\/\\\/www.ferienchalet-wallis.ch\\\/blog\"],\"url\":\"https:\\\/\\\/ferienchalet-wallis.ch\\\/en\\\/author\\\/wallisaar\\\/\"}]}<\/script>\n<!-- \/ Yoast SEO plugin. -->","yoast_head_json":{"title":"Skisaisonbeginn der Aletsch Arena am 07. Dezember 2024 - Bettmeralp und Riederalp","description":"Die Skisaion der Aletsch Arena startet am 07. Dezember 2024 mit vielen Angeboten f\u00fcr Familien. Jetzt Skiabo und Ferienwohnung buchen!","robots":{"index":"index","follow":"follow","max-snippet":"max-snippet:-1","max-image-preview":"max-image-preview:large","max-video-preview":"max-video-preview:-1"},"canonical":"https:\/\/ferienchalet-wallis.ch\/en\/skisaisonbeginn-07-dezember-2024\/","og_locale":"en_GB","og_type":"article","og_title":"Skisaisonbeginn der Aletsch Arena am 07. Dezember 2024 - Bettmeralp und Riederalp","og_description":"Die Skisaion der Aletsch Arena startet am 07. Dezember 2024 mit vielen Angeboten f\u00fcr Familien. Jetzt Skiabo und Ferienwohnung buchen!","og_url":"https:\/\/ferienchalet-wallis.ch\/en\/skisaisonbeginn-07-dezember-2024\/","og_site_name":"Bettmeralp und Riederalp","article_published_time":"2024-11-26T09:59:11+00:00","article_modified_time":"2024-11-26T10:01:57+00:00","og_image":[{"width":2048,"height":1366,"url":"https:\/\/ferienchalet-wallis.ch\/wp-content\/uploads\/2024\/11\/Skisaison_2024_2025.jpg","type":"image\/jpeg"}],"author":"WalliSaar","twitter_card":"summary_large_image","twitter_misc":{"Written by":"WalliSaar","Estimated reading time":"4 minutes"},"schema":{"@context":"https:\/\/schema.org","@graph":[{"@type":"Article","@id":"https:\/\/ferienchalet-wallis.ch\/skisaisonbeginn-07-dezember-2024\/#article","isPartOf":{"@id":"https:\/\/ferienchalet-wallis.ch\/skisaisonbeginn-07-dezember-2024\/"},"author":{"name":"WalliSaar","@id":"https:\/\/ferienchalet-wallis.ch\/#\/schema\/person\/18b3f062b0514bc953799175b9bfdd2b"},"headline":"Skisaisonbeginn der Aletsch Arena am 07. Dezember 2024","datePublished":"2024-11-26T09:59:11+00:00","dateModified":"2024-11-26T10:01:57+00:00","mainEntityOfPage":{"@id":"https:\/\/ferienchalet-wallis.ch\/skisaisonbeginn-07-dezember-2024\/"},"wordCount":847,"publisher":{"@id":"https:\/\/ferienchalet-wallis.ch\/#organization"},"image":{"@id":"https:\/\/ferienchalet-wallis.ch\/skisaisonbeginn-07-dezember-2024\/#primaryimage"},"thumbnailUrl":"https:\/\/ferienchalet-wallis.ch\/wp-content\/uploads\/2024\/11\/Skisaison_2024_2025.jpg","articleSection":["Aletsch","Skifahren"],"inLanguage":"en-GB"},{"@type":"WebPage","@id":"https:\/\/ferienchalet-wallis.ch\/skisaisonbeginn-07-dezember-2024\/","url":"https:\/\/ferienchalet-wallis.ch\/skisaisonbeginn-07-dezember-2024\/","name":"Skisaisonbeginn der Aletsch Arena am 07. Dezember 2024 - Bettmeralp und Riederalp","isPartOf":{"@id":"https:\/\/ferienchalet-wallis.ch\/#website"},"primaryImageOfPage":{"@id":"https:\/\/ferienchalet-wallis.ch\/skisaisonbeginn-07-dezember-2024\/#primaryimage"},"image":{"@id":"https:\/\/ferienchalet-wallis.ch\/skisaisonbeginn-07-dezember-2024\/#primaryimage"},"thumbnailUrl":"https:\/\/ferienchalet-wallis.ch\/wp-content\/uploads\/2024\/11\/Skisaison_2024_2025.jpg","datePublished":"2024-11-26T09:59:11+00:00","dateModified":"2024-11-26T10:01:57+00:00","description":"Die Skisaion der Aletsch Arena startet am 07. Dezember 2024 mit vielen Angeboten f\u00fcr Familien. Jetzt Skiabo und Ferienwohnung buchen!","breadcrumb":{"@id":"https:\/\/ferienchalet-wallis.ch\/skisaisonbeginn-07-dezember-2024\/#breadcrumb"},"inLanguage":"en-GB","potentialAction":[{"@type":"ReadAction","target":["https:\/\/ferienchalet-wallis.ch\/skisaisonbeginn-07-dezember-2024\/"]}]},{"@type":"ImageObject","inLanguage":"en-GB","@id":"https:\/\/ferienchalet-wallis.ch\/skisaisonbeginn-07-dezember-2024\/#primaryimage","url":"https:\/\/ferienchalet-wallis.ch\/wp-content\/uploads\/2024\/11\/Skisaison_2024_2025.jpg","contentUrl":"https:\/\/ferienchalet-wallis.ch\/wp-content\/uploads\/2024\/11\/Skisaison_2024_2025.jpg","width":2048,"height":1366,"caption":"Skisaison_2024_2025"},{"@type":"BreadcrumbList","@id":"https:\/\/ferienchalet-wallis.ch\/skisaisonbeginn-07-dezember-2024\/#breadcrumb","itemListElement":[{"@type":"ListItem","position":1,"name":"Home","item":"https:\/\/ferienchalet-wallis.ch\/"},{"@type":"ListItem","position":2,"name":"Skisaisonbeginn der Aletsch Arena am 07. Dezember 2024"}]},{"@type":"WebSite","@id":"https:\/\/ferienchalet-wallis.ch\/#website","url":"https:\/\/ferienchalet-wallis.ch\/","name":"Bettmeralp and Riederalp","description":"Kranzfelder Markus","publisher":{"@id":"https:\/\/ferienchalet-wallis.ch\/#organization"},"potentialAction":[{"@type":"SearchAction","target":{"@type":"EntryPoint","urlTemplate":"https:\/\/ferienchalet-wallis.ch\/?s={search_term_string}"},"query-input":{"@type":"PropertyValueSpecification","valueRequired":true,"valueName":"search_term_string"}}],"inLanguage":"en-GB"},{"@type":"Organization","@id":"https:\/\/ferienchalet-wallis.ch\/#organization","name":"Liegenschaftsbetreuung \/ Vermietung \u2013 M. Kranzfelder","url":"https:\/\/ferienchalet-wallis.ch\/","logo":{"@type":"ImageObject","inLanguage":"en-GB","@id":"https:\/\/ferienchalet-wallis.ch\/#\/schema\/logo\/image\/","url":"https:\/\/ferienchalet-wallis.ch\/wp-content\/uploads\/2022\/01\/Logo_Kranzfelder.png","contentUrl":"https:\/\/ferienchalet-wallis.ch\/wp-content\/uploads\/2022\/01\/Logo_Kranzfelder.png","width":1526,"height":447,"caption":"Liegenschaftsbetreuung \/ Vermietung \u2013 M. Kranzfelder"},"image":{"@id":"https:\/\/ferienchalet-wallis.ch\/#\/schema\/logo\/image\/"}},{"@type":"Person","@id":"https:\/\/ferienchalet-wallis.ch\/#\/schema\/person\/18b3f062b0514bc953799175b9bfdd2b","name":"WalliSaar","image":{"@type":"ImageObject","inLanguage":"en-GB","@id":"https:\/\/secure.gravatar.com\/avatar\/1be7f9468eac0e02f655be9ab758a01ae5dc72d678841cc4898d463993c78d36?s=96&d=initials&r=g&initials=ru","url":"https:\/\/secure.gravatar.com\/avatar\/1be7f9468eac0e02f655be9ab758a01ae5dc72d678841cc4898d463993c78d36?s=96&d=initials&r=g&initials=ru","contentUrl":"https:\/\/secure.gravatar.com\/avatar\/1be7f9468eac0e02f655be9ab758a01ae5dc72d678841cc4898d463993c78d36?s=96&d=initials&r=g&initials=ru","caption":"WalliSaar"},"description":"Mein Name ist Anja Ruch und ich schreibe die Blogbeitr\u00e4ge f\u00fcr das Ehepaar Markus &amp; Tabitha Kranzfelder. Der Name WalliSaar gr\u00fcndet sich auf meinen Wurzeln im Saarland und den neuen im Wallis. My name is Anja Ruch and I write the blog entries for the Markus &amp; Tabitha Kranzfelder couple. The name WalliSaar shows the connection to my old roots in Saarland and the new ones in Valais.","sameAs":["https:\/\/www.ferienchalet-wallis.ch\/blog"],"url":"https:\/\/ferienchalet-wallis.ch\/en\/author\/wallisaar\/"}]}},"_links":{"self":[{"href":"https:\/\/ferienchalet-wallis.ch\/en\/wp-json\/wp\/v2\/posts\/2211","targetHints":{"allow":["GET"]}}],"collection":[{"href":"https:\/\/ferienchalet-wallis.ch\/en\/wp-json\/wp\/v2\/posts"}],"about":[{"href":"https:\/\/ferienchalet-wallis.ch\/en\/wp-json\/wp\/v2\/types\/post"}],"author":[{"embeddable":true,"href":"https:\/\/ferienchalet-wallis.ch\/en\/wp-json\/wp\/v2\/users\/3"}],"replies":[{"embeddable":true,"href":"https:\/\/ferienchalet-wallis.ch\/en\/wp-json\/wp\/v2\/comments?post=2211"}],"version-history":[{"count":5,"href":"https:\/\/ferienchalet-wallis.ch\/en\/wp-json\/wp\/v2\/posts\/2211\/revisions"}],"predecessor-version":[{"id":2216,"href":"https:\/\/ferienchalet-wallis.ch\/en\/wp-json\/wp\/v2\/posts\/2211\/revisions\/2216"}],"wp:featuredmedia":[{"embeddable":true,"href":"https:\/\/ferienchalet-wallis.ch\/en\/wp-json\/wp\/v2\/media\/2212"}],"wp:attachment":[{"href":"https:\/\/ferienchalet-wallis.ch\/en\/wp-json\/wp\/v2\/media?parent=2211"}],"wp:term":[{"taxonomy":"category","embeddable":true,"href":"https:\/\/ferienchalet-wallis.ch\/en\/wp-json\/wp\/v2\/categories?post=2211"},{"taxonomy":"post_tag","embeddable":true,"href":"https:\/\/ferienchalet-wallis.ch\/en\/wp-json\/wp\/v2\/tags?post=2211"}],"curies":[{"name":"wp","href":"https:\/\/api.w.org\/{rel}","templated":true}]}}