{"id":2245,"date":"2025-01-14T16:07:24","date_gmt":"2025-01-14T16:07:24","guid":{"rendered":"https:\/\/ferienchalet-wallis.ch\/?p=2245"},"modified":"2025-01-27T16:12:24","modified_gmt":"2025-01-27T16:12:24","slug":"winterwanderweg-moosfluh-riederalp","status":"publish","type":"post","link":"https:\/\/ferienchalet-wallis.ch\/en\/winterwanderweg-moosfluh-riederalp\/","title":{"rendered":"Winter hiking trail Moosfluh Riederalp"},"content":{"rendered":"<style type=\"text\/css\" data-created_by=\"avia_inline_auto\" id=\"style-css-av-m5wnv388-15500c8c30da9614bc2671bfffcdf398\">\n#top .av-special-heading.av-m5wnv388-15500c8c30da9614bc2671bfffcdf398{\npadding-bottom:10px;\n}\nbody .av-special-heading.av-m5wnv388-15500c8c30da9614bc2671bfffcdf398 .av-special-heading-tag .heading-char{\nfont-size:25px;\n}\n.av-special-heading.av-m5wnv388-15500c8c30da9614bc2671bfffcdf398 .av-subheading{\nfont-size:15px;\n}\n<\/style>\n<div  class='av-special-heading av-m5wnv388-15500c8c30da9614bc2671bfffcdf398 av-special-heading-h2  avia-builder-el-0  el_before_av_image  avia-builder-el-first'><h2 class='av-special-heading-tag'  itemprop=\"headline\"  >High pressure weather in the Alps<\/h2><div class=\"special-heading-border\"><div class=\"special-heading-inner-border\"><\/div><\/div><\/div>\n\n<style type=\"text\/css\" data-created_by=\"avia_inline_auto\" id=\"style-css-av-m6f8qou7-30f5d37fc930e8449e8828042141a8d9\">\n.avia-image-container.av-m6f8qou7-30f5d37fc930e8449e8828042141a8d9 .av-image-caption-overlay-center{\ncolor:#ffffff;\n}\n<\/style>\n<div  class='avia-image-container av-m6f8qou7-30f5d37fc930e8449e8828042141a8d9 av-styling- avia-align-center  avia-builder-el-1  el_after_av_heading  el_before_av_hr'  itemprop=\"image\" itemscope=\"itemscope\" itemtype=\"https:\/\/schema.org\/ImageObject\" ><div class=\"avia-image-container-inner\"><div class=\"avia-image-overlay-wrap\"><img decoding=\"async\" class='wp-image-2246 avia-img-lazy-loading-not-2246 avia_image' src=\"https:\/\/ferienchalet-wallis.ch\/wp-content\/uploads\/2025\/01\/Winterwanderweg-Moosfluh-Riederfurka-1500x630.jpg\" alt='H\u00f6henweg Moosfluh - Riederfurka' title='H\u00f6henweg Moosfluh - Riederfurka'  height=\"630\" width=\"1500\"  itemprop=\"thumbnailUrl\"  \/><\/div><\/div><\/div>\n\n<style type=\"text\/css\" data-created_by=\"avia_inline_auto\" id=\"style-css-av-m6f8upvj-49bbc9ab18b86c1f1f0acd6e9c12fc96\">\n#top .hr.hr-invisible.av-m6f8upvj-49bbc9ab18b86c1f1f0acd6e9c12fc96{\nheight:25px;\n}\n<\/style>\n<div  class='hr av-m6f8upvj-49bbc9ab18b86c1f1f0acd6e9c12fc96 hr-invisible  avia-builder-el-2  el_after_av_image  el_before_av_textblock'><span class='hr-inner'><span class=\"hr-inner-style\"><\/span><\/span><\/div>\n<section  class='av_textblock_section av-m5wnvpqg-29684118fb1fe45fa5393fd22bbaa856'  itemscope=\"itemscope\" itemtype=\"https:\/\/schema.org\/BlogPosting\" itemprop=\"blogPost\" ><div class='avia_textblock'  itemprop=\"text\" ><p>High pressure weather at the moment! And not only that. The air is so dry that the visibility is also fantastic. So, get out of the house into the fresh air and enjoy the Alps, skiing, winter hiking, snowshoeing, you name it. It has snowed again and you have to make the most of it. The last few years have not been so rich in this combination. Fresh snow followed by beautiful weather, I mean.<\/p>\n<h3>Winter hiking trail Moosfluh towards Villa Cassel<\/h3>\n<p>This hiking trail is very well known and is therefore very popular. In winter and summer. In fact, it offers a magnificent view of the Aletsch Glacier at the Moosfluh viewpoint. From there, you hike along the ridge towards the sun. The trail goes steadily downhill and still has hilly moments. All in all, a hilly trail. The view is exciting. You can see the Matterhorn and the Weisshorn in the distance. Stop every now and then, take a souvenir photo and breathe deeply. Look far and open your heart.<\/p>\n<h3>Circular hike with refreshment stop<\/h3>\n<p>This hiking trail can practically be hiked all the way round. Depending on where you are staying, you can start on Riederalp and walk the panoramic trail to Bettmeralp through the village to the Moosfluh gondola lift. Or you can stay on Bettmeralp and start with the Moosfluh gondola lift and walk back to Bettmeralp at the end point (Villa Cassel) through the village of Riederalp. And of course you stop off at the end point. Although Villa Cassel is closed in winter, you will find two other options for taking a break and sunbathing in the same place.<\/p>\n<p><em>Blaasu t\u00fcet en chalte Luft, frisch und gsund, dr Winterduft<\/em><\/p>\n<\/div><\/section>\n<div class='flex_column av-9b68g5-5bdc7e27320595ce674f24596eae7cf5 av_one_half  avia-builder-el-4  el_after_av_textblock  avia-builder-el-last  first flex_column_div column-top-margin'   ><p><div  class='av-post-metadata-container av-7aw7lx-c0c97adf68a9e0d182561b0b20d80839 av-metadata-container-align-left  avia-builder-el-5  el_before_av_social_share  avia-builder-el-first  av-metadata-container-1'><div class='av-post-metadata-container-inner'><span class=\"av-post-metadata-content av-post-metadata-meta-content\"><span class=\"av-post-metadata-content av-post-metadata-author\"  itemprop=\"author\" ><span class=\"av-metadata-before av-metadata-before-author\">of<\/span><span class=\"av-post-metadata-author-link\" ><a href=\"https:\/\/ferienchalet-wallis.ch\/en\/author\/wallisaar\/\"  rel=\"author\">WalliSaar<\/a><\/span><\/span><span class=\"av-post-metadata-content av-post-metadata-separator\">\/<\/span><span class=\"av-post-metadata-content av-post-metadata-published\"><span class=\"av-post-metadata-published-date\" >January 14, 2025<\/span><\/span><\/span><\/div><\/div><br \/>\n<div  class='av-social-sharing-box av-2spy51-2ea577863e290886b6549876568ca9a3 av-social-sharing-box-circle  avia-builder-el-6  el_after_av_post_metadata  avia-builder-el-last  av-social-sharing-box-color-bg av-social-sharing-box-same-width'><div class=\"av-share-box\"><h5 class='av-share-link-description av-no-toc'>Share entry<\/h5><ul class=\"av-share-box-list noLightbox\"><li class='av-share-link av-social-link-whatsapp' ><a target=\"_blank\" aria-label=\"Share on WhatsApp\" href='https:\/\/api.whatsapp.com\/send?text=https:\/\/ferienchalet-wallis.ch\/en\/winterwanderweg-moosfluh-riederalp\/' aria-hidden='false' data-av_icon='\uf232' data-av_iconfont='entypo-fontello' title='' data-avia-related-tooltip='Share on WhatsApp' rel=\"noopener\"><span class='avia_hidden_link_text'>Share on WhatsApp<\/span><\/a><\/li><\/ul><\/div><\/div><\/p><\/div>","protected":false},"excerpt":{"rendered":"","protected":false},"author":3,"featured_media":2246,"comment_status":"closed","ping_status":"closed","sticky":false,"template":"","format":"standard","meta":{"footnotes":""},"categories":[6,7,24],"tags":[],"class_list":["post-2245","post","type-post","status-publish","format-standard","has-post-thumbnail","hentry","category-aletsch","category-riederalp","category-winter"],"yoast_head":"<!-- This site is optimized with the Yoast SEO plugin v27.4 - https:\/\/yoast.com\/product\/yoast-seo-wordpress\/ -->\n<title>Winterwanderweg Moosfluh Riederalp - Bettmeralp und Riederalp<\/title>\n<meta name=\"description\" content=\"Der Winterwanderweg von der Moosfluh zur Riederfurka dauert ca. 2 Stunden mit spannenden Ausblicken.\" \/>\n<meta name=\"robots\" content=\"index, follow, max-snippet:-1, max-image-preview:large, max-video-preview:-1\" \/>\n<link rel=\"canonical\" href=\"https:\/\/ferienchalet-wallis.ch\/en\/winterwanderweg-moosfluh-riederalp\/\" \/>\n<meta property=\"og:locale\" content=\"en_GB\" \/>\n<meta property=\"og:type\" content=\"article\" \/>\n<meta property=\"og:title\" content=\"Winterwanderweg Moosfluh Riederalp - Bettmeralp und Riederalp\" \/>\n<meta property=\"og:description\" content=\"Der Winterwanderweg von der Moosfluh zur Riederfurka dauert ca. 2 Stunden mit spannenden Ausblicken.\" \/>\n<meta property=\"og:url\" content=\"https:\/\/ferienchalet-wallis.ch\/en\/winterwanderweg-moosfluh-riederalp\/\" \/>\n<meta property=\"og:site_name\" content=\"Bettmeralp und Riederalp\" \/>\n<meta property=\"article:published_time\" content=\"2025-01-14T16:07:24+00:00\" \/>\n<meta property=\"article:modified_time\" content=\"2025-01-27T16:12:24+00:00\" \/>\n<meta property=\"og:image\" content=\"https:\/\/ferienchalet-wallis.ch\/wp-content\/uploads\/2025\/01\/Winterwanderweg-Moosfluh-Riederfurka-1030x773.jpg\" \/>\n\t<meta property=\"og:image:width\" content=\"1030\" \/>\n\t<meta property=\"og:image:height\" content=\"773\" \/>\n\t<meta property=\"og:image:type\" content=\"image\/jpeg\" \/>\n<meta name=\"author\" content=\"WalliSaar\" \/>\n<meta name=\"twitter:card\" content=\"summary_large_image\" \/>\n<meta name=\"twitter:label1\" content=\"Written by\" \/>\n\t<meta name=\"twitter:data1\" content=\"WalliSaar\" \/>\n\t<meta name=\"twitter:label2\" content=\"Estimated reading time\" \/>\n\t<meta name=\"twitter:data2\" content=\"4 minutes\" \/>\n<script type=\"application\/ld+json\" class=\"yoast-schema-graph\">{\"@context\":\"https:\\\/\\\/schema.org\",\"@graph\":[{\"@type\":\"Article\",\"@id\":\"https:\\\/\\\/ferienchalet-wallis.ch\\\/winterwanderweg-moosfluh-riederalp\\\/#article\",\"isPartOf\":{\"@id\":\"https:\\\/\\\/ferienchalet-wallis.ch\\\/winterwanderweg-moosfluh-riederalp\\\/\"},\"author\":{\"name\":\"WalliSaar\",\"@id\":\"https:\\\/\\\/ferienchalet-wallis.ch\\\/#\\\/schema\\\/person\\\/18b3f062b0514bc953799175b9bfdd2b\"},\"headline\":\"Winterwanderweg Moosfluh Riederalp\",\"datePublished\":\"2025-01-14T16:07:24+00:00\",\"dateModified\":\"2025-01-27T16:12:24+00:00\",\"mainEntityOfPage\":{\"@id\":\"https:\\\/\\\/ferienchalet-wallis.ch\\\/winterwanderweg-moosfluh-riederalp\\\/\"},\"wordCount\":868,\"publisher\":{\"@id\":\"https:\\\/\\\/ferienchalet-wallis.ch\\\/#organization\"},\"image\":{\"@id\":\"https:\\\/\\\/ferienchalet-wallis.ch\\\/winterwanderweg-moosfluh-riederalp\\\/#primaryimage\"},\"thumbnailUrl\":\"https:\\\/\\\/ferienchalet-wallis.ch\\\/wp-content\\\/uploads\\\/2025\\\/01\\\/Winterwanderweg-Moosfluh-Riederfurka-scaled.jpg\",\"articleSection\":[\"Aletsch\",\"Riederalp\",\"Winter\"],\"inLanguage\":\"en-GB\"},{\"@type\":\"WebPage\",\"@id\":\"https:\\\/\\\/ferienchalet-wallis.ch\\\/winterwanderweg-moosfluh-riederalp\\\/\",\"url\":\"https:\\\/\\\/ferienchalet-wallis.ch\\\/winterwanderweg-moosfluh-riederalp\\\/\",\"name\":\"Winterwanderweg Moosfluh Riederalp - Bettmeralp und Riederalp\",\"isPartOf\":{\"@id\":\"https:\\\/\\\/ferienchalet-wallis.ch\\\/#website\"},\"primaryImageOfPage\":{\"@id\":\"https:\\\/\\\/ferienchalet-wallis.ch\\\/winterwanderweg-moosfluh-riederalp\\\/#primaryimage\"},\"image\":{\"@id\":\"https:\\\/\\\/ferienchalet-wallis.ch\\\/winterwanderweg-moosfluh-riederalp\\\/#primaryimage\"},\"thumbnailUrl\":\"https:\\\/\\\/ferienchalet-wallis.ch\\\/wp-content\\\/uploads\\\/2025\\\/01\\\/Winterwanderweg-Moosfluh-Riederfurka-scaled.jpg\",\"datePublished\":\"2025-01-14T16:07:24+00:00\",\"dateModified\":\"2025-01-27T16:12:24+00:00\",\"description\":\"Der Winterwanderweg von der Moosfluh zur Riederfurka dauert ca. 2 Stunden mit spannenden Ausblicken.\",\"breadcrumb\":{\"@id\":\"https:\\\/\\\/ferienchalet-wallis.ch\\\/winterwanderweg-moosfluh-riederalp\\\/#breadcrumb\"},\"inLanguage\":\"en-GB\",\"potentialAction\":[{\"@type\":\"ReadAction\",\"target\":[\"https:\\\/\\\/ferienchalet-wallis.ch\\\/winterwanderweg-moosfluh-riederalp\\\/\"]}]},{\"@type\":\"ImageObject\",\"inLanguage\":\"en-GB\",\"@id\":\"https:\\\/\\\/ferienchalet-wallis.ch\\\/winterwanderweg-moosfluh-riederalp\\\/#primaryimage\",\"url\":\"https:\\\/\\\/ferienchalet-wallis.ch\\\/wp-content\\\/uploads\\\/2025\\\/01\\\/Winterwanderweg-Moosfluh-Riederfurka-scaled.jpg\",\"contentUrl\":\"https:\\\/\\\/ferienchalet-wallis.ch\\\/wp-content\\\/uploads\\\/2025\\\/01\\\/Winterwanderweg-Moosfluh-Riederfurka-scaled.jpg\",\"width\":2560,\"height\":1920,\"caption\":\"Winterwanderweg-Moosfluh-Riederfurka\"},{\"@type\":\"BreadcrumbList\",\"@id\":\"https:\\\/\\\/ferienchalet-wallis.ch\\\/winterwanderweg-moosfluh-riederalp\\\/#breadcrumb\",\"itemListElement\":[{\"@type\":\"ListItem\",\"position\":1,\"name\":\"Home\",\"item\":\"https:\\\/\\\/ferienchalet-wallis.ch\\\/\"},{\"@type\":\"ListItem\",\"position\":2,\"name\":\"Winterwanderweg Moosfluh Riederalp\"}]},{\"@type\":\"WebSite\",\"@id\":\"https:\\\/\\\/ferienchalet-wallis.ch\\\/#website\",\"url\":\"https:\\\/\\\/ferienchalet-wallis.ch\\\/\",\"name\":\"Bettmeralp und Riederalp\",\"description\":\"Kranzfelder Markus\",\"publisher\":{\"@id\":\"https:\\\/\\\/ferienchalet-wallis.ch\\\/#organization\"},\"potentialAction\":[{\"@type\":\"SearchAction\",\"target\":{\"@type\":\"EntryPoint\",\"urlTemplate\":\"https:\\\/\\\/ferienchalet-wallis.ch\\\/?s={search_term_string}\"},\"query-input\":{\"@type\":\"PropertyValueSpecification\",\"valueRequired\":true,\"valueName\":\"search_term_string\"}}],\"inLanguage\":\"en-GB\"},{\"@type\":\"Organization\",\"@id\":\"https:\\\/\\\/ferienchalet-wallis.ch\\\/#organization\",\"name\":\"Liegenschaftsbetreuung \\\/ Vermietung \u2013 M. Kranzfelder\",\"url\":\"https:\\\/\\\/ferienchalet-wallis.ch\\\/\",\"logo\":{\"@type\":\"ImageObject\",\"inLanguage\":\"en-GB\",\"@id\":\"https:\\\/\\\/ferienchalet-wallis.ch\\\/#\\\/schema\\\/logo\\\/image\\\/\",\"url\":\"https:\\\/\\\/ferienchalet-wallis.ch\\\/wp-content\\\/uploads\\\/2022\\\/01\\\/Logo_Kranzfelder.png\",\"contentUrl\":\"https:\\\/\\\/ferienchalet-wallis.ch\\\/wp-content\\\/uploads\\\/2022\\\/01\\\/Logo_Kranzfelder.png\",\"width\":1526,\"height\":447,\"caption\":\"Liegenschaftsbetreuung \\\/ Vermietung \u2013 M. Kranzfelder\"},\"image\":{\"@id\":\"https:\\\/\\\/ferienchalet-wallis.ch\\\/#\\\/schema\\\/logo\\\/image\\\/\"}},{\"@type\":\"Person\",\"@id\":\"https:\\\/\\\/ferienchalet-wallis.ch\\\/#\\\/schema\\\/person\\\/18b3f062b0514bc953799175b9bfdd2b\",\"name\":\"WalliSaar\",\"image\":{\"@type\":\"ImageObject\",\"inLanguage\":\"en-GB\",\"@id\":\"https:\\\/\\\/secure.gravatar.com\\\/avatar\\\/1be7f9468eac0e02f655be9ab758a01ae5dc72d678841cc4898d463993c78d36?s=96&d=initials&r=g&initials=ru\",\"url\":\"https:\\\/\\\/secure.gravatar.com\\\/avatar\\\/1be7f9468eac0e02f655be9ab758a01ae5dc72d678841cc4898d463993c78d36?s=96&d=initials&r=g&initials=ru\",\"contentUrl\":\"https:\\\/\\\/secure.gravatar.com\\\/avatar\\\/1be7f9468eac0e02f655be9ab758a01ae5dc72d678841cc4898d463993c78d36?s=96&d=initials&r=g&initials=ru\",\"caption\":\"WalliSaar\"},\"description\":\"Mein Name ist Anja Ruch und ich schreibe die Blogbeitr\u00e4ge f\u00fcr das Ehepaar Markus &amp; Tabitha Kranzfelder. Der Name WalliSaar gr\u00fcndet sich auf meinen Wurzeln im Saarland und den neuen im Wallis. My name is Anja Ruch and I write the blog entries for the Markus &amp; Tabitha Kranzfelder couple. The name WalliSaar shows the connection to my old roots in Saarland and the new ones in Valais.\",\"sameAs\":[\"https:\\\/\\\/www.ferienchalet-wallis.ch\\\/blog\"],\"url\":\"https:\\\/\\\/ferienchalet-wallis.ch\\\/en\\\/author\\\/wallisaar\\\/\"}]}<\/script>\n<!-- \/ Yoast SEO plugin. -->","yoast_head_json":{"title":"Winterwanderweg Moosfluh Riederalp - Bettmeralp und Riederalp","description":"Der Winterwanderweg von der Moosfluh zur Riederfurka dauert ca. 2 Stunden mit spannenden Ausblicken.","robots":{"index":"index","follow":"follow","max-snippet":"max-snippet:-1","max-image-preview":"max-image-preview:large","max-video-preview":"max-video-preview:-1"},"canonical":"https:\/\/ferienchalet-wallis.ch\/en\/winterwanderweg-moosfluh-riederalp\/","og_locale":"en_GB","og_type":"article","og_title":"Winterwanderweg Moosfluh Riederalp - Bettmeralp und Riederalp","og_description":"Der Winterwanderweg von der Moosfluh zur Riederfurka dauert ca. 2 Stunden mit spannenden Ausblicken.","og_url":"https:\/\/ferienchalet-wallis.ch\/en\/winterwanderweg-moosfluh-riederalp\/","og_site_name":"Bettmeralp und Riederalp","article_published_time":"2025-01-14T16:07:24+00:00","article_modified_time":"2025-01-27T16:12:24+00:00","og_image":[{"width":1030,"height":773,"url":"https:\/\/ferienchalet-wallis.ch\/wp-content\/uploads\/2025\/01\/Winterwanderweg-Moosfluh-Riederfurka-1030x773.jpg","type":"image\/jpeg"}],"author":"WalliSaar","twitter_card":"summary_large_image","twitter_misc":{"Written by":"WalliSaar","Estimated reading time":"4 minutes"},"schema":{"@context":"https:\/\/schema.org","@graph":[{"@type":"Article","@id":"https:\/\/ferienchalet-wallis.ch\/winterwanderweg-moosfluh-riederalp\/#article","isPartOf":{"@id":"https:\/\/ferienchalet-wallis.ch\/winterwanderweg-moosfluh-riederalp\/"},"author":{"name":"WalliSaar","@id":"https:\/\/ferienchalet-wallis.ch\/#\/schema\/person\/18b3f062b0514bc953799175b9bfdd2b"},"headline":"Winterwanderweg Moosfluh Riederalp","datePublished":"2025-01-14T16:07:24+00:00","dateModified":"2025-01-27T16:12:24+00:00","mainEntityOfPage":{"@id":"https:\/\/ferienchalet-wallis.ch\/winterwanderweg-moosfluh-riederalp\/"},"wordCount":868,"publisher":{"@id":"https:\/\/ferienchalet-wallis.ch\/#organization"},"image":{"@id":"https:\/\/ferienchalet-wallis.ch\/winterwanderweg-moosfluh-riederalp\/#primaryimage"},"thumbnailUrl":"https:\/\/ferienchalet-wallis.ch\/wp-content\/uploads\/2025\/01\/Winterwanderweg-Moosfluh-Riederfurka-scaled.jpg","articleSection":["Aletsch","Riederalp","Winter"],"inLanguage":"en-GB"},{"@type":"WebPage","@id":"https:\/\/ferienchalet-wallis.ch\/winterwanderweg-moosfluh-riederalp\/","url":"https:\/\/ferienchalet-wallis.ch\/winterwanderweg-moosfluh-riederalp\/","name":"Winterwanderweg Moosfluh Riederalp - Bettmeralp und Riederalp","isPartOf":{"@id":"https:\/\/ferienchalet-wallis.ch\/#website"},"primaryImageOfPage":{"@id":"https:\/\/ferienchalet-wallis.ch\/winterwanderweg-moosfluh-riederalp\/#primaryimage"},"image":{"@id":"https:\/\/ferienchalet-wallis.ch\/winterwanderweg-moosfluh-riederalp\/#primaryimage"},"thumbnailUrl":"https:\/\/ferienchalet-wallis.ch\/wp-content\/uploads\/2025\/01\/Winterwanderweg-Moosfluh-Riederfurka-scaled.jpg","datePublished":"2025-01-14T16:07:24+00:00","dateModified":"2025-01-27T16:12:24+00:00","description":"Der Winterwanderweg von der Moosfluh zur Riederfurka dauert ca. 2 Stunden mit spannenden Ausblicken.","breadcrumb":{"@id":"https:\/\/ferienchalet-wallis.ch\/winterwanderweg-moosfluh-riederalp\/#breadcrumb"},"inLanguage":"en-GB","potentialAction":[{"@type":"ReadAction","target":["https:\/\/ferienchalet-wallis.ch\/winterwanderweg-moosfluh-riederalp\/"]}]},{"@type":"ImageObject","inLanguage":"en-GB","@id":"https:\/\/ferienchalet-wallis.ch\/winterwanderweg-moosfluh-riederalp\/#primaryimage","url":"https:\/\/ferienchalet-wallis.ch\/wp-content\/uploads\/2025\/01\/Winterwanderweg-Moosfluh-Riederfurka-scaled.jpg","contentUrl":"https:\/\/ferienchalet-wallis.ch\/wp-content\/uploads\/2025\/01\/Winterwanderweg-Moosfluh-Riederfurka-scaled.jpg","width":2560,"height":1920,"caption":"Winterwanderweg-Moosfluh-Riederfurka"},{"@type":"BreadcrumbList","@id":"https:\/\/ferienchalet-wallis.ch\/winterwanderweg-moosfluh-riederalp\/#breadcrumb","itemListElement":[{"@type":"ListItem","position":1,"name":"Home","item":"https:\/\/ferienchalet-wallis.ch\/"},{"@type":"ListItem","position":2,"name":"Winterwanderweg Moosfluh Riederalp"}]},{"@type":"WebSite","@id":"https:\/\/ferienchalet-wallis.ch\/#website","url":"https:\/\/ferienchalet-wallis.ch\/","name":"Bettmeralp and Riederalp","description":"Kranzfelder Markus","publisher":{"@id":"https:\/\/ferienchalet-wallis.ch\/#organization"},"potentialAction":[{"@type":"SearchAction","target":{"@type":"EntryPoint","urlTemplate":"https:\/\/ferienchalet-wallis.ch\/?s={search_term_string}"},"query-input":{"@type":"PropertyValueSpecification","valueRequired":true,"valueName":"search_term_string"}}],"inLanguage":"en-GB"},{"@type":"Organization","@id":"https:\/\/ferienchalet-wallis.ch\/#organization","name":"Liegenschaftsbetreuung \/ Vermietung \u2013 M. Kranzfelder","url":"https:\/\/ferienchalet-wallis.ch\/","logo":{"@type":"ImageObject","inLanguage":"en-GB","@id":"https:\/\/ferienchalet-wallis.ch\/#\/schema\/logo\/image\/","url":"https:\/\/ferienchalet-wallis.ch\/wp-content\/uploads\/2022\/01\/Logo_Kranzfelder.png","contentUrl":"https:\/\/ferienchalet-wallis.ch\/wp-content\/uploads\/2022\/01\/Logo_Kranzfelder.png","width":1526,"height":447,"caption":"Liegenschaftsbetreuung \/ Vermietung \u2013 M. Kranzfelder"},"image":{"@id":"https:\/\/ferienchalet-wallis.ch\/#\/schema\/logo\/image\/"}},{"@type":"Person","@id":"https:\/\/ferienchalet-wallis.ch\/#\/schema\/person\/18b3f062b0514bc953799175b9bfdd2b","name":"WalliSaar","image":{"@type":"ImageObject","inLanguage":"en-GB","@id":"https:\/\/secure.gravatar.com\/avatar\/1be7f9468eac0e02f655be9ab758a01ae5dc72d678841cc4898d463993c78d36?s=96&d=initials&r=g&initials=ru","url":"https:\/\/secure.gravatar.com\/avatar\/1be7f9468eac0e02f655be9ab758a01ae5dc72d678841cc4898d463993c78d36?s=96&d=initials&r=g&initials=ru","contentUrl":"https:\/\/secure.gravatar.com\/avatar\/1be7f9468eac0e02f655be9ab758a01ae5dc72d678841cc4898d463993c78d36?s=96&d=initials&r=g&initials=ru","caption":"WalliSaar"},"description":"Mein Name ist Anja Ruch und ich schreibe die Blogbeitr\u00e4ge f\u00fcr das Ehepaar Markus &amp; Tabitha Kranzfelder. Der Name WalliSaar gr\u00fcndet sich auf meinen Wurzeln im Saarland und den neuen im Wallis. My name is Anja Ruch and I write the blog entries for the Markus &amp; Tabitha Kranzfelder couple. The name WalliSaar shows the connection to my old roots in Saarland and the new ones in Valais.","sameAs":["https:\/\/www.ferienchalet-wallis.ch\/blog"],"url":"https:\/\/ferienchalet-wallis.ch\/en\/author\/wallisaar\/"}]}},"_links":{"self":[{"href":"https:\/\/ferienchalet-wallis.ch\/en\/wp-json\/wp\/v2\/posts\/2245","targetHints":{"allow":["GET"]}}],"collection":[{"href":"https:\/\/ferienchalet-wallis.ch\/en\/wp-json\/wp\/v2\/posts"}],"about":[{"href":"https:\/\/ferienchalet-wallis.ch\/en\/wp-json\/wp\/v2\/types\/post"}],"author":[{"embeddable":true,"href":"https:\/\/ferienchalet-wallis.ch\/en\/wp-json\/wp\/v2\/users\/3"}],"replies":[{"embeddable":true,"href":"https:\/\/ferienchalet-wallis.ch\/en\/wp-json\/wp\/v2\/comments?post=2245"}],"version-history":[{"count":10,"href":"https:\/\/ferienchalet-wallis.ch\/en\/wp-json\/wp\/v2\/posts\/2245\/revisions"}],"predecessor-version":[{"id":2271,"href":"https:\/\/ferienchalet-wallis.ch\/en\/wp-json\/wp\/v2\/posts\/2245\/revisions\/2271"}],"wp:featuredmedia":[{"embeddable":true,"href":"https:\/\/ferienchalet-wallis.ch\/en\/wp-json\/wp\/v2\/media\/2246"}],"wp:attachment":[{"href":"https:\/\/ferienchalet-wallis.ch\/en\/wp-json\/wp\/v2\/media?parent=2245"}],"wp:term":[{"taxonomy":"category","embeddable":true,"href":"https:\/\/ferienchalet-wallis.ch\/en\/wp-json\/wp\/v2\/categories?post=2245"},{"taxonomy":"post_tag","embeddable":true,"href":"https:\/\/ferienchalet-wallis.ch\/en\/wp-json\/wp\/v2\/tags?post=2245"}],"curies":[{"name":"wp","href":"https:\/\/api.w.org\/{rel}","templated":true}]}}