{"id":2336,"date":"2025-03-25T14:33:07","date_gmt":"2025-03-25T14:33:07","guid":{"rendered":"https:\/\/ferienchalet-wallis.ch\/?p=2336"},"modified":"2025-04-08T15:14:44","modified_gmt":"2025-04-08T15:14:44","slug":"huettenerlebnisse-aletsch-arena-ohne-kuehe","status":"publish","type":"post","link":"https:\/\/ferienchalet-wallis.ch\/en\/huettenerlebnisse-aletsch-arena-ohne-kuehe\/","title":{"rendered":"Aletsch Arena hut experiences without cows"},"content":{"rendered":"<style type=\"text\/css\" data-created_by=\"avia_inline_auto\" id=\"style-css-av-m8ol2rtj-9aea6d96ddc627f53bfbed57b94aefe0\">\n#top .av-special-heading.av-m8ol2rtj-9aea6d96ddc627f53bfbed57b94aefe0{\npadding-bottom:10px;\n}\nbody .av-special-heading.av-m8ol2rtj-9aea6d96ddc627f53bfbed57b94aefe0 .av-special-heading-tag .heading-char{\nfont-size:25px;\n}\n.av-special-heading.av-m8ol2rtj-9aea6d96ddc627f53bfbed57b94aefe0 .av-subheading{\nfont-size:15px;\n}\n<\/style>\n<div  class='av-special-heading av-m8ol2rtj-9aea6d96ddc627f53bfbed57b94aefe0 av-special-heading-h2  avia-builder-el-0  el_before_av_image  avia-builder-el-first'><h2 class='av-special-heading-tag'  itemprop=\"headline\"  >Ch\u00fcestall restaurant on the Riederalp<\/h2><div class=\"special-heading-border\"><div class=\"special-heading-inner-border\"><\/div><\/div><\/div>\n\n<style type=\"text\/css\" data-created_by=\"avia_inline_auto\" id=\"style-css-av-m8ol6ezx-c27662cf802d00a497ad742907c4b2bb\">\n.avia-image-container.av-m8ol6ezx-c27662cf802d00a497ad742907c4b2bb .av-image-caption-overlay-center{\ncolor:#ffffff;\n}\n<\/style>\n<div  class='avia-image-container av-m8ol6ezx-c27662cf802d00a497ad742907c4b2bb av-styling- avia-align-center  avia-builder-el-1  el_after_av_heading  el_before_av_textblock'  itemprop=\"image\" itemscope=\"itemscope\" itemtype=\"https:\/\/schema.org\/ImageObject\" ><div class=\"avia-image-container-inner\"><div class=\"avia-image-overlay-wrap\"><img decoding=\"async\" class='wp-image-2341 avia-img-lazy-loading-not-2341 avia_image' src=\"https:\/\/ferienchalet-wallis.ch\/wp-content\/uploads\/2025\/03\/Restaurant-Chueestall_Riederalp-1200x630.jpeg\" alt='Restaurant_Ch\u00fcestall_Riederalp' title='Restaurant_Ch\u00fcestall_Riederalp'  height=\"630\" width=\"1200\"  itemprop=\"thumbnailUrl\"  \/><\/div><\/div><\/div>\n<section  class='av_textblock_section av-m8oldzz3-1d0e6616ff4303cff2d334654c34cc3b'  itemscope=\"itemscope\" itemtype=\"https:\/\/schema.org\/BlogPosting\" itemprop=\"blogPost\" ><div class='avia_textblock'  itemprop=\"text\" ><p>The winter season is coming to an end, but the desire for good food remains. And, of course, for cosy breaks in a rustic ambience with the feeling of being at home in the Alps. The <a href=\"https:\/\/www.chuestall-blausee.ch\/\" target=\"_blank\" rel=\"noopener\">Restaurant Ch\u00fcestall<\/a> on the Riederalp, located at a crossroads of pistes and winter hiking trails, is perfectly equipped for this.<\/p>\n<h3>The cowshed that never was one<\/h3>\n<p>No cow can rest here! This is how the Ch\u00fcestall restaurant advertises itself on its website and makes it clear right away: there was never a cowshed. It was planned, built and then discarded. After completion, the hut stands empty until the day someone has the courage to turn it into a truly rustic restaurant with today's standards.<\/p>\n<h3>Offers from the restaurant<\/h3>\n<p>To have a comparison with other alpine huts with a menu, I had another cholera. And I was not disappointed. The leek tart with apples, potatoes and raclette cheese, this time in the form of a small round cake, tasted excellent and was accompanied by a good portion of mixed salad.<\/p>\n<p>The restaurant is furnished with lots of wood in Alpine style and has a sunny terrace. When we were there in February, both the hut and the terrace were full of people.<\/p>\n<p>In addition to bed and breakfast, the Ch\u00fcestall also offers food at the fondue barrel as an event. I'm telling you, go there. If not now, then in summer. I have to go again. Try the sweet cake they offer. What else?!<\/p>\n<p><em>S\u2019Sch\u00f6nschta isch doch z\u2019Friedeheit<\/em><\/p>\n<\/div><\/section>\n<div class='flex_column av-99yq5s-15237705b27fc271427e801762d74355 av_one_half  avia-builder-el-3  el_after_av_textblock  avia-builder-el-last  first flex_column_div column-top-margin'   ><p><div  class='av-post-metadata-container av-6wwye8-d88ba1556def809a2179fd5133436368 av-metadata-container-align-left  avia-builder-el-4  el_before_av_social_share  avia-builder-el-first  av-metadata-container-1'><div class='av-post-metadata-container-inner'><span class=\"av-post-metadata-content av-post-metadata-meta-content\"><span class=\"av-post-metadata-content av-post-metadata-author\"  itemprop=\"author\" ><span class=\"av-metadata-before av-metadata-before-author\">of<\/span><span class=\"av-post-metadata-author-link\" ><a href=\"https:\/\/ferienchalet-wallis.ch\/en\/author\/wallisaar\/\"  rel=\"author\">WalliSaar<\/a><\/span><\/span><span class=\"av-post-metadata-content av-post-metadata-separator\">\/<\/span><span class=\"av-post-metadata-content av-post-metadata-published\"><span class=\"av-post-metadata-published-date\" >March 25, 2025<\/span><\/span><\/span><\/div><\/div><br \/>\n<div  class='av-social-sharing-box av-1vbj68-a3e79bcbd1831173267c9911061970d7 av-social-sharing-box-circle  avia-builder-el-5  el_after_av_post_metadata  avia-builder-el-last  av-social-sharing-box-color-bg av-social-sharing-box-same-width'><div class=\"av-share-box\"><h5 class='av-share-link-description av-no-toc'>Share entry<\/h5><ul class=\"av-share-box-list noLightbox\"><li class='av-share-link av-social-link-whatsapp' ><a target=\"_blank\" aria-label=\"Share on WhatsApp\" href='https:\/\/api.whatsapp.com\/send?text=https:\/\/ferienchalet-wallis.ch\/en\/huettenerlebnisse-aletsch-arena-ohne-kuehe\/' aria-hidden='false' data-av_icon='\uf232' data-av_iconfont='entypo-fontello' title='' data-avia-related-tooltip='Share on WhatsApp' rel=\"noopener\"><span class='avia_hidden_link_text'>Share on WhatsApp<\/span><\/a><\/li><\/ul><\/div><\/div><\/p><\/div>","protected":false},"excerpt":{"rendered":"","protected":false},"author":3,"featured_media":2341,"comment_status":"closed","ping_status":"closed","sticky":false,"template":"","format":"standard","meta":{"footnotes":""},"categories":[6,25,7],"tags":[],"class_list":["post-2336","post","type-post","status-publish","format-standard","has-post-thumbnail","hentry","category-aletsch","category-huettenerlebnis","category-riederalp"],"yoast_head":"<!-- This site is optimized with the Yoast SEO plugin v27.4 - https:\/\/yoast.com\/product\/yoast-seo-wordpress\/ -->\n<title>H\u00fcttenerlebnisse Aletsch Arena ohne K\u00fche - Bettmeralp und Riederalp<\/title>\n<meta name=\"description\" content=\"Das Restaurant Ch\u00fcestall auf der Riederalp ist ein H\u00fcttenerlebnis ohne K\u00fche.\" \/>\n<meta name=\"robots\" content=\"index, follow, max-snippet:-1, max-image-preview:large, max-video-preview:-1\" \/>\n<link rel=\"canonical\" href=\"https:\/\/ferienchalet-wallis.ch\/en\/huettenerlebnisse-aletsch-arena-ohne-kuehe\/\" \/>\n<meta property=\"og:locale\" content=\"en_GB\" \/>\n<meta property=\"og:type\" content=\"article\" \/>\n<meta property=\"og:title\" content=\"H\u00fcttenerlebnisse Aletsch Arena ohne K\u00fche - Bettmeralp und Riederalp\" \/>\n<meta property=\"og:description\" content=\"Das Restaurant Ch\u00fcestall auf der Riederalp ist ein H\u00fcttenerlebnis ohne K\u00fche.\" \/>\n<meta property=\"og:url\" content=\"https:\/\/ferienchalet-wallis.ch\/en\/huettenerlebnisse-aletsch-arena-ohne-kuehe\/\" \/>\n<meta property=\"og:site_name\" content=\"Bettmeralp und Riederalp\" \/>\n<meta property=\"article:published_time\" content=\"2025-03-25T14:33:07+00:00\" \/>\n<meta property=\"article:modified_time\" content=\"2025-04-08T15:14:44+00:00\" \/>\n<meta property=\"og:image\" content=\"https:\/\/ferienchalet-wallis.ch\/wp-content\/uploads\/2025\/03\/Restaurant-Chueestall_Riederalp.jpeg\" \/>\n\t<meta property=\"og:image:width\" content=\"1200\" \/>\n\t<meta property=\"og:image:height\" content=\"1600\" \/>\n\t<meta property=\"og:image:type\" content=\"image\/jpeg\" \/>\n<meta name=\"author\" content=\"WalliSaar\" \/>\n<meta name=\"twitter:card\" content=\"summary_large_image\" \/>\n<meta name=\"twitter:label1\" content=\"Written by\" \/>\n\t<meta name=\"twitter:data1\" content=\"WalliSaar\" \/>\n\t<meta name=\"twitter:label2\" content=\"Estimated reading time\" \/>\n\t<meta name=\"twitter:data2\" content=\"3 minutes\" \/>\n<script type=\"application\/ld+json\" class=\"yoast-schema-graph\">{\"@context\":\"https:\\\/\\\/schema.org\",\"@graph\":[{\"@type\":\"Article\",\"@id\":\"https:\\\/\\\/ferienchalet-wallis.ch\\\/huettenerlebnisse-aletsch-arena-ohne-kuehe\\\/#article\",\"isPartOf\":{\"@id\":\"https:\\\/\\\/ferienchalet-wallis.ch\\\/huettenerlebnisse-aletsch-arena-ohne-kuehe\\\/\"},\"author\":{\"name\":\"WalliSaar\",\"@id\":\"https:\\\/\\\/ferienchalet-wallis.ch\\\/#\\\/schema\\\/person\\\/18b3f062b0514bc953799175b9bfdd2b\"},\"headline\":\"H\u00fcttenerlebnisse Aletsch Arena ohne K\u00fche\",\"datePublished\":\"2025-03-25T14:33:07+00:00\",\"dateModified\":\"2025-04-08T15:14:44+00:00\",\"mainEntityOfPage\":{\"@id\":\"https:\\\/\\\/ferienchalet-wallis.ch\\\/huettenerlebnisse-aletsch-arena-ohne-kuehe\\\/\"},\"wordCount\":814,\"publisher\":{\"@id\":\"https:\\\/\\\/ferienchalet-wallis.ch\\\/#organization\"},\"image\":{\"@id\":\"https:\\\/\\\/ferienchalet-wallis.ch\\\/huettenerlebnisse-aletsch-arena-ohne-kuehe\\\/#primaryimage\"},\"thumbnailUrl\":\"https:\\\/\\\/ferienchalet-wallis.ch\\\/wp-content\\\/uploads\\\/2025\\\/03\\\/Restaurant-Chueestall_Riederalp.jpeg\",\"articleSection\":[\"Aletsch\",\"H\u00fcttenerlebnis\",\"Riederalp\"],\"inLanguage\":\"en-GB\"},{\"@type\":\"WebPage\",\"@id\":\"https:\\\/\\\/ferienchalet-wallis.ch\\\/huettenerlebnisse-aletsch-arena-ohne-kuehe\\\/\",\"url\":\"https:\\\/\\\/ferienchalet-wallis.ch\\\/huettenerlebnisse-aletsch-arena-ohne-kuehe\\\/\",\"name\":\"H\u00fcttenerlebnisse Aletsch Arena ohne K\u00fche - Bettmeralp und Riederalp\",\"isPartOf\":{\"@id\":\"https:\\\/\\\/ferienchalet-wallis.ch\\\/#website\"},\"primaryImageOfPage\":{\"@id\":\"https:\\\/\\\/ferienchalet-wallis.ch\\\/huettenerlebnisse-aletsch-arena-ohne-kuehe\\\/#primaryimage\"},\"image\":{\"@id\":\"https:\\\/\\\/ferienchalet-wallis.ch\\\/huettenerlebnisse-aletsch-arena-ohne-kuehe\\\/#primaryimage\"},\"thumbnailUrl\":\"https:\\\/\\\/ferienchalet-wallis.ch\\\/wp-content\\\/uploads\\\/2025\\\/03\\\/Restaurant-Chueestall_Riederalp.jpeg\",\"datePublished\":\"2025-03-25T14:33:07+00:00\",\"dateModified\":\"2025-04-08T15:14:44+00:00\",\"description\":\"Das Restaurant Ch\u00fcestall auf der Riederalp ist ein H\u00fcttenerlebnis ohne K\u00fche.\",\"breadcrumb\":{\"@id\":\"https:\\\/\\\/ferienchalet-wallis.ch\\\/huettenerlebnisse-aletsch-arena-ohne-kuehe\\\/#breadcrumb\"},\"inLanguage\":\"en-GB\",\"potentialAction\":[{\"@type\":\"ReadAction\",\"target\":[\"https:\\\/\\\/ferienchalet-wallis.ch\\\/huettenerlebnisse-aletsch-arena-ohne-kuehe\\\/\"]}]},{\"@type\":\"ImageObject\",\"inLanguage\":\"en-GB\",\"@id\":\"https:\\\/\\\/ferienchalet-wallis.ch\\\/huettenerlebnisse-aletsch-arena-ohne-kuehe\\\/#primaryimage\",\"url\":\"https:\\\/\\\/ferienchalet-wallis.ch\\\/wp-content\\\/uploads\\\/2025\\\/03\\\/Restaurant-Chueestall_Riederalp.jpeg\",\"contentUrl\":\"https:\\\/\\\/ferienchalet-wallis.ch\\\/wp-content\\\/uploads\\\/2025\\\/03\\\/Restaurant-Chueestall_Riederalp.jpeg\",\"width\":1200,\"height\":1600,\"caption\":\"Restaurant-Ch\u00fcestall_Riederalp\"},{\"@type\":\"BreadcrumbList\",\"@id\":\"https:\\\/\\\/ferienchalet-wallis.ch\\\/huettenerlebnisse-aletsch-arena-ohne-kuehe\\\/#breadcrumb\",\"itemListElement\":[{\"@type\":\"ListItem\",\"position\":1,\"name\":\"Home\",\"item\":\"https:\\\/\\\/ferienchalet-wallis.ch\\\/\"},{\"@type\":\"ListItem\",\"position\":2,\"name\":\"H\u00fcttenerlebnisse Aletsch Arena ohne K\u00fche\"}]},{\"@type\":\"WebSite\",\"@id\":\"https:\\\/\\\/ferienchalet-wallis.ch\\\/#website\",\"url\":\"https:\\\/\\\/ferienchalet-wallis.ch\\\/\",\"name\":\"Bettmeralp und Riederalp\",\"description\":\"Kranzfelder Markus\",\"publisher\":{\"@id\":\"https:\\\/\\\/ferienchalet-wallis.ch\\\/#organization\"},\"potentialAction\":[{\"@type\":\"SearchAction\",\"target\":{\"@type\":\"EntryPoint\",\"urlTemplate\":\"https:\\\/\\\/ferienchalet-wallis.ch\\\/?s={search_term_string}\"},\"query-input\":{\"@type\":\"PropertyValueSpecification\",\"valueRequired\":true,\"valueName\":\"search_term_string\"}}],\"inLanguage\":\"en-GB\"},{\"@type\":\"Organization\",\"@id\":\"https:\\\/\\\/ferienchalet-wallis.ch\\\/#organization\",\"name\":\"Liegenschaftsbetreuung \\\/ Vermietung \u2013 M. Kranzfelder\",\"url\":\"https:\\\/\\\/ferienchalet-wallis.ch\\\/\",\"logo\":{\"@type\":\"ImageObject\",\"inLanguage\":\"en-GB\",\"@id\":\"https:\\\/\\\/ferienchalet-wallis.ch\\\/#\\\/schema\\\/logo\\\/image\\\/\",\"url\":\"https:\\\/\\\/ferienchalet-wallis.ch\\\/wp-content\\\/uploads\\\/2022\\\/01\\\/Logo_Kranzfelder.png\",\"contentUrl\":\"https:\\\/\\\/ferienchalet-wallis.ch\\\/wp-content\\\/uploads\\\/2022\\\/01\\\/Logo_Kranzfelder.png\",\"width\":1526,\"height\":447,\"caption\":\"Liegenschaftsbetreuung \\\/ Vermietung \u2013 M. Kranzfelder\"},\"image\":{\"@id\":\"https:\\\/\\\/ferienchalet-wallis.ch\\\/#\\\/schema\\\/logo\\\/image\\\/\"}},{\"@type\":\"Person\",\"@id\":\"https:\\\/\\\/ferienchalet-wallis.ch\\\/#\\\/schema\\\/person\\\/18b3f062b0514bc953799175b9bfdd2b\",\"name\":\"WalliSaar\",\"image\":{\"@type\":\"ImageObject\",\"inLanguage\":\"en-GB\",\"@id\":\"https:\\\/\\\/secure.gravatar.com\\\/avatar\\\/1be7f9468eac0e02f655be9ab758a01ae5dc72d678841cc4898d463993c78d36?s=96&d=initials&r=g&initials=ru\",\"url\":\"https:\\\/\\\/secure.gravatar.com\\\/avatar\\\/1be7f9468eac0e02f655be9ab758a01ae5dc72d678841cc4898d463993c78d36?s=96&d=initials&r=g&initials=ru\",\"contentUrl\":\"https:\\\/\\\/secure.gravatar.com\\\/avatar\\\/1be7f9468eac0e02f655be9ab758a01ae5dc72d678841cc4898d463993c78d36?s=96&d=initials&r=g&initials=ru\",\"caption\":\"WalliSaar\"},\"description\":\"Mein Name ist Anja Ruch und ich schreibe die Blogbeitr\u00e4ge f\u00fcr das Ehepaar Markus &amp; Tabitha Kranzfelder. Der Name WalliSaar gr\u00fcndet sich auf meinen Wurzeln im Saarland und den neuen im Wallis. My name is Anja Ruch and I write the blog entries for the Markus &amp; Tabitha Kranzfelder couple. The name WalliSaar shows the connection to my old roots in Saarland and the new ones in Valais.\",\"sameAs\":[\"https:\\\/\\\/www.ferienchalet-wallis.ch\\\/blog\"],\"url\":\"https:\\\/\\\/ferienchalet-wallis.ch\\\/en\\\/author\\\/wallisaar\\\/\"}]}<\/script>\n<!-- \/ Yoast SEO plugin. -->","yoast_head_json":{"title":"H\u00fcttenerlebnisse Aletsch Arena ohne K\u00fche - Bettmeralp und Riederalp","description":"Das Restaurant Ch\u00fcestall auf der Riederalp ist ein H\u00fcttenerlebnis ohne K\u00fche.","robots":{"index":"index","follow":"follow","max-snippet":"max-snippet:-1","max-image-preview":"max-image-preview:large","max-video-preview":"max-video-preview:-1"},"canonical":"https:\/\/ferienchalet-wallis.ch\/en\/huettenerlebnisse-aletsch-arena-ohne-kuehe\/","og_locale":"en_GB","og_type":"article","og_title":"H\u00fcttenerlebnisse Aletsch Arena ohne K\u00fche - Bettmeralp und Riederalp","og_description":"Das Restaurant Ch\u00fcestall auf der Riederalp ist ein H\u00fcttenerlebnis ohne K\u00fche.","og_url":"https:\/\/ferienchalet-wallis.ch\/en\/huettenerlebnisse-aletsch-arena-ohne-kuehe\/","og_site_name":"Bettmeralp und Riederalp","article_published_time":"2025-03-25T14:33:07+00:00","article_modified_time":"2025-04-08T15:14:44+00:00","og_image":[{"width":1200,"height":1600,"url":"https:\/\/ferienchalet-wallis.ch\/wp-content\/uploads\/2025\/03\/Restaurant-Chueestall_Riederalp.jpeg","type":"image\/jpeg"}],"author":"WalliSaar","twitter_card":"summary_large_image","twitter_misc":{"Written by":"WalliSaar","Estimated reading time":"3 minutes"},"schema":{"@context":"https:\/\/schema.org","@graph":[{"@type":"Article","@id":"https:\/\/ferienchalet-wallis.ch\/huettenerlebnisse-aletsch-arena-ohne-kuehe\/#article","isPartOf":{"@id":"https:\/\/ferienchalet-wallis.ch\/huettenerlebnisse-aletsch-arena-ohne-kuehe\/"},"author":{"name":"WalliSaar","@id":"https:\/\/ferienchalet-wallis.ch\/#\/schema\/person\/18b3f062b0514bc953799175b9bfdd2b"},"headline":"H\u00fcttenerlebnisse Aletsch Arena ohne K\u00fche","datePublished":"2025-03-25T14:33:07+00:00","dateModified":"2025-04-08T15:14:44+00:00","mainEntityOfPage":{"@id":"https:\/\/ferienchalet-wallis.ch\/huettenerlebnisse-aletsch-arena-ohne-kuehe\/"},"wordCount":814,"publisher":{"@id":"https:\/\/ferienchalet-wallis.ch\/#organization"},"image":{"@id":"https:\/\/ferienchalet-wallis.ch\/huettenerlebnisse-aletsch-arena-ohne-kuehe\/#primaryimage"},"thumbnailUrl":"https:\/\/ferienchalet-wallis.ch\/wp-content\/uploads\/2025\/03\/Restaurant-Chueestall_Riederalp.jpeg","articleSection":["Aletsch","H\u00fcttenerlebnis","Riederalp"],"inLanguage":"en-GB"},{"@type":"WebPage","@id":"https:\/\/ferienchalet-wallis.ch\/huettenerlebnisse-aletsch-arena-ohne-kuehe\/","url":"https:\/\/ferienchalet-wallis.ch\/huettenerlebnisse-aletsch-arena-ohne-kuehe\/","name":"H\u00fcttenerlebnisse Aletsch Arena ohne K\u00fche - Bettmeralp und Riederalp","isPartOf":{"@id":"https:\/\/ferienchalet-wallis.ch\/#website"},"primaryImageOfPage":{"@id":"https:\/\/ferienchalet-wallis.ch\/huettenerlebnisse-aletsch-arena-ohne-kuehe\/#primaryimage"},"image":{"@id":"https:\/\/ferienchalet-wallis.ch\/huettenerlebnisse-aletsch-arena-ohne-kuehe\/#primaryimage"},"thumbnailUrl":"https:\/\/ferienchalet-wallis.ch\/wp-content\/uploads\/2025\/03\/Restaurant-Chueestall_Riederalp.jpeg","datePublished":"2025-03-25T14:33:07+00:00","dateModified":"2025-04-08T15:14:44+00:00","description":"Das Restaurant Ch\u00fcestall auf der Riederalp ist ein H\u00fcttenerlebnis ohne K\u00fche.","breadcrumb":{"@id":"https:\/\/ferienchalet-wallis.ch\/huettenerlebnisse-aletsch-arena-ohne-kuehe\/#breadcrumb"},"inLanguage":"en-GB","potentialAction":[{"@type":"ReadAction","target":["https:\/\/ferienchalet-wallis.ch\/huettenerlebnisse-aletsch-arena-ohne-kuehe\/"]}]},{"@type":"ImageObject","inLanguage":"en-GB","@id":"https:\/\/ferienchalet-wallis.ch\/huettenerlebnisse-aletsch-arena-ohne-kuehe\/#primaryimage","url":"https:\/\/ferienchalet-wallis.ch\/wp-content\/uploads\/2025\/03\/Restaurant-Chueestall_Riederalp.jpeg","contentUrl":"https:\/\/ferienchalet-wallis.ch\/wp-content\/uploads\/2025\/03\/Restaurant-Chueestall_Riederalp.jpeg","width":1200,"height":1600,"caption":"Restaurant-Ch\u00fcestall_Riederalp"},{"@type":"BreadcrumbList","@id":"https:\/\/ferienchalet-wallis.ch\/huettenerlebnisse-aletsch-arena-ohne-kuehe\/#breadcrumb","itemListElement":[{"@type":"ListItem","position":1,"name":"Home","item":"https:\/\/ferienchalet-wallis.ch\/"},{"@type":"ListItem","position":2,"name":"H\u00fcttenerlebnisse Aletsch Arena ohne K\u00fche"}]},{"@type":"WebSite","@id":"https:\/\/ferienchalet-wallis.ch\/#website","url":"https:\/\/ferienchalet-wallis.ch\/","name":"Bettmeralp and Riederalp","description":"Kranzfelder Markus","publisher":{"@id":"https:\/\/ferienchalet-wallis.ch\/#organization"},"potentialAction":[{"@type":"SearchAction","target":{"@type":"EntryPoint","urlTemplate":"https:\/\/ferienchalet-wallis.ch\/?s={search_term_string}"},"query-input":{"@type":"PropertyValueSpecification","valueRequired":true,"valueName":"search_term_string"}}],"inLanguage":"en-GB"},{"@type":"Organization","@id":"https:\/\/ferienchalet-wallis.ch\/#organization","name":"Liegenschaftsbetreuung \/ Vermietung \u2013 M. Kranzfelder","url":"https:\/\/ferienchalet-wallis.ch\/","logo":{"@type":"ImageObject","inLanguage":"en-GB","@id":"https:\/\/ferienchalet-wallis.ch\/#\/schema\/logo\/image\/","url":"https:\/\/ferienchalet-wallis.ch\/wp-content\/uploads\/2022\/01\/Logo_Kranzfelder.png","contentUrl":"https:\/\/ferienchalet-wallis.ch\/wp-content\/uploads\/2022\/01\/Logo_Kranzfelder.png","width":1526,"height":447,"caption":"Liegenschaftsbetreuung \/ Vermietung \u2013 M. Kranzfelder"},"image":{"@id":"https:\/\/ferienchalet-wallis.ch\/#\/schema\/logo\/image\/"}},{"@type":"Person","@id":"https:\/\/ferienchalet-wallis.ch\/#\/schema\/person\/18b3f062b0514bc953799175b9bfdd2b","name":"WalliSaar","image":{"@type":"ImageObject","inLanguage":"en-GB","@id":"https:\/\/secure.gravatar.com\/avatar\/1be7f9468eac0e02f655be9ab758a01ae5dc72d678841cc4898d463993c78d36?s=96&d=initials&r=g&initials=ru","url":"https:\/\/secure.gravatar.com\/avatar\/1be7f9468eac0e02f655be9ab758a01ae5dc72d678841cc4898d463993c78d36?s=96&d=initials&r=g&initials=ru","contentUrl":"https:\/\/secure.gravatar.com\/avatar\/1be7f9468eac0e02f655be9ab758a01ae5dc72d678841cc4898d463993c78d36?s=96&d=initials&r=g&initials=ru","caption":"WalliSaar"},"description":"Mein Name ist Anja Ruch und ich schreibe die Blogbeitr\u00e4ge f\u00fcr das Ehepaar Markus &amp; Tabitha Kranzfelder. Der Name WalliSaar gr\u00fcndet sich auf meinen Wurzeln im Saarland und den neuen im Wallis. My name is Anja Ruch and I write the blog entries for the Markus &amp; Tabitha Kranzfelder couple. The name WalliSaar shows the connection to my old roots in Saarland and the new ones in Valais.","sameAs":["https:\/\/www.ferienchalet-wallis.ch\/blog"],"url":"https:\/\/ferienchalet-wallis.ch\/en\/author\/wallisaar\/"}]}},"_links":{"self":[{"href":"https:\/\/ferienchalet-wallis.ch\/en\/wp-json\/wp\/v2\/posts\/2336","targetHints":{"allow":["GET"]}}],"collection":[{"href":"https:\/\/ferienchalet-wallis.ch\/en\/wp-json\/wp\/v2\/posts"}],"about":[{"href":"https:\/\/ferienchalet-wallis.ch\/en\/wp-json\/wp\/v2\/types\/post"}],"author":[{"embeddable":true,"href":"https:\/\/ferienchalet-wallis.ch\/en\/wp-json\/wp\/v2\/users\/3"}],"replies":[{"embeddable":true,"href":"https:\/\/ferienchalet-wallis.ch\/en\/wp-json\/wp\/v2\/comments?post=2336"}],"version-history":[{"count":6,"href":"https:\/\/ferienchalet-wallis.ch\/en\/wp-json\/wp\/v2\/posts\/2336\/revisions"}],"predecessor-version":[{"id":2366,"href":"https:\/\/ferienchalet-wallis.ch\/en\/wp-json\/wp\/v2\/posts\/2336\/revisions\/2366"}],"wp:featuredmedia":[{"embeddable":true,"href":"https:\/\/ferienchalet-wallis.ch\/en\/wp-json\/wp\/v2\/media\/2341"}],"wp:attachment":[{"href":"https:\/\/ferienchalet-wallis.ch\/en\/wp-json\/wp\/v2\/media?parent=2336"}],"wp:term":[{"taxonomy":"category","embeddable":true,"href":"https:\/\/ferienchalet-wallis.ch\/en\/wp-json\/wp\/v2\/categories?post=2336"},{"taxonomy":"post_tag","embeddable":true,"href":"https:\/\/ferienchalet-wallis.ch\/en\/wp-json\/wp\/v2\/tags?post=2336"}],"curies":[{"name":"wp","href":"https:\/\/api.w.org\/{rel}","templated":true}]}}