{"id":2370,"date":"2025-04-23T12:37:41","date_gmt":"2025-04-23T12:37:41","guid":{"rendered":"https:\/\/ferienchalet-wallis.ch\/?p=2370"},"modified":"2025-04-24T06:23:03","modified_gmt":"2025-04-24T06:23:03","slug":"zwischensaison-am-aletschgletscher","status":"publish","type":"post","link":"https:\/\/ferienchalet-wallis.ch\/en\/zwischensaison-am-aletschgletscher\/","title":{"rendered":"Springtime in the Valais mountains"},"content":{"rendered":"<style type=\"text\/css\" data-created_by=\"avia_inline_auto\" id=\"style-css-av-m9twgmzu-37a0cbb7f8f79e65fabb6486262266fc\">\n#top .av-special-heading.av-m9twgmzu-37a0cbb7f8f79e65fabb6486262266fc{\npadding-bottom:10px;\n}\nbody .av-special-heading.av-m9twgmzu-37a0cbb7f8f79e65fabb6486262266fc .av-special-heading-tag .heading-char{\nfont-size:25px;\n}\n.av-special-heading.av-m9twgmzu-37a0cbb7f8f79e65fabb6486262266fc .av-subheading{\nfont-size:15px;\n}\n<\/style>\n<div  class='av-special-heading av-m9twgmzu-37a0cbb7f8f79e65fabb6486262266fc av-special-heading-h2  avia-builder-el-0  el_before_av_image  avia-builder-el-first'><h2 class='av-special-heading-tag'  itemprop=\"headline\"  >Mid-season in the Aletsch Arena<\/h2><div class=\"special-heading-border\"><div class=\"special-heading-inner-border\"><\/div><\/div><\/div>\n\n<style type=\"text\/css\" data-created_by=\"avia_inline_auto\" id=\"style-css-av-m9tx2dh5-f7eea89e6bbdba24bfa050017c0cda44\">\n.avia-image-container.av-m9tx2dh5-f7eea89e6bbdba24bfa050017c0cda44 .av-image-caption-overlay-center{\ncolor:#ffffff;\n}\n<\/style>\n<div  class='avia-image-container av-m9tx2dh5-f7eea89e6bbdba24bfa050017c0cda44 av-styling- avia-align-center  avia-builder-el-1  el_after_av_heading  el_before_av_textblock'  itemprop=\"image\" itemscope=\"itemscope\" itemtype=\"https:\/\/schema.org\/ImageObject\" ><div class=\"avia-image-container-inner\"><div class=\"avia-image-overlay-wrap\"><img decoding=\"async\" class='wp-image-2371 avia-img-lazy-loading-not-2371 avia_image' src=\"https:\/\/ferienchalet-wallis.ch\/wp-content\/uploads\/2025\/04\/bergfruehling_aletsch-1500x630.jpg\" alt='Fr\u00fchling Aletsch Arena' title='Fr\u00fchling Aletsch Arena'  height=\"630\" width=\"1500\"  itemprop=\"thumbnailUrl\"  \/><\/div><\/div><\/div>\n<section  class='av_textblock_section av-m9twxdod-b5bf47a74ac1f517377e23646a4897c8'  itemscope=\"itemscope\" itemtype=\"https:\/\/schema.org\/BlogPosting\" itemprop=\"blogPost\" ><div class='avia_textblock'  itemprop=\"text\" ><p>Spring is on its way. Last week it had a brief lapse and threw another metre of fresh snow on our doorstep. But forgiven and forgotten, because it's gone again. Instead, it's blooming and greening. At 2000 metres it looks completely different.<\/p>\n<h3>Time for annual concerts<\/h3>\n<p>The mountains are now quiet for a while. But that doesn't mean you can't enjoy the glacier view. Viewpoint Hohfluh is open daily from 9.30 am to 3 pm. And it's the time for concerts: The Bettmeralp Music Society invites you to its annual concert on 26 April 2025 on Bettmeralp and the Eggishorn Music Society on 2 May 2025 in Fiesch.<\/p>\n<h3>Time to plan your summer holidays<\/h3>\n<p>You're probably thinking: why plan when you have the Alps on your doorstep? That's true, but I'm also interested in activities here that are new to me. For example, <a href=\"https:\/\/www.aletscharena.ch\/en\/planning-booking\/offers-experiences\/offer\/glacier-tour-unesco\" target=\"_blank\" rel=\"noopener\">booking a guided glacier tour<\/a> or testing the <a href=\"https:\/\/ferienchalet-wallis.ch\/en\/biken-statt-wandern-von-einfach-bis-anspruchsvoll\/\" target=\"_blank\" rel=\"noopener\">flow trail<\/a> on a mountainbike or a or trying out a <a href=\"https:\/\/www.aletscharena.ch\/en\/activities\/climbing#c4646\" target=\"_blank\" rel=\"noopener\">via ferrata.<\/a> I'll have to think about the latter for a while, because that would be a real challenge for me. Perhaps one of the above is a challenge for you too. But as they say, you're never too old to learn. Maybe we'll meet on your new challenges on the Aletsch Glacier.<\/p>\n<p><em>\u00c4s faht afa griene, \u00e4s isch nimma so chalt. Der \u00dcsstag chunnt scho bald.<\/em><\/p>\n<\/div><\/section>\n<div class='flex_column av-8nq6qq-9907c77d64020305217025cd07a137cf av_one_half  avia-builder-el-3  el_after_av_textblock  avia-builder-el-last  first flex_column_div column-top-margin'   ><p><div  class='av-post-metadata-container av-7sgxhe-6f39ff71cf65ddeb6d421a2a0549e8d5 av-metadata-container-align-left  avia-builder-el-4  el_before_av_social_share  avia-builder-el-first  av-metadata-container-1'><div class='av-post-metadata-container-inner'><span class=\"av-post-metadata-content av-post-metadata-meta-content\"><span class=\"av-post-metadata-content av-post-metadata-author\"  itemprop=\"author\" ><span class=\"av-metadata-before av-metadata-before-author\">of<\/span><span class=\"av-post-metadata-author-link\" ><a href=\"https:\/\/ferienchalet-wallis.ch\/en\/author\/wallisaar\/\"  rel=\"author\">WalliSaar<\/a><\/span><\/span><span class=\"av-post-metadata-content av-post-metadata-separator\">\/<\/span><span class=\"av-post-metadata-content av-post-metadata-published\"><span class=\"av-post-metadata-published-date\" >April 23, 2025<\/span><\/span><\/span><\/div><\/div><br \/>\n<div  class='av-social-sharing-box av-2nm9ky-687f7ea8649965f9329da7ae88f3b715 av-social-sharing-box-circle  avia-builder-el-5  el_after_av_post_metadata  avia-builder-el-last  av-social-sharing-box-color-bg av-social-sharing-box-same-width'><div class=\"av-share-box\"><h5 class='av-share-link-description av-no-toc'>Share entry<\/h5><ul class=\"av-share-box-list noLightbox\"><li class='av-share-link av-social-link-whatsapp' ><a target=\"_blank\" aria-label=\"Share on WhatsApp\" href='https:\/\/api.whatsapp.com\/send?text=https:\/\/ferienchalet-wallis.ch\/en\/zwischensaison-am-aletschgletscher\/' aria-hidden='false' data-av_icon='\uf232' data-av_iconfont='entypo-fontello' title='' data-avia-related-tooltip='Share on WhatsApp' rel=\"noopener\"><span class='avia_hidden_link_text'>Share on WhatsApp<\/span><\/a><\/li><\/ul><\/div><\/div><\/p><\/div>","protected":false},"excerpt":{"rendered":"","protected":false},"author":3,"featured_media":2371,"comment_status":"closed","ping_status":"closed","sticky":false,"template":"","format":"standard","meta":{"footnotes":""},"categories":[6,20],"tags":[],"class_list":["post-2370","post","type-post","status-publish","format-standard","has-post-thumbnail","hentry","category-aletsch","category-veranstaltungen"],"yoast_head":"<!-- This site is optimized with the Yoast SEO plugin v27.4 - https:\/\/yoast.com\/product\/yoast-seo-wordpress\/ -->\n<title>Fr\u00fchling in den Walliser Bergen - Bettmeralp und Riederalp<\/title>\n<meta name=\"description\" content=\"Der Fr\u00fchling ist da. Geniessen Sie Jahreskonzerte in den Walliser Bergen und planen Sie schon jetzt Ihre Sommerferien.\" \/>\n<meta name=\"robots\" content=\"index, follow, max-snippet:-1, max-image-preview:large, max-video-preview:-1\" \/>\n<link rel=\"canonical\" href=\"https:\/\/ferienchalet-wallis.ch\/en\/zwischensaison-am-aletschgletscher\/\" \/>\n<meta property=\"og:locale\" content=\"en_GB\" \/>\n<meta property=\"og:type\" content=\"article\" \/>\n<meta property=\"og:title\" content=\"Fr\u00fchling in den Walliser Bergen - Bettmeralp und Riederalp\" \/>\n<meta property=\"og:description\" content=\"Der Fr\u00fchling ist da. Geniessen Sie Jahreskonzerte in den Walliser Bergen und planen Sie schon jetzt Ihre Sommerferien.\" \/>\n<meta property=\"og:url\" content=\"https:\/\/ferienchalet-wallis.ch\/en\/zwischensaison-am-aletschgletscher\/\" \/>\n<meta property=\"og:site_name\" content=\"Bettmeralp und Riederalp\" \/>\n<meta property=\"article:published_time\" content=\"2025-04-23T12:37:41+00:00\" \/>\n<meta property=\"article:modified_time\" content=\"2025-04-24T06:23:03+00:00\" \/>\n<meta property=\"og:image\" content=\"https:\/\/ferienchalet-wallis.ch\/wp-content\/uploads\/2025\/04\/bergfruehling_aletsch.jpg\" \/>\n\t<meta property=\"og:image:width\" content=\"2048\" \/>\n\t<meta property=\"og:image:height\" content=\"1536\" \/>\n\t<meta property=\"og:image:type\" content=\"image\/jpeg\" \/>\n<meta name=\"author\" content=\"WalliSaar\" \/>\n<meta name=\"twitter:card\" content=\"summary_large_image\" \/>\n<meta name=\"twitter:label1\" content=\"Written by\" \/>\n\t<meta name=\"twitter:data1\" content=\"WalliSaar\" \/>\n\t<meta name=\"twitter:label2\" content=\"Estimated reading time\" \/>\n\t<meta name=\"twitter:data2\" content=\"3 minutes\" \/>\n<script type=\"application\/ld+json\" class=\"yoast-schema-graph\">{\"@context\":\"https:\\\/\\\/schema.org\",\"@graph\":[{\"@type\":\"Article\",\"@id\":\"https:\\\/\\\/ferienchalet-wallis.ch\\\/zwischensaison-am-aletschgletscher\\\/#article\",\"isPartOf\":{\"@id\":\"https:\\\/\\\/ferienchalet-wallis.ch\\\/zwischensaison-am-aletschgletscher\\\/\"},\"author\":{\"name\":\"WalliSaar\",\"@id\":\"https:\\\/\\\/ferienchalet-wallis.ch\\\/#\\\/schema\\\/person\\\/18b3f062b0514bc953799175b9bfdd2b\"},\"headline\":\"Fr\u00fchling in den Walliser Bergen\",\"datePublished\":\"2025-04-23T12:37:41+00:00\",\"dateModified\":\"2025-04-24T06:23:03+00:00\",\"mainEntityOfPage\":{\"@id\":\"https:\\\/\\\/ferienchalet-wallis.ch\\\/zwischensaison-am-aletschgletscher\\\/\"},\"wordCount\":790,\"publisher\":{\"@id\":\"https:\\\/\\\/ferienchalet-wallis.ch\\\/#organization\"},\"image\":{\"@id\":\"https:\\\/\\\/ferienchalet-wallis.ch\\\/zwischensaison-am-aletschgletscher\\\/#primaryimage\"},\"thumbnailUrl\":\"https:\\\/\\\/ferienchalet-wallis.ch\\\/wp-content\\\/uploads\\\/2025\\\/04\\\/bergfruehling_aletsch.jpg\",\"articleSection\":[\"Aletsch\",\"Veranstaltungen\"],\"inLanguage\":\"en-GB\"},{\"@type\":\"WebPage\",\"@id\":\"https:\\\/\\\/ferienchalet-wallis.ch\\\/zwischensaison-am-aletschgletscher\\\/\",\"url\":\"https:\\\/\\\/ferienchalet-wallis.ch\\\/zwischensaison-am-aletschgletscher\\\/\",\"name\":\"Fr\u00fchling in den Walliser Bergen - Bettmeralp und Riederalp\",\"isPartOf\":{\"@id\":\"https:\\\/\\\/ferienchalet-wallis.ch\\\/#website\"},\"primaryImageOfPage\":{\"@id\":\"https:\\\/\\\/ferienchalet-wallis.ch\\\/zwischensaison-am-aletschgletscher\\\/#primaryimage\"},\"image\":{\"@id\":\"https:\\\/\\\/ferienchalet-wallis.ch\\\/zwischensaison-am-aletschgletscher\\\/#primaryimage\"},\"thumbnailUrl\":\"https:\\\/\\\/ferienchalet-wallis.ch\\\/wp-content\\\/uploads\\\/2025\\\/04\\\/bergfruehling_aletsch.jpg\",\"datePublished\":\"2025-04-23T12:37:41+00:00\",\"dateModified\":\"2025-04-24T06:23:03+00:00\",\"description\":\"Der Fr\u00fchling ist da. Geniessen Sie Jahreskonzerte in den Walliser Bergen und planen Sie schon jetzt Ihre Sommerferien.\",\"breadcrumb\":{\"@id\":\"https:\\\/\\\/ferienchalet-wallis.ch\\\/zwischensaison-am-aletschgletscher\\\/#breadcrumb\"},\"inLanguage\":\"en-GB\",\"potentialAction\":[{\"@type\":\"ReadAction\",\"target\":[\"https:\\\/\\\/ferienchalet-wallis.ch\\\/zwischensaison-am-aletschgletscher\\\/\"]}]},{\"@type\":\"ImageObject\",\"inLanguage\":\"en-GB\",\"@id\":\"https:\\\/\\\/ferienchalet-wallis.ch\\\/zwischensaison-am-aletschgletscher\\\/#primaryimage\",\"url\":\"https:\\\/\\\/ferienchalet-wallis.ch\\\/wp-content\\\/uploads\\\/2025\\\/04\\\/bergfruehling_aletsch.jpg\",\"contentUrl\":\"https:\\\/\\\/ferienchalet-wallis.ch\\\/wp-content\\\/uploads\\\/2025\\\/04\\\/bergfruehling_aletsch.jpg\",\"width\":2048,\"height\":1536,\"caption\":\"bergfr\u00fchling_aletsch\"},{\"@type\":\"BreadcrumbList\",\"@id\":\"https:\\\/\\\/ferienchalet-wallis.ch\\\/zwischensaison-am-aletschgletscher\\\/#breadcrumb\",\"itemListElement\":[{\"@type\":\"ListItem\",\"position\":1,\"name\":\"Home\",\"item\":\"https:\\\/\\\/ferienchalet-wallis.ch\\\/\"},{\"@type\":\"ListItem\",\"position\":2,\"name\":\"Fr\u00fchling in den Walliser Bergen\"}]},{\"@type\":\"WebSite\",\"@id\":\"https:\\\/\\\/ferienchalet-wallis.ch\\\/#website\",\"url\":\"https:\\\/\\\/ferienchalet-wallis.ch\\\/\",\"name\":\"Bettmeralp und Riederalp\",\"description\":\"Kranzfelder Markus\",\"publisher\":{\"@id\":\"https:\\\/\\\/ferienchalet-wallis.ch\\\/#organization\"},\"potentialAction\":[{\"@type\":\"SearchAction\",\"target\":{\"@type\":\"EntryPoint\",\"urlTemplate\":\"https:\\\/\\\/ferienchalet-wallis.ch\\\/?s={search_term_string}\"},\"query-input\":{\"@type\":\"PropertyValueSpecification\",\"valueRequired\":true,\"valueName\":\"search_term_string\"}}],\"inLanguage\":\"en-GB\"},{\"@type\":\"Organization\",\"@id\":\"https:\\\/\\\/ferienchalet-wallis.ch\\\/#organization\",\"name\":\"Liegenschaftsbetreuung \\\/ Vermietung \u2013 M. Kranzfelder\",\"url\":\"https:\\\/\\\/ferienchalet-wallis.ch\\\/\",\"logo\":{\"@type\":\"ImageObject\",\"inLanguage\":\"en-GB\",\"@id\":\"https:\\\/\\\/ferienchalet-wallis.ch\\\/#\\\/schema\\\/logo\\\/image\\\/\",\"url\":\"https:\\\/\\\/ferienchalet-wallis.ch\\\/wp-content\\\/uploads\\\/2022\\\/01\\\/Logo_Kranzfelder.png\",\"contentUrl\":\"https:\\\/\\\/ferienchalet-wallis.ch\\\/wp-content\\\/uploads\\\/2022\\\/01\\\/Logo_Kranzfelder.png\",\"width\":1526,\"height\":447,\"caption\":\"Liegenschaftsbetreuung \\\/ Vermietung \u2013 M. Kranzfelder\"},\"image\":{\"@id\":\"https:\\\/\\\/ferienchalet-wallis.ch\\\/#\\\/schema\\\/logo\\\/image\\\/\"}},{\"@type\":\"Person\",\"@id\":\"https:\\\/\\\/ferienchalet-wallis.ch\\\/#\\\/schema\\\/person\\\/18b3f062b0514bc953799175b9bfdd2b\",\"name\":\"WalliSaar\",\"image\":{\"@type\":\"ImageObject\",\"inLanguage\":\"en-GB\",\"@id\":\"https:\\\/\\\/secure.gravatar.com\\\/avatar\\\/1be7f9468eac0e02f655be9ab758a01ae5dc72d678841cc4898d463993c78d36?s=96&d=initials&r=g&initials=ru\",\"url\":\"https:\\\/\\\/secure.gravatar.com\\\/avatar\\\/1be7f9468eac0e02f655be9ab758a01ae5dc72d678841cc4898d463993c78d36?s=96&d=initials&r=g&initials=ru\",\"contentUrl\":\"https:\\\/\\\/secure.gravatar.com\\\/avatar\\\/1be7f9468eac0e02f655be9ab758a01ae5dc72d678841cc4898d463993c78d36?s=96&d=initials&r=g&initials=ru\",\"caption\":\"WalliSaar\"},\"description\":\"Mein Name ist Anja Ruch und ich schreibe die Blogbeitr\u00e4ge f\u00fcr das Ehepaar Markus &amp; Tabitha Kranzfelder. Der Name WalliSaar gr\u00fcndet sich auf meinen Wurzeln im Saarland und den neuen im Wallis. My name is Anja Ruch and I write the blog entries for the Markus &amp; Tabitha Kranzfelder couple. The name WalliSaar shows the connection to my old roots in Saarland and the new ones in Valais.\",\"sameAs\":[\"https:\\\/\\\/www.ferienchalet-wallis.ch\\\/blog\"],\"url\":\"https:\\\/\\\/ferienchalet-wallis.ch\\\/en\\\/author\\\/wallisaar\\\/\"}]}<\/script>\n<!-- \/ Yoast SEO plugin. -->","yoast_head_json":{"title":"Fr\u00fchling in den Walliser Bergen - Bettmeralp und Riederalp","description":"Der Fr\u00fchling ist da. Geniessen Sie Jahreskonzerte in den Walliser Bergen und planen Sie schon jetzt Ihre Sommerferien.","robots":{"index":"index","follow":"follow","max-snippet":"max-snippet:-1","max-image-preview":"max-image-preview:large","max-video-preview":"max-video-preview:-1"},"canonical":"https:\/\/ferienchalet-wallis.ch\/en\/zwischensaison-am-aletschgletscher\/","og_locale":"en_GB","og_type":"article","og_title":"Fr\u00fchling in den Walliser Bergen - Bettmeralp und Riederalp","og_description":"Der Fr\u00fchling ist da. Geniessen Sie Jahreskonzerte in den Walliser Bergen und planen Sie schon jetzt Ihre Sommerferien.","og_url":"https:\/\/ferienchalet-wallis.ch\/en\/zwischensaison-am-aletschgletscher\/","og_site_name":"Bettmeralp und Riederalp","article_published_time":"2025-04-23T12:37:41+00:00","article_modified_time":"2025-04-24T06:23:03+00:00","og_image":[{"width":2048,"height":1536,"url":"https:\/\/ferienchalet-wallis.ch\/wp-content\/uploads\/2025\/04\/bergfruehling_aletsch.jpg","type":"image\/jpeg"}],"author":"WalliSaar","twitter_card":"summary_large_image","twitter_misc":{"Written by":"WalliSaar","Estimated reading time":"3 minutes"},"schema":{"@context":"https:\/\/schema.org","@graph":[{"@type":"Article","@id":"https:\/\/ferienchalet-wallis.ch\/zwischensaison-am-aletschgletscher\/#article","isPartOf":{"@id":"https:\/\/ferienchalet-wallis.ch\/zwischensaison-am-aletschgletscher\/"},"author":{"name":"WalliSaar","@id":"https:\/\/ferienchalet-wallis.ch\/#\/schema\/person\/18b3f062b0514bc953799175b9bfdd2b"},"headline":"Fr\u00fchling in den Walliser Bergen","datePublished":"2025-04-23T12:37:41+00:00","dateModified":"2025-04-24T06:23:03+00:00","mainEntityOfPage":{"@id":"https:\/\/ferienchalet-wallis.ch\/zwischensaison-am-aletschgletscher\/"},"wordCount":790,"publisher":{"@id":"https:\/\/ferienchalet-wallis.ch\/#organization"},"image":{"@id":"https:\/\/ferienchalet-wallis.ch\/zwischensaison-am-aletschgletscher\/#primaryimage"},"thumbnailUrl":"https:\/\/ferienchalet-wallis.ch\/wp-content\/uploads\/2025\/04\/bergfruehling_aletsch.jpg","articleSection":["Aletsch","Veranstaltungen"],"inLanguage":"en-GB"},{"@type":"WebPage","@id":"https:\/\/ferienchalet-wallis.ch\/zwischensaison-am-aletschgletscher\/","url":"https:\/\/ferienchalet-wallis.ch\/zwischensaison-am-aletschgletscher\/","name":"Fr\u00fchling in den Walliser Bergen - Bettmeralp und Riederalp","isPartOf":{"@id":"https:\/\/ferienchalet-wallis.ch\/#website"},"primaryImageOfPage":{"@id":"https:\/\/ferienchalet-wallis.ch\/zwischensaison-am-aletschgletscher\/#primaryimage"},"image":{"@id":"https:\/\/ferienchalet-wallis.ch\/zwischensaison-am-aletschgletscher\/#primaryimage"},"thumbnailUrl":"https:\/\/ferienchalet-wallis.ch\/wp-content\/uploads\/2025\/04\/bergfruehling_aletsch.jpg","datePublished":"2025-04-23T12:37:41+00:00","dateModified":"2025-04-24T06:23:03+00:00","description":"Der Fr\u00fchling ist da. Geniessen Sie Jahreskonzerte in den Walliser Bergen und planen Sie schon jetzt Ihre Sommerferien.","breadcrumb":{"@id":"https:\/\/ferienchalet-wallis.ch\/zwischensaison-am-aletschgletscher\/#breadcrumb"},"inLanguage":"en-GB","potentialAction":[{"@type":"ReadAction","target":["https:\/\/ferienchalet-wallis.ch\/zwischensaison-am-aletschgletscher\/"]}]},{"@type":"ImageObject","inLanguage":"en-GB","@id":"https:\/\/ferienchalet-wallis.ch\/zwischensaison-am-aletschgletscher\/#primaryimage","url":"https:\/\/ferienchalet-wallis.ch\/wp-content\/uploads\/2025\/04\/bergfruehling_aletsch.jpg","contentUrl":"https:\/\/ferienchalet-wallis.ch\/wp-content\/uploads\/2025\/04\/bergfruehling_aletsch.jpg","width":2048,"height":1536,"caption":"bergfr\u00fchling_aletsch"},{"@type":"BreadcrumbList","@id":"https:\/\/ferienchalet-wallis.ch\/zwischensaison-am-aletschgletscher\/#breadcrumb","itemListElement":[{"@type":"ListItem","position":1,"name":"Home","item":"https:\/\/ferienchalet-wallis.ch\/"},{"@type":"ListItem","position":2,"name":"Fr\u00fchling in den Walliser Bergen"}]},{"@type":"WebSite","@id":"https:\/\/ferienchalet-wallis.ch\/#website","url":"https:\/\/ferienchalet-wallis.ch\/","name":"Bettmeralp and Riederalp","description":"Kranzfelder Markus","publisher":{"@id":"https:\/\/ferienchalet-wallis.ch\/#organization"},"potentialAction":[{"@type":"SearchAction","target":{"@type":"EntryPoint","urlTemplate":"https:\/\/ferienchalet-wallis.ch\/?s={search_term_string}"},"query-input":{"@type":"PropertyValueSpecification","valueRequired":true,"valueName":"search_term_string"}}],"inLanguage":"en-GB"},{"@type":"Organization","@id":"https:\/\/ferienchalet-wallis.ch\/#organization","name":"Liegenschaftsbetreuung \/ Vermietung \u2013 M. Kranzfelder","url":"https:\/\/ferienchalet-wallis.ch\/","logo":{"@type":"ImageObject","inLanguage":"en-GB","@id":"https:\/\/ferienchalet-wallis.ch\/#\/schema\/logo\/image\/","url":"https:\/\/ferienchalet-wallis.ch\/wp-content\/uploads\/2022\/01\/Logo_Kranzfelder.png","contentUrl":"https:\/\/ferienchalet-wallis.ch\/wp-content\/uploads\/2022\/01\/Logo_Kranzfelder.png","width":1526,"height":447,"caption":"Liegenschaftsbetreuung \/ Vermietung \u2013 M. Kranzfelder"},"image":{"@id":"https:\/\/ferienchalet-wallis.ch\/#\/schema\/logo\/image\/"}},{"@type":"Person","@id":"https:\/\/ferienchalet-wallis.ch\/#\/schema\/person\/18b3f062b0514bc953799175b9bfdd2b","name":"WalliSaar","image":{"@type":"ImageObject","inLanguage":"en-GB","@id":"https:\/\/secure.gravatar.com\/avatar\/1be7f9468eac0e02f655be9ab758a01ae5dc72d678841cc4898d463993c78d36?s=96&d=initials&r=g&initials=ru","url":"https:\/\/secure.gravatar.com\/avatar\/1be7f9468eac0e02f655be9ab758a01ae5dc72d678841cc4898d463993c78d36?s=96&d=initials&r=g&initials=ru","contentUrl":"https:\/\/secure.gravatar.com\/avatar\/1be7f9468eac0e02f655be9ab758a01ae5dc72d678841cc4898d463993c78d36?s=96&d=initials&r=g&initials=ru","caption":"WalliSaar"},"description":"Mein Name ist Anja Ruch und ich schreibe die Blogbeitr\u00e4ge f\u00fcr das Ehepaar Markus &amp; Tabitha Kranzfelder. Der Name WalliSaar gr\u00fcndet sich auf meinen Wurzeln im Saarland und den neuen im Wallis. My name is Anja Ruch and I write the blog entries for the Markus &amp; Tabitha Kranzfelder couple. The name WalliSaar shows the connection to my old roots in Saarland and the new ones in Valais.","sameAs":["https:\/\/www.ferienchalet-wallis.ch\/blog"],"url":"https:\/\/ferienchalet-wallis.ch\/en\/author\/wallisaar\/"}]}},"_links":{"self":[{"href":"https:\/\/ferienchalet-wallis.ch\/en\/wp-json\/wp\/v2\/posts\/2370","targetHints":{"allow":["GET"]}}],"collection":[{"href":"https:\/\/ferienchalet-wallis.ch\/en\/wp-json\/wp\/v2\/posts"}],"about":[{"href":"https:\/\/ferienchalet-wallis.ch\/en\/wp-json\/wp\/v2\/types\/post"}],"author":[{"embeddable":true,"href":"https:\/\/ferienchalet-wallis.ch\/en\/wp-json\/wp\/v2\/users\/3"}],"replies":[{"embeddable":true,"href":"https:\/\/ferienchalet-wallis.ch\/en\/wp-json\/wp\/v2\/comments?post=2370"}],"version-history":[{"count":7,"href":"https:\/\/ferienchalet-wallis.ch\/en\/wp-json\/wp\/v2\/posts\/2370\/revisions"}],"predecessor-version":[{"id":2387,"href":"https:\/\/ferienchalet-wallis.ch\/en\/wp-json\/wp\/v2\/posts\/2370\/revisions\/2387"}],"wp:featuredmedia":[{"embeddable":true,"href":"https:\/\/ferienchalet-wallis.ch\/en\/wp-json\/wp\/v2\/media\/2371"}],"wp:attachment":[{"href":"https:\/\/ferienchalet-wallis.ch\/en\/wp-json\/wp\/v2\/media?parent=2370"}],"wp:term":[{"taxonomy":"category","embeddable":true,"href":"https:\/\/ferienchalet-wallis.ch\/en\/wp-json\/wp\/v2\/categories?post=2370"},{"taxonomy":"post_tag","embeddable":true,"href":"https:\/\/ferienchalet-wallis.ch\/en\/wp-json\/wp\/v2\/tags?post=2370"}],"curies":[{"name":"wp","href":"https:\/\/api.w.org\/{rel}","templated":true}]}}