{"id":2382,"date":"2025-05-05T15:11:02","date_gmt":"2025-05-05T15:11:02","guid":{"rendered":"https:\/\/ferienchalet-wallis.ch\/?p=2382"},"modified":"2025-05-27T13:44:30","modified_gmt":"2025-05-27T13:44:30","slug":"ideen-fuer-die-wanderferien-am-aletschgletscher","status":"publish","type":"post","link":"https:\/\/ferienchalet-wallis.ch\/en\/ideen-fuer-die-wanderferien-am-aletschgletscher\/","title":{"rendered":"Ideas for hiking holidays on the Aletsch Glacier"},"content":{"rendered":"<style type=\"text\/css\" data-created_by=\"avia_inline_auto\" id=\"style-css-av-mab7ivk8-831f0e4995eeea36b6a6c6a73d4c6ba5\">\n#top .av-special-heading.av-mab7ivk8-831f0e4995eeea36b6a6c6a73d4c6ba5{\npadding-bottom:10px;\n}\nbody .av-special-heading.av-mab7ivk8-831f0e4995eeea36b6a6c6a73d4c6ba5 .av-special-heading-tag .heading-char{\nfont-size:25px;\n}\n.av-special-heading.av-mab7ivk8-831f0e4995eeea36b6a6c6a73d4c6ba5 .av-subheading{\nfont-size:15px;\n}\n<\/style>\n<div  class='av-special-heading av-mab7ivk8-831f0e4995eeea36b6a6c6a73d4c6ba5 av-special-heading-h2  avia-builder-el-0  el_before_av_image  avia-builder-el-first'><h2 class='av-special-heading-tag'  itemprop=\"headline\"  >Fr\u00fchsommer \u2013 Zeit f\u00fcr Murmeltiere<\/h2><div class=\"special-heading-border\"><div class=\"special-heading-inner-border\"><\/div><\/div><\/div>\n\n<style type=\"text\/css\" data-created_by=\"avia_inline_auto\" id=\"style-css-av-mab7kev3-92ce219d6c02766f94681420ff28ab60\">\n.avia-image-container.av-mab7kev3-92ce219d6c02766f94681420ff28ab60 .av-image-caption-overlay-center{\ncolor:#ffffff;\n}\n<\/style>\n<div  class='avia-image-container av-mab7kev3-92ce219d6c02766f94681420ff28ab60 av-styling- avia-align-center  avia-builder-el-1  el_after_av_heading  el_before_av_textblock'  itemprop=\"image\" itemscope=\"itemscope\" itemtype=\"https:\/\/schema.org\/ImageObject\" ><div class=\"avia-image-container-inner\"><div class=\"avia-image-overlay-wrap\"><img decoding=\"async\" class='wp-image-2383 avia-img-lazy-loading-not-2383 avia_image' src=\"https:\/\/ferienchalet-wallis.ch\/wp-content\/uploads\/2025\/05\/Murmeltier_Aletsch-1500x630.jpg\" alt='Murmeltier am Aletsch' title='Murmeltier am Aletsch'  height=\"630\" width=\"1500\"  itemprop=\"thumbnailUrl\"  \/><\/div><\/div><\/div>\n<section  class='av_textblock_section av-a99y32-1a1511b783c7fcfff31c10e83d8e52ab'  itemscope=\"itemscope\" itemtype=\"https:\/\/schema.org\/BlogPosting\" itemprop=\"blogPost\" ><div class='avia_textblock'  itemprop=\"text\" ><p>Are you also tired at the moment? It's called spring fatigue, isn't it? And why do you sleep like a marmot? Because the marmot sleeps for six months to get through the mountain winter. In spring or early summer, wild animals are seen again as they come out of their winter quarters to forage and breed. The marmot does this from mid-April, opens its eyes again after six months, looks for a bear or a cat and produces its first monkeys. Not from me. That's what the family members are called in hunter's slang. And a family of marmots is not exactly small. Up to 20 animals come together and their social behaviour even allows them to take in orphaned marmot children.<\/p>\n<h3>Why you should go on a hiking holiday<\/h3>\n<p>The Alps are still snow-covered, but the sun is already really coming out. Soldanelles and crocuses are blooming and will soon be replaced by gentian and alpine roses. Nature is changing back into a colourful picture. And the good thing about early summer in the mountains is that it's not yet so hot, and it's cool and quiet at night, which is great for spring tiredness. And after you've slept like a log, you can watch your mates on the daily hike. Can't hear them and can't find any?<\/p>\n<h3>Marmot weekend for families in June<\/h3>\n<p>There is a <a href=\"https:\/\/www.aletscharena.ch\/en\/here-now\/event\/marmot-weekend-for-families\" target=\"_blank\" rel=\"noopener\">Marmot weekend for families in June<\/a>. On 29 June at 10 a.m., meet at the Pro Natura Centre to watch the marmots eating, playing and lazing around.<\/p>\n<p><em>Und t\u00e4glich gr\u00fcsst das Murmeltier &#8211; war klar, oder?<\/em><\/p>\n<\/div><\/section>\n<div class='flex_column av-8vme8e-072d6d0884c0245810c938700fd7b120 av_one_half  avia-builder-el-3  el_after_av_textblock  avia-builder-el-last  first flex_column_div column-top-margin'   ><p><div  class='av-post-metadata-container av-ql9pq-ed1dd45dd01ba7521fa2338885d80145 av-metadata-container-align-left  avia-builder-el-4  el_before_av_social_share  avia-builder-el-first  av-metadata-container-1'><div class='av-post-metadata-container-inner'><span class=\"av-post-metadata-content av-post-metadata-meta-content\"><span class=\"av-post-metadata-content av-post-metadata-author\"  itemprop=\"author\" ><span class=\"av-metadata-before av-metadata-before-author\">of<\/span><span class=\"av-post-metadata-author-link\" ><a href=\"https:\/\/ferienchalet-wallis.ch\/en\/author\/wallisaar\/\"  rel=\"author\">WalliSaar<\/a><\/span><\/span><span class=\"av-post-metadata-content av-post-metadata-separator\">\/<\/span><span class=\"av-post-metadata-content av-post-metadata-published\"><span class=\"av-post-metadata-published-date\" >May 5, 2025<\/span><\/span><\/span><\/div><\/div><br \/>\n<div  class='av-social-sharing-box av-2xfhn2-04fbaf70ab4236e26ddb5dd546993f4f av-social-sharing-box-circle  avia-builder-el-5  el_after_av_post_metadata  avia-builder-el-last  av-social-sharing-box-color-bg av-social-sharing-box-same-width'><div class=\"av-share-box\"><h5 class='av-share-link-description av-no-toc'>Share entry<\/h5><ul class=\"av-share-box-list noLightbox\"><li class='av-share-link av-social-link-whatsapp' ><a target=\"_blank\" aria-label=\"Share on WhatsApp\" href='https:\/\/api.whatsapp.com\/send?text=https:\/\/ferienchalet-wallis.ch\/en\/ideen-fuer-die-wanderferien-am-aletschgletscher\/' aria-hidden='false' data-av_icon='\uf232' data-av_iconfont='entypo-fontello' title='' data-avia-related-tooltip='Share on WhatsApp' rel=\"noopener\"><span class='avia_hidden_link_text'>Share on WhatsApp<\/span><\/a><\/li><\/ul><\/div><\/div><\/p><\/div>","protected":false},"excerpt":{"rendered":"","protected":false},"author":3,"featured_media":2383,"comment_status":"closed","ping_status":"closed","sticky":false,"template":"","format":"standard","meta":{"footnotes":""},"categories":[6,27,7],"tags":[],"class_list":["post-2382","post","type-post","status-publish","format-standard","has-post-thumbnail","hentry","category-aletsch","category-naturerlebnis","category-riederalp"],"yoast_head":"<!-- This site is optimized with the Yoast SEO plugin v27.4 - https:\/\/yoast.com\/product\/yoast-seo-wordpress\/ -->\n<title>Ideen f\u00fcr die Wanderferien am Aletschgletscher - Bettmeralp und Riederalp<\/title>\n<meta name=\"description\" content=\"Mit der Familie die Wanderferien planen. Am Aletschgletscher Murmeltiere beobachten im Fr\u00fchsommer.\" \/>\n<meta name=\"robots\" content=\"index, follow, max-snippet:-1, max-image-preview:large, max-video-preview:-1\" \/>\n<link rel=\"canonical\" href=\"https:\/\/ferienchalet-wallis.ch\/en\/ideen-fuer-die-wanderferien-am-aletschgletscher\/\" \/>\n<meta property=\"og:locale\" content=\"en_GB\" \/>\n<meta property=\"og:type\" content=\"article\" \/>\n<meta property=\"og:title\" content=\"Ideen f\u00fcr die Wanderferien am Aletschgletscher - Bettmeralp und Riederalp\" \/>\n<meta property=\"og:description\" content=\"Mit der Familie die Wanderferien planen. Am Aletschgletscher Murmeltiere beobachten im Fr\u00fchsommer.\" \/>\n<meta property=\"og:url\" content=\"https:\/\/ferienchalet-wallis.ch\/en\/ideen-fuer-die-wanderferien-am-aletschgletscher\/\" \/>\n<meta property=\"og:site_name\" content=\"Bettmeralp und Riederalp\" \/>\n<meta property=\"article:published_time\" content=\"2025-05-05T15:11:02+00:00\" \/>\n<meta property=\"article:modified_time\" content=\"2025-05-27T13:44:30+00:00\" \/>\n<meta property=\"og:image\" content=\"https:\/\/ferienchalet-wallis.ch\/wp-content\/uploads\/2025\/05\/Murmeltier_Aletsch.jpg\" \/>\n\t<meta property=\"og:image:width\" content=\"2047\" \/>\n\t<meta property=\"og:image:height\" content=\"1365\" \/>\n\t<meta property=\"og:image:type\" content=\"image\/jpeg\" \/>\n<meta name=\"author\" content=\"WalliSaar\" \/>\n<meta name=\"twitter:card\" content=\"summary_large_image\" \/>\n<meta name=\"twitter:label1\" content=\"Written by\" \/>\n\t<meta name=\"twitter:data1\" content=\"WalliSaar\" \/>\n\t<meta name=\"twitter:label2\" content=\"Estimated reading time\" \/>\n\t<meta name=\"twitter:data2\" content=\"3 minutes\" \/>\n<script type=\"application\/ld+json\" class=\"yoast-schema-graph\">{\"@context\":\"https:\\\/\\\/schema.org\",\"@graph\":[{\"@type\":\"Article\",\"@id\":\"https:\\\/\\\/ferienchalet-wallis.ch\\\/ideen-fuer-die-wanderferien-am-aletschgletscher\\\/#article\",\"isPartOf\":{\"@id\":\"https:\\\/\\\/ferienchalet-wallis.ch\\\/ideen-fuer-die-wanderferien-am-aletschgletscher\\\/\"},\"author\":{\"name\":\"WalliSaar\",\"@id\":\"https:\\\/\\\/ferienchalet-wallis.ch\\\/#\\\/schema\\\/person\\\/18b3f062b0514bc953799175b9bfdd2b\"},\"headline\":\"Ideen f\u00fcr die Wanderferien am Aletschgletscher\",\"datePublished\":\"2025-05-05T15:11:02+00:00\",\"dateModified\":\"2025-05-27T13:44:30+00:00\",\"mainEntityOfPage\":{\"@id\":\"https:\\\/\\\/ferienchalet-wallis.ch\\\/ideen-fuer-die-wanderferien-am-aletschgletscher\\\/\"},\"wordCount\":823,\"publisher\":{\"@id\":\"https:\\\/\\\/ferienchalet-wallis.ch\\\/#organization\"},\"image\":{\"@id\":\"https:\\\/\\\/ferienchalet-wallis.ch\\\/ideen-fuer-die-wanderferien-am-aletschgletscher\\\/#primaryimage\"},\"thumbnailUrl\":\"https:\\\/\\\/ferienchalet-wallis.ch\\\/wp-content\\\/uploads\\\/2025\\\/05\\\/Murmeltier_Aletsch.jpg\",\"articleSection\":[\"Aletsch\",\"Naturerlebnis\",\"Riederalp\"],\"inLanguage\":\"en-GB\"},{\"@type\":\"WebPage\",\"@id\":\"https:\\\/\\\/ferienchalet-wallis.ch\\\/ideen-fuer-die-wanderferien-am-aletschgletscher\\\/\",\"url\":\"https:\\\/\\\/ferienchalet-wallis.ch\\\/ideen-fuer-die-wanderferien-am-aletschgletscher\\\/\",\"name\":\"Ideen f\u00fcr die Wanderferien am Aletschgletscher - Bettmeralp und Riederalp\",\"isPartOf\":{\"@id\":\"https:\\\/\\\/ferienchalet-wallis.ch\\\/#website\"},\"primaryImageOfPage\":{\"@id\":\"https:\\\/\\\/ferienchalet-wallis.ch\\\/ideen-fuer-die-wanderferien-am-aletschgletscher\\\/#primaryimage\"},\"image\":{\"@id\":\"https:\\\/\\\/ferienchalet-wallis.ch\\\/ideen-fuer-die-wanderferien-am-aletschgletscher\\\/#primaryimage\"},\"thumbnailUrl\":\"https:\\\/\\\/ferienchalet-wallis.ch\\\/wp-content\\\/uploads\\\/2025\\\/05\\\/Murmeltier_Aletsch.jpg\",\"datePublished\":\"2025-05-05T15:11:02+00:00\",\"dateModified\":\"2025-05-27T13:44:30+00:00\",\"description\":\"Mit der Familie die Wanderferien planen. Am Aletschgletscher Murmeltiere beobachten im Fr\u00fchsommer.\",\"breadcrumb\":{\"@id\":\"https:\\\/\\\/ferienchalet-wallis.ch\\\/ideen-fuer-die-wanderferien-am-aletschgletscher\\\/#breadcrumb\"},\"inLanguage\":\"en-GB\",\"potentialAction\":[{\"@type\":\"ReadAction\",\"target\":[\"https:\\\/\\\/ferienchalet-wallis.ch\\\/ideen-fuer-die-wanderferien-am-aletschgletscher\\\/\"]}]},{\"@type\":\"ImageObject\",\"inLanguage\":\"en-GB\",\"@id\":\"https:\\\/\\\/ferienchalet-wallis.ch\\\/ideen-fuer-die-wanderferien-am-aletschgletscher\\\/#primaryimage\",\"url\":\"https:\\\/\\\/ferienchalet-wallis.ch\\\/wp-content\\\/uploads\\\/2025\\\/05\\\/Murmeltier_Aletsch.jpg\",\"contentUrl\":\"https:\\\/\\\/ferienchalet-wallis.ch\\\/wp-content\\\/uploads\\\/2025\\\/05\\\/Murmeltier_Aletsch.jpg\",\"width\":2047,\"height\":1365,\"caption\":\"Murmeltier_Aletsch\"},{\"@type\":\"BreadcrumbList\",\"@id\":\"https:\\\/\\\/ferienchalet-wallis.ch\\\/ideen-fuer-die-wanderferien-am-aletschgletscher\\\/#breadcrumb\",\"itemListElement\":[{\"@type\":\"ListItem\",\"position\":1,\"name\":\"Home\",\"item\":\"https:\\\/\\\/ferienchalet-wallis.ch\\\/\"},{\"@type\":\"ListItem\",\"position\":2,\"name\":\"Ideen f\u00fcr die Wanderferien am Aletschgletscher\"}]},{\"@type\":\"WebSite\",\"@id\":\"https:\\\/\\\/ferienchalet-wallis.ch\\\/#website\",\"url\":\"https:\\\/\\\/ferienchalet-wallis.ch\\\/\",\"name\":\"Bettmeralp und Riederalp\",\"description\":\"Kranzfelder Markus\",\"publisher\":{\"@id\":\"https:\\\/\\\/ferienchalet-wallis.ch\\\/#organization\"},\"potentialAction\":[{\"@type\":\"SearchAction\",\"target\":{\"@type\":\"EntryPoint\",\"urlTemplate\":\"https:\\\/\\\/ferienchalet-wallis.ch\\\/?s={search_term_string}\"},\"query-input\":{\"@type\":\"PropertyValueSpecification\",\"valueRequired\":true,\"valueName\":\"search_term_string\"}}],\"inLanguage\":\"en-GB\"},{\"@type\":\"Organization\",\"@id\":\"https:\\\/\\\/ferienchalet-wallis.ch\\\/#organization\",\"name\":\"Liegenschaftsbetreuung \\\/ Vermietung \u2013 M. Kranzfelder\",\"url\":\"https:\\\/\\\/ferienchalet-wallis.ch\\\/\",\"logo\":{\"@type\":\"ImageObject\",\"inLanguage\":\"en-GB\",\"@id\":\"https:\\\/\\\/ferienchalet-wallis.ch\\\/#\\\/schema\\\/logo\\\/image\\\/\",\"url\":\"https:\\\/\\\/ferienchalet-wallis.ch\\\/wp-content\\\/uploads\\\/2022\\\/01\\\/Logo_Kranzfelder.png\",\"contentUrl\":\"https:\\\/\\\/ferienchalet-wallis.ch\\\/wp-content\\\/uploads\\\/2022\\\/01\\\/Logo_Kranzfelder.png\",\"width\":1526,\"height\":447,\"caption\":\"Liegenschaftsbetreuung \\\/ Vermietung \u2013 M. Kranzfelder\"},\"image\":{\"@id\":\"https:\\\/\\\/ferienchalet-wallis.ch\\\/#\\\/schema\\\/logo\\\/image\\\/\"}},{\"@type\":\"Person\",\"@id\":\"https:\\\/\\\/ferienchalet-wallis.ch\\\/#\\\/schema\\\/person\\\/18b3f062b0514bc953799175b9bfdd2b\",\"name\":\"WalliSaar\",\"image\":{\"@type\":\"ImageObject\",\"inLanguage\":\"en-GB\",\"@id\":\"https:\\\/\\\/secure.gravatar.com\\\/avatar\\\/1be7f9468eac0e02f655be9ab758a01ae5dc72d678841cc4898d463993c78d36?s=96&d=initials&r=g&initials=ru\",\"url\":\"https:\\\/\\\/secure.gravatar.com\\\/avatar\\\/1be7f9468eac0e02f655be9ab758a01ae5dc72d678841cc4898d463993c78d36?s=96&d=initials&r=g&initials=ru\",\"contentUrl\":\"https:\\\/\\\/secure.gravatar.com\\\/avatar\\\/1be7f9468eac0e02f655be9ab758a01ae5dc72d678841cc4898d463993c78d36?s=96&d=initials&r=g&initials=ru\",\"caption\":\"WalliSaar\"},\"description\":\"Mein Name ist Anja Ruch und ich schreibe die Blogbeitr\u00e4ge f\u00fcr das Ehepaar Markus &amp; Tabitha Kranzfelder. Der Name WalliSaar gr\u00fcndet sich auf meinen Wurzeln im Saarland und den neuen im Wallis. My name is Anja Ruch and I write the blog entries for the Markus &amp; Tabitha Kranzfelder couple. The name WalliSaar shows the connection to my old roots in Saarland and the new ones in Valais.\",\"sameAs\":[\"https:\\\/\\\/www.ferienchalet-wallis.ch\\\/blog\"],\"url\":\"https:\\\/\\\/ferienchalet-wallis.ch\\\/en\\\/author\\\/wallisaar\\\/\"}]}<\/script>\n<!-- \/ Yoast SEO plugin. -->","yoast_head_json":{"title":"Ideen f\u00fcr die Wanderferien am Aletschgletscher - Bettmeralp und Riederalp","description":"Mit der Familie die Wanderferien planen. Am Aletschgletscher Murmeltiere beobachten im Fr\u00fchsommer.","robots":{"index":"index","follow":"follow","max-snippet":"max-snippet:-1","max-image-preview":"max-image-preview:large","max-video-preview":"max-video-preview:-1"},"canonical":"https:\/\/ferienchalet-wallis.ch\/en\/ideen-fuer-die-wanderferien-am-aletschgletscher\/","og_locale":"en_GB","og_type":"article","og_title":"Ideen f\u00fcr die Wanderferien am Aletschgletscher - Bettmeralp und Riederalp","og_description":"Mit der Familie die Wanderferien planen. Am Aletschgletscher Murmeltiere beobachten im Fr\u00fchsommer.","og_url":"https:\/\/ferienchalet-wallis.ch\/en\/ideen-fuer-die-wanderferien-am-aletschgletscher\/","og_site_name":"Bettmeralp und Riederalp","article_published_time":"2025-05-05T15:11:02+00:00","article_modified_time":"2025-05-27T13:44:30+00:00","og_image":[{"width":2047,"height":1365,"url":"https:\/\/ferienchalet-wallis.ch\/wp-content\/uploads\/2025\/05\/Murmeltier_Aletsch.jpg","type":"image\/jpeg"}],"author":"WalliSaar","twitter_card":"summary_large_image","twitter_misc":{"Written by":"WalliSaar","Estimated reading time":"3 minutes"},"schema":{"@context":"https:\/\/schema.org","@graph":[{"@type":"Article","@id":"https:\/\/ferienchalet-wallis.ch\/ideen-fuer-die-wanderferien-am-aletschgletscher\/#article","isPartOf":{"@id":"https:\/\/ferienchalet-wallis.ch\/ideen-fuer-die-wanderferien-am-aletschgletscher\/"},"author":{"name":"WalliSaar","@id":"https:\/\/ferienchalet-wallis.ch\/#\/schema\/person\/18b3f062b0514bc953799175b9bfdd2b"},"headline":"Ideen f\u00fcr die Wanderferien am Aletschgletscher","datePublished":"2025-05-05T15:11:02+00:00","dateModified":"2025-05-27T13:44:30+00:00","mainEntityOfPage":{"@id":"https:\/\/ferienchalet-wallis.ch\/ideen-fuer-die-wanderferien-am-aletschgletscher\/"},"wordCount":823,"publisher":{"@id":"https:\/\/ferienchalet-wallis.ch\/#organization"},"image":{"@id":"https:\/\/ferienchalet-wallis.ch\/ideen-fuer-die-wanderferien-am-aletschgletscher\/#primaryimage"},"thumbnailUrl":"https:\/\/ferienchalet-wallis.ch\/wp-content\/uploads\/2025\/05\/Murmeltier_Aletsch.jpg","articleSection":["Aletsch","Naturerlebnis","Riederalp"],"inLanguage":"en-GB"},{"@type":"WebPage","@id":"https:\/\/ferienchalet-wallis.ch\/ideen-fuer-die-wanderferien-am-aletschgletscher\/","url":"https:\/\/ferienchalet-wallis.ch\/ideen-fuer-die-wanderferien-am-aletschgletscher\/","name":"Ideen f\u00fcr die Wanderferien am Aletschgletscher - Bettmeralp und Riederalp","isPartOf":{"@id":"https:\/\/ferienchalet-wallis.ch\/#website"},"primaryImageOfPage":{"@id":"https:\/\/ferienchalet-wallis.ch\/ideen-fuer-die-wanderferien-am-aletschgletscher\/#primaryimage"},"image":{"@id":"https:\/\/ferienchalet-wallis.ch\/ideen-fuer-die-wanderferien-am-aletschgletscher\/#primaryimage"},"thumbnailUrl":"https:\/\/ferienchalet-wallis.ch\/wp-content\/uploads\/2025\/05\/Murmeltier_Aletsch.jpg","datePublished":"2025-05-05T15:11:02+00:00","dateModified":"2025-05-27T13:44:30+00:00","description":"Mit der Familie die Wanderferien planen. Am Aletschgletscher Murmeltiere beobachten im Fr\u00fchsommer.","breadcrumb":{"@id":"https:\/\/ferienchalet-wallis.ch\/ideen-fuer-die-wanderferien-am-aletschgletscher\/#breadcrumb"},"inLanguage":"en-GB","potentialAction":[{"@type":"ReadAction","target":["https:\/\/ferienchalet-wallis.ch\/ideen-fuer-die-wanderferien-am-aletschgletscher\/"]}]},{"@type":"ImageObject","inLanguage":"en-GB","@id":"https:\/\/ferienchalet-wallis.ch\/ideen-fuer-die-wanderferien-am-aletschgletscher\/#primaryimage","url":"https:\/\/ferienchalet-wallis.ch\/wp-content\/uploads\/2025\/05\/Murmeltier_Aletsch.jpg","contentUrl":"https:\/\/ferienchalet-wallis.ch\/wp-content\/uploads\/2025\/05\/Murmeltier_Aletsch.jpg","width":2047,"height":1365,"caption":"Murmeltier_Aletsch"},{"@type":"BreadcrumbList","@id":"https:\/\/ferienchalet-wallis.ch\/ideen-fuer-die-wanderferien-am-aletschgletscher\/#breadcrumb","itemListElement":[{"@type":"ListItem","position":1,"name":"Home","item":"https:\/\/ferienchalet-wallis.ch\/"},{"@type":"ListItem","position":2,"name":"Ideen f\u00fcr die Wanderferien am Aletschgletscher"}]},{"@type":"WebSite","@id":"https:\/\/ferienchalet-wallis.ch\/#website","url":"https:\/\/ferienchalet-wallis.ch\/","name":"Bettmeralp and Riederalp","description":"Kranzfelder Markus","publisher":{"@id":"https:\/\/ferienchalet-wallis.ch\/#organization"},"potentialAction":[{"@type":"SearchAction","target":{"@type":"EntryPoint","urlTemplate":"https:\/\/ferienchalet-wallis.ch\/?s={search_term_string}"},"query-input":{"@type":"PropertyValueSpecification","valueRequired":true,"valueName":"search_term_string"}}],"inLanguage":"en-GB"},{"@type":"Organization","@id":"https:\/\/ferienchalet-wallis.ch\/#organization","name":"Liegenschaftsbetreuung \/ Vermietung \u2013 M. Kranzfelder","url":"https:\/\/ferienchalet-wallis.ch\/","logo":{"@type":"ImageObject","inLanguage":"en-GB","@id":"https:\/\/ferienchalet-wallis.ch\/#\/schema\/logo\/image\/","url":"https:\/\/ferienchalet-wallis.ch\/wp-content\/uploads\/2022\/01\/Logo_Kranzfelder.png","contentUrl":"https:\/\/ferienchalet-wallis.ch\/wp-content\/uploads\/2022\/01\/Logo_Kranzfelder.png","width":1526,"height":447,"caption":"Liegenschaftsbetreuung \/ Vermietung \u2013 M. Kranzfelder"},"image":{"@id":"https:\/\/ferienchalet-wallis.ch\/#\/schema\/logo\/image\/"}},{"@type":"Person","@id":"https:\/\/ferienchalet-wallis.ch\/#\/schema\/person\/18b3f062b0514bc953799175b9bfdd2b","name":"WalliSaar","image":{"@type":"ImageObject","inLanguage":"en-GB","@id":"https:\/\/secure.gravatar.com\/avatar\/1be7f9468eac0e02f655be9ab758a01ae5dc72d678841cc4898d463993c78d36?s=96&d=initials&r=g&initials=ru","url":"https:\/\/secure.gravatar.com\/avatar\/1be7f9468eac0e02f655be9ab758a01ae5dc72d678841cc4898d463993c78d36?s=96&d=initials&r=g&initials=ru","contentUrl":"https:\/\/secure.gravatar.com\/avatar\/1be7f9468eac0e02f655be9ab758a01ae5dc72d678841cc4898d463993c78d36?s=96&d=initials&r=g&initials=ru","caption":"WalliSaar"},"description":"Mein Name ist Anja Ruch und ich schreibe die Blogbeitr\u00e4ge f\u00fcr das Ehepaar Markus &amp; Tabitha Kranzfelder. Der Name WalliSaar gr\u00fcndet sich auf meinen Wurzeln im Saarland und den neuen im Wallis. My name is Anja Ruch and I write the blog entries for the Markus &amp; Tabitha Kranzfelder couple. The name WalliSaar shows the connection to my old roots in Saarland and the new ones in Valais.","sameAs":["https:\/\/www.ferienchalet-wallis.ch\/blog"],"url":"https:\/\/ferienchalet-wallis.ch\/en\/author\/wallisaar\/"}]}},"_links":{"self":[{"href":"https:\/\/ferienchalet-wallis.ch\/en\/wp-json\/wp\/v2\/posts\/2382","targetHints":{"allow":["GET"]}}],"collection":[{"href":"https:\/\/ferienchalet-wallis.ch\/en\/wp-json\/wp\/v2\/posts"}],"about":[{"href":"https:\/\/ferienchalet-wallis.ch\/en\/wp-json\/wp\/v2\/types\/post"}],"author":[{"embeddable":true,"href":"https:\/\/ferienchalet-wallis.ch\/en\/wp-json\/wp\/v2\/users\/3"}],"replies":[{"embeddable":true,"href":"https:\/\/ferienchalet-wallis.ch\/en\/wp-json\/wp\/v2\/comments?post=2382"}],"version-history":[{"count":6,"href":"https:\/\/ferienchalet-wallis.ch\/en\/wp-json\/wp\/v2\/posts\/2382\/revisions"}],"predecessor-version":[{"id":2392,"href":"https:\/\/ferienchalet-wallis.ch\/en\/wp-json\/wp\/v2\/posts\/2382\/revisions\/2392"}],"wp:featuredmedia":[{"embeddable":true,"href":"https:\/\/ferienchalet-wallis.ch\/en\/wp-json\/wp\/v2\/media\/2383"}],"wp:attachment":[{"href":"https:\/\/ferienchalet-wallis.ch\/en\/wp-json\/wp\/v2\/media?parent=2382"}],"wp:term":[{"taxonomy":"category","embeddable":true,"href":"https:\/\/ferienchalet-wallis.ch\/en\/wp-json\/wp\/v2\/categories?post=2382"},{"taxonomy":"post_tag","embeddable":true,"href":"https:\/\/ferienchalet-wallis.ch\/en\/wp-json\/wp\/v2\/tags?post=2382"}],"curies":[{"name":"wp","href":"https:\/\/api.w.org\/{rel}","templated":true}]}}