{"id":2412,"date":"2025-06-17T12:12:26","date_gmt":"2025-06-17T12:12:26","guid":{"rendered":"https:\/\/ferienchalet-wallis.ch\/?p=2412"},"modified":"2025-06-17T12:28:12","modified_gmt":"2025-06-17T12:28:12","slug":"aletsch-halbmarathon-am-28-juni-2025","status":"publish","type":"post","link":"https:\/\/ferienchalet-wallis.ch\/en\/aletsch-halbmarathon-am-28-juni-2025\/","title":{"rendered":"Aletsch half marathon on 28 and 29 June 2025"},"content":{"rendered":"<style type=\"text\/css\" data-created_by=\"avia_inline_auto\" id=\"style-css-av-auyjyk-c296a79d5cb37851f75ef917307ce89e\">\n#top .av-special-heading.av-auyjyk-c296a79d5cb37851f75ef917307ce89e{\npadding-bottom:10px;\n}\nbody .av-special-heading.av-auyjyk-c296a79d5cb37851f75ef917307ce89e .av-special-heading-tag .heading-char{\nfont-size:25px;\n}\n.av-special-heading.av-auyjyk-c296a79d5cb37851f75ef917307ce89e .av-subheading{\nfont-size:15px;\n}\n<\/style>\n<div  class='av-special-heading av-auyjyk-c296a79d5cb37851f75ef917307ce89e av-special-heading-h2  avia-builder-el-0  el_before_av_image  avia-builder-el-first'><h2 class='av-special-heading-tag'  itemprop=\"headline\"  >11 days left - The countdown is on<\/h2><div class=\"special-heading-border\"><div class=\"special-heading-inner-border\"><\/div><\/div><\/div>\n\n<style type=\"text\/css\" data-created_by=\"avia_inline_auto\" id=\"style-css-av-mc0hbj25-fa49d170a5311246493463cf48150c0a\">\n.avia-image-container.av-mc0hbj25-fa49d170a5311246493463cf48150c0a .av-image-caption-overlay-center{\ncolor:#ffffff;\n}\n<\/style>\n<div  class='avia-image-container av-mc0hbj25-fa49d170a5311246493463cf48150c0a av-styling- avia-align-center  avia-builder-el-1  el_after_av_heading  el_before_av_textblock'  itemprop=\"image\" itemscope=\"itemscope\" itemtype=\"https:\/\/schema.org\/ImageObject\" ><div class=\"avia-image-container-inner\"><div class=\"avia-image-overlay-wrap\"><img decoding=\"async\" class='wp-image-2413 avia-img-lazy-loading-not-2413 avia_image' src=\"https:\/\/ferienchalet-wallis.ch\/wp-content\/uploads\/2025\/06\/Aletsch-Halbmarathon-1024x630.jpg\" alt='Aletsch-Halbmarathon' title='Aletsch-Halbmarathon'  height=\"630\" width=\"1024\"  itemprop=\"thumbnailUrl\" srcset=\"https:\/\/ferienchalet-wallis.ch\/wp-content\/uploads\/2025\/06\/Aletsch-Halbmarathon-1024x630.jpg 1024w, https:\/\/ferienchalet-wallis.ch\/wp-content\/uploads\/2025\/06\/Aletsch-Halbmarathon-18x12.jpg 18w\" sizes=\"(max-width: 1024px) 100vw, 1024px\" \/><\/div><\/div><\/div>\n<section  class='av_textblock_section av-mc0hgczk-32936b38840c684e8ff0e6db6537982e'  itemscope=\"itemscope\" itemtype=\"https:\/\/schema.org\/BlogPosting\" itemprop=\"blogPost\" ><div class='avia_textblock'  itemprop=\"text\" ><p>And then you run for all you're worth. As every year, the Aletsch Half Marathon takes place over 21.1 kilometres. What makes the running route so interesting is - how could it be otherwise? - the view. I don't know how well you can still enjoy the view of the glacier and the Alps while running. But not every marathon offers magnificent views, that's for sure.<\/p>\n<h3>Saturday is family run<\/h3>\n<p>On Saturday at 2 p.m., the youth race begins with the Aletsch Run over a distance of 2.7 km. This is followed half an hour later by the glacier run for those born between 2012 and 2015 over 2 km. The mini run for the under-tens starts at 3 pm, which also gives parents the opportunity to mentally support their offspring by running along. As the running distances for teenagers and children are not as long, it is a taster for parents to see what a marathon feels like and whether they would like to consider it themselves. In any case, it is a strengthening measure to do something together as a family and perhaps a joint family project for the future.<\/p>\n<h3>Sunday is half marathon<\/h3>\n<p>Entry fee already paid? The Aletsch Run starts at 10 a.m. and even Nordic walkers can take part. Anyone aged between 20 and 70 plus can take part. You can find the programme <a href=\"https:\/\/www.aletsch-halbmarathon.ch\/?action=get_file&amp;id=9&amp;resource_link_id=3c2\" target=\"_blank\" rel=\"noopener\">here<\/a> and don't forget to <a href=\"https:\/\/onreg.datasport.com\/en\/aletsch-halbmarathon-2025\" target=\"_blank\" rel=\"noopener\">Registration<\/a> for choose your race.<\/p>\n<h3>Entertainment programme for spectators<\/h3>\n<p>Among other things, festival restaurants with live music on the Moosfluh and Bettmerhorn as well as at the Bachtla sports centre guarantee a good time. And don't forget to visit the <a href=\"https:\/\/www.aletsch-halbmarathon.ch\/en\/for-spectators\/hotspots\" target=\"_blank\" rel=\"noopener\">hotspots<\/a> and cheer on the runners.<\/p>\n<p><em>Juchheie ihr Litji, da bin ich \u00f6i z\u2019ha, wenn\u2019s obschi in d\u2019Berga soll gah<\/em><\/p>\n<\/div><\/section>\n<div class='flex_column av-8fs1uk-49b6b8525797800aca89f311cb54a8aa av_one_half  avia-builder-el-3  el_after_av_textblock  avia-builder-el-last  first flex_column_div column-top-margin'   ><p><div  class='av-post-metadata-container av-7vet8s-7d101fb1b3248cb25ea7862214ee8974 av-metadata-container-align-left  avia-builder-el-4  el_before_av_social_share  avia-builder-el-first  av-metadata-container-1'><div class='av-post-metadata-container-inner'><span class=\"av-post-metadata-content av-post-metadata-meta-content\"><span class=\"av-post-metadata-content av-post-metadata-author\"  itemprop=\"author\" ><span class=\"av-metadata-before av-metadata-before-author\">of<\/span><span class=\"av-post-metadata-author-link\" ><a href=\"https:\/\/ferienchalet-wallis.ch\/en\/author\/wallisaar\/\"  rel=\"author\">WalliSaar<\/a><\/span><\/span><span class=\"av-post-metadata-content av-post-metadata-separator\">\/<\/span><span class=\"av-post-metadata-content av-post-metadata-published\"><span class=\"av-post-metadata-published-date\" >June 17, 2025<\/span><\/span><\/span><\/div><\/div><br \/>\n<div  class='av-social-sharing-box av-20ed0s-3b1b2d9563ed07a9ee69382acde28e38 av-social-sharing-box-circle  avia-builder-el-5  el_after_av_post_metadata  avia-builder-el-last  av-social-sharing-box-color-bg av-social-sharing-box-same-width'><div class=\"av-share-box\"><h5 class='av-share-link-description av-no-toc'>Share entry<\/h5><ul class=\"av-share-box-list noLightbox\"><li class='av-share-link av-social-link-whatsapp' ><a target=\"_blank\" aria-label=\"Share on WhatsApp\" href='https:\/\/api.whatsapp.com\/send?text=https:\/\/ferienchalet-wallis.ch\/en\/aletsch-halbmarathon-am-28-juni-2025\/' aria-hidden='false' data-av_icon='\uf232' data-av_iconfont='entypo-fontello' title='' data-avia-related-tooltip='Share on WhatsApp' rel=\"noopener\"><span class='avia_hidden_link_text'>Share on WhatsApp<\/span><\/a><\/li><\/ul><\/div><\/div><\/p><\/div>","protected":false},"excerpt":{"rendered":"","protected":false},"author":3,"featured_media":2413,"comment_status":"closed","ping_status":"closed","sticky":false,"template":"","format":"standard","meta":{"footnotes":""},"categories":[6,20],"tags":[],"class_list":["post-2412","post","type-post","status-publish","format-standard","has-post-thumbnail","hentry","category-aletsch","category-veranstaltungen"],"yoast_head":"<!-- This site is optimized with the Yoast SEO plugin v27.4 - https:\/\/yoast.com\/product\/yoast-seo-wordpress\/ -->\n<title>Aletsch Halbmarathon am 28. und 29. Juni 2025 - Bettmeralp und Riederalp<\/title>\n<meta name=\"description\" content=\"Der Aletsch Halbmarathon 2025 f\u00fcr Gross und Klein findet am 28. und 29. Juni statt mit Festwirtschaft und Live-Musik.\" \/>\n<meta name=\"robots\" content=\"index, follow, max-snippet:-1, max-image-preview:large, max-video-preview:-1\" \/>\n<link rel=\"canonical\" href=\"https:\/\/ferienchalet-wallis.ch\/en\/aletsch-halbmarathon-am-28-juni-2025\/\" \/>\n<meta property=\"og:locale\" content=\"en_GB\" \/>\n<meta property=\"og:type\" content=\"article\" \/>\n<meta property=\"og:title\" content=\"Aletsch Halbmarathon am 28. und 29. Juni 2025 - Bettmeralp und Riederalp\" \/>\n<meta property=\"og:description\" content=\"Der Aletsch Halbmarathon 2025 f\u00fcr Gross und Klein findet am 28. und 29. Juni statt mit Festwirtschaft und Live-Musik.\" \/>\n<meta property=\"og:url\" content=\"https:\/\/ferienchalet-wallis.ch\/en\/aletsch-halbmarathon-am-28-juni-2025\/\" \/>\n<meta property=\"og:site_name\" content=\"Bettmeralp und Riederalp\" \/>\n<meta property=\"article:published_time\" content=\"2025-06-17T12:12:26+00:00\" \/>\n<meta property=\"article:modified_time\" content=\"2025-06-17T12:28:12+00:00\" \/>\n<meta property=\"og:image\" content=\"https:\/\/ferienchalet-wallis.ch\/wp-content\/uploads\/2025\/06\/Aletsch-Halbmarathon.jpg\" \/>\n\t<meta property=\"og:image:width\" content=\"1024\" \/>\n\t<meta property=\"og:image:height\" content=\"680\" \/>\n\t<meta property=\"og:image:type\" content=\"image\/jpeg\" \/>\n<meta name=\"author\" content=\"WalliSaar\" \/>\n<meta name=\"twitter:card\" content=\"summary_large_image\" \/>\n<meta name=\"twitter:label1\" content=\"Written by\" \/>\n\t<meta name=\"twitter:data1\" content=\"WalliSaar\" \/>\n\t<meta name=\"twitter:label2\" content=\"Estimated reading time\" \/>\n\t<meta name=\"twitter:data2\" content=\"3 minutes\" \/>\n<script type=\"application\/ld+json\" class=\"yoast-schema-graph\">{\"@context\":\"https:\\\/\\\/schema.org\",\"@graph\":[{\"@type\":\"Article\",\"@id\":\"https:\\\/\\\/ferienchalet-wallis.ch\\\/aletsch-halbmarathon-am-28-juni-2025\\\/#article\",\"isPartOf\":{\"@id\":\"https:\\\/\\\/ferienchalet-wallis.ch\\\/aletsch-halbmarathon-am-28-juni-2025\\\/\"},\"author\":{\"name\":\"WalliSaar\",\"@id\":\"https:\\\/\\\/ferienchalet-wallis.ch\\\/#\\\/schema\\\/person\\\/18b3f062b0514bc953799175b9bfdd2b\"},\"headline\":\"Aletsch Halbmarathon am 28. und 29. Juni 2025\",\"datePublished\":\"2025-06-17T12:12:26+00:00\",\"dateModified\":\"2025-06-17T12:28:12+00:00\",\"mainEntityOfPage\":{\"@id\":\"https:\\\/\\\/ferienchalet-wallis.ch\\\/aletsch-halbmarathon-am-28-juni-2025\\\/\"},\"wordCount\":819,\"publisher\":{\"@id\":\"https:\\\/\\\/ferienchalet-wallis.ch\\\/#organization\"},\"image\":{\"@id\":\"https:\\\/\\\/ferienchalet-wallis.ch\\\/aletsch-halbmarathon-am-28-juni-2025\\\/#primaryimage\"},\"thumbnailUrl\":\"https:\\\/\\\/ferienchalet-wallis.ch\\\/wp-content\\\/uploads\\\/2025\\\/06\\\/Aletsch-Halbmarathon.jpg\",\"articleSection\":[\"Aletsch\",\"Veranstaltungen\"],\"inLanguage\":\"en-GB\"},{\"@type\":\"WebPage\",\"@id\":\"https:\\\/\\\/ferienchalet-wallis.ch\\\/aletsch-halbmarathon-am-28-juni-2025\\\/\",\"url\":\"https:\\\/\\\/ferienchalet-wallis.ch\\\/aletsch-halbmarathon-am-28-juni-2025\\\/\",\"name\":\"Aletsch Halbmarathon am 28. und 29. Juni 2025 - Bettmeralp und Riederalp\",\"isPartOf\":{\"@id\":\"https:\\\/\\\/ferienchalet-wallis.ch\\\/#website\"},\"primaryImageOfPage\":{\"@id\":\"https:\\\/\\\/ferienchalet-wallis.ch\\\/aletsch-halbmarathon-am-28-juni-2025\\\/#primaryimage\"},\"image\":{\"@id\":\"https:\\\/\\\/ferienchalet-wallis.ch\\\/aletsch-halbmarathon-am-28-juni-2025\\\/#primaryimage\"},\"thumbnailUrl\":\"https:\\\/\\\/ferienchalet-wallis.ch\\\/wp-content\\\/uploads\\\/2025\\\/06\\\/Aletsch-Halbmarathon.jpg\",\"datePublished\":\"2025-06-17T12:12:26+00:00\",\"dateModified\":\"2025-06-17T12:28:12+00:00\",\"description\":\"Der Aletsch Halbmarathon 2025 f\u00fcr Gross und Klein findet am 28. und 29. Juni statt mit Festwirtschaft und Live-Musik.\",\"breadcrumb\":{\"@id\":\"https:\\\/\\\/ferienchalet-wallis.ch\\\/aletsch-halbmarathon-am-28-juni-2025\\\/#breadcrumb\"},\"inLanguage\":\"en-GB\",\"potentialAction\":[{\"@type\":\"ReadAction\",\"target\":[\"https:\\\/\\\/ferienchalet-wallis.ch\\\/aletsch-halbmarathon-am-28-juni-2025\\\/\"]}]},{\"@type\":\"ImageObject\",\"inLanguage\":\"en-GB\",\"@id\":\"https:\\\/\\\/ferienchalet-wallis.ch\\\/aletsch-halbmarathon-am-28-juni-2025\\\/#primaryimage\",\"url\":\"https:\\\/\\\/ferienchalet-wallis.ch\\\/wp-content\\\/uploads\\\/2025\\\/06\\\/Aletsch-Halbmarathon.jpg\",\"contentUrl\":\"https:\\\/\\\/ferienchalet-wallis.ch\\\/wp-content\\\/uploads\\\/2025\\\/06\\\/Aletsch-Halbmarathon.jpg\",\"width\":1024,\"height\":680,\"caption\":\"Aletsch-Halbmarathon\"},{\"@type\":\"BreadcrumbList\",\"@id\":\"https:\\\/\\\/ferienchalet-wallis.ch\\\/aletsch-halbmarathon-am-28-juni-2025\\\/#breadcrumb\",\"itemListElement\":[{\"@type\":\"ListItem\",\"position\":1,\"name\":\"Home\",\"item\":\"https:\\\/\\\/ferienchalet-wallis.ch\\\/\"},{\"@type\":\"ListItem\",\"position\":2,\"name\":\"Aletsch Halbmarathon am 28. und 29. Juni 2025\"}]},{\"@type\":\"WebSite\",\"@id\":\"https:\\\/\\\/ferienchalet-wallis.ch\\\/#website\",\"url\":\"https:\\\/\\\/ferienchalet-wallis.ch\\\/\",\"name\":\"Bettmeralp und Riederalp\",\"description\":\"Kranzfelder Markus\",\"publisher\":{\"@id\":\"https:\\\/\\\/ferienchalet-wallis.ch\\\/#organization\"},\"potentialAction\":[{\"@type\":\"SearchAction\",\"target\":{\"@type\":\"EntryPoint\",\"urlTemplate\":\"https:\\\/\\\/ferienchalet-wallis.ch\\\/?s={search_term_string}\"},\"query-input\":{\"@type\":\"PropertyValueSpecification\",\"valueRequired\":true,\"valueName\":\"search_term_string\"}}],\"inLanguage\":\"en-GB\"},{\"@type\":\"Organization\",\"@id\":\"https:\\\/\\\/ferienchalet-wallis.ch\\\/#organization\",\"name\":\"Liegenschaftsbetreuung \\\/ Vermietung \u2013 M. Kranzfelder\",\"url\":\"https:\\\/\\\/ferienchalet-wallis.ch\\\/\",\"logo\":{\"@type\":\"ImageObject\",\"inLanguage\":\"en-GB\",\"@id\":\"https:\\\/\\\/ferienchalet-wallis.ch\\\/#\\\/schema\\\/logo\\\/image\\\/\",\"url\":\"https:\\\/\\\/ferienchalet-wallis.ch\\\/wp-content\\\/uploads\\\/2022\\\/01\\\/Logo_Kranzfelder.png\",\"contentUrl\":\"https:\\\/\\\/ferienchalet-wallis.ch\\\/wp-content\\\/uploads\\\/2022\\\/01\\\/Logo_Kranzfelder.png\",\"width\":1526,\"height\":447,\"caption\":\"Liegenschaftsbetreuung \\\/ Vermietung \u2013 M. Kranzfelder\"},\"image\":{\"@id\":\"https:\\\/\\\/ferienchalet-wallis.ch\\\/#\\\/schema\\\/logo\\\/image\\\/\"}},{\"@type\":\"Person\",\"@id\":\"https:\\\/\\\/ferienchalet-wallis.ch\\\/#\\\/schema\\\/person\\\/18b3f062b0514bc953799175b9bfdd2b\",\"name\":\"WalliSaar\",\"image\":{\"@type\":\"ImageObject\",\"inLanguage\":\"en-GB\",\"@id\":\"https:\\\/\\\/secure.gravatar.com\\\/avatar\\\/1be7f9468eac0e02f655be9ab758a01ae5dc72d678841cc4898d463993c78d36?s=96&d=initials&r=g&initials=ru\",\"url\":\"https:\\\/\\\/secure.gravatar.com\\\/avatar\\\/1be7f9468eac0e02f655be9ab758a01ae5dc72d678841cc4898d463993c78d36?s=96&d=initials&r=g&initials=ru\",\"contentUrl\":\"https:\\\/\\\/secure.gravatar.com\\\/avatar\\\/1be7f9468eac0e02f655be9ab758a01ae5dc72d678841cc4898d463993c78d36?s=96&d=initials&r=g&initials=ru\",\"caption\":\"WalliSaar\"},\"description\":\"Mein Name ist Anja Ruch und ich schreibe die Blogbeitr\u00e4ge f\u00fcr das Ehepaar Markus &amp; Tabitha Kranzfelder. Der Name WalliSaar gr\u00fcndet sich auf meinen Wurzeln im Saarland und den neuen im Wallis. My name is Anja Ruch and I write the blog entries for the Markus &amp; Tabitha Kranzfelder couple. The name WalliSaar shows the connection to my old roots in Saarland and the new ones in Valais.\",\"sameAs\":[\"https:\\\/\\\/www.ferienchalet-wallis.ch\\\/blog\"],\"url\":\"https:\\\/\\\/ferienchalet-wallis.ch\\\/en\\\/author\\\/wallisaar\\\/\"}]}<\/script>\n<!-- \/ Yoast SEO plugin. -->","yoast_head_json":{"title":"Aletsch Halbmarathon am 28. und 29. Juni 2025 - Bettmeralp und Riederalp","description":"Der Aletsch Halbmarathon 2025 f\u00fcr Gross und Klein findet am 28. und 29. Juni statt mit Festwirtschaft und Live-Musik.","robots":{"index":"index","follow":"follow","max-snippet":"max-snippet:-1","max-image-preview":"max-image-preview:large","max-video-preview":"max-video-preview:-1"},"canonical":"https:\/\/ferienchalet-wallis.ch\/en\/aletsch-halbmarathon-am-28-juni-2025\/","og_locale":"en_GB","og_type":"article","og_title":"Aletsch Halbmarathon am 28. und 29. Juni 2025 - Bettmeralp und Riederalp","og_description":"Der Aletsch Halbmarathon 2025 f\u00fcr Gross und Klein findet am 28. und 29. Juni statt mit Festwirtschaft und Live-Musik.","og_url":"https:\/\/ferienchalet-wallis.ch\/en\/aletsch-halbmarathon-am-28-juni-2025\/","og_site_name":"Bettmeralp und Riederalp","article_published_time":"2025-06-17T12:12:26+00:00","article_modified_time":"2025-06-17T12:28:12+00:00","og_image":[{"width":1024,"height":680,"url":"https:\/\/ferienchalet-wallis.ch\/wp-content\/uploads\/2025\/06\/Aletsch-Halbmarathon.jpg","type":"image\/jpeg"}],"author":"WalliSaar","twitter_card":"summary_large_image","twitter_misc":{"Written by":"WalliSaar","Estimated reading time":"3 minutes"},"schema":{"@context":"https:\/\/schema.org","@graph":[{"@type":"Article","@id":"https:\/\/ferienchalet-wallis.ch\/aletsch-halbmarathon-am-28-juni-2025\/#article","isPartOf":{"@id":"https:\/\/ferienchalet-wallis.ch\/aletsch-halbmarathon-am-28-juni-2025\/"},"author":{"name":"WalliSaar","@id":"https:\/\/ferienchalet-wallis.ch\/#\/schema\/person\/18b3f062b0514bc953799175b9bfdd2b"},"headline":"Aletsch Halbmarathon am 28. und 29. Juni 2025","datePublished":"2025-06-17T12:12:26+00:00","dateModified":"2025-06-17T12:28:12+00:00","mainEntityOfPage":{"@id":"https:\/\/ferienchalet-wallis.ch\/aletsch-halbmarathon-am-28-juni-2025\/"},"wordCount":819,"publisher":{"@id":"https:\/\/ferienchalet-wallis.ch\/#organization"},"image":{"@id":"https:\/\/ferienchalet-wallis.ch\/aletsch-halbmarathon-am-28-juni-2025\/#primaryimage"},"thumbnailUrl":"https:\/\/ferienchalet-wallis.ch\/wp-content\/uploads\/2025\/06\/Aletsch-Halbmarathon.jpg","articleSection":["Aletsch","Veranstaltungen"],"inLanguage":"en-GB"},{"@type":"WebPage","@id":"https:\/\/ferienchalet-wallis.ch\/aletsch-halbmarathon-am-28-juni-2025\/","url":"https:\/\/ferienchalet-wallis.ch\/aletsch-halbmarathon-am-28-juni-2025\/","name":"Aletsch Halbmarathon am 28. und 29. Juni 2025 - Bettmeralp und Riederalp","isPartOf":{"@id":"https:\/\/ferienchalet-wallis.ch\/#website"},"primaryImageOfPage":{"@id":"https:\/\/ferienchalet-wallis.ch\/aletsch-halbmarathon-am-28-juni-2025\/#primaryimage"},"image":{"@id":"https:\/\/ferienchalet-wallis.ch\/aletsch-halbmarathon-am-28-juni-2025\/#primaryimage"},"thumbnailUrl":"https:\/\/ferienchalet-wallis.ch\/wp-content\/uploads\/2025\/06\/Aletsch-Halbmarathon.jpg","datePublished":"2025-06-17T12:12:26+00:00","dateModified":"2025-06-17T12:28:12+00:00","description":"Der Aletsch Halbmarathon 2025 f\u00fcr Gross und Klein findet am 28. und 29. Juni statt mit Festwirtschaft und Live-Musik.","breadcrumb":{"@id":"https:\/\/ferienchalet-wallis.ch\/aletsch-halbmarathon-am-28-juni-2025\/#breadcrumb"},"inLanguage":"en-GB","potentialAction":[{"@type":"ReadAction","target":["https:\/\/ferienchalet-wallis.ch\/aletsch-halbmarathon-am-28-juni-2025\/"]}]},{"@type":"ImageObject","inLanguage":"en-GB","@id":"https:\/\/ferienchalet-wallis.ch\/aletsch-halbmarathon-am-28-juni-2025\/#primaryimage","url":"https:\/\/ferienchalet-wallis.ch\/wp-content\/uploads\/2025\/06\/Aletsch-Halbmarathon.jpg","contentUrl":"https:\/\/ferienchalet-wallis.ch\/wp-content\/uploads\/2025\/06\/Aletsch-Halbmarathon.jpg","width":1024,"height":680,"caption":"Aletsch-Halbmarathon"},{"@type":"BreadcrumbList","@id":"https:\/\/ferienchalet-wallis.ch\/aletsch-halbmarathon-am-28-juni-2025\/#breadcrumb","itemListElement":[{"@type":"ListItem","position":1,"name":"Home","item":"https:\/\/ferienchalet-wallis.ch\/"},{"@type":"ListItem","position":2,"name":"Aletsch Halbmarathon am 28. und 29. Juni 2025"}]},{"@type":"WebSite","@id":"https:\/\/ferienchalet-wallis.ch\/#website","url":"https:\/\/ferienchalet-wallis.ch\/","name":"Bettmeralp and Riederalp","description":"Kranzfelder Markus","publisher":{"@id":"https:\/\/ferienchalet-wallis.ch\/#organization"},"potentialAction":[{"@type":"SearchAction","target":{"@type":"EntryPoint","urlTemplate":"https:\/\/ferienchalet-wallis.ch\/?s={search_term_string}"},"query-input":{"@type":"PropertyValueSpecification","valueRequired":true,"valueName":"search_term_string"}}],"inLanguage":"en-GB"},{"@type":"Organization","@id":"https:\/\/ferienchalet-wallis.ch\/#organization","name":"Liegenschaftsbetreuung \/ Vermietung \u2013 M. Kranzfelder","url":"https:\/\/ferienchalet-wallis.ch\/","logo":{"@type":"ImageObject","inLanguage":"en-GB","@id":"https:\/\/ferienchalet-wallis.ch\/#\/schema\/logo\/image\/","url":"https:\/\/ferienchalet-wallis.ch\/wp-content\/uploads\/2022\/01\/Logo_Kranzfelder.png","contentUrl":"https:\/\/ferienchalet-wallis.ch\/wp-content\/uploads\/2022\/01\/Logo_Kranzfelder.png","width":1526,"height":447,"caption":"Liegenschaftsbetreuung \/ Vermietung \u2013 M. Kranzfelder"},"image":{"@id":"https:\/\/ferienchalet-wallis.ch\/#\/schema\/logo\/image\/"}},{"@type":"Person","@id":"https:\/\/ferienchalet-wallis.ch\/#\/schema\/person\/18b3f062b0514bc953799175b9bfdd2b","name":"WalliSaar","image":{"@type":"ImageObject","inLanguage":"en-GB","@id":"https:\/\/secure.gravatar.com\/avatar\/1be7f9468eac0e02f655be9ab758a01ae5dc72d678841cc4898d463993c78d36?s=96&d=initials&r=g&initials=ru","url":"https:\/\/secure.gravatar.com\/avatar\/1be7f9468eac0e02f655be9ab758a01ae5dc72d678841cc4898d463993c78d36?s=96&d=initials&r=g&initials=ru","contentUrl":"https:\/\/secure.gravatar.com\/avatar\/1be7f9468eac0e02f655be9ab758a01ae5dc72d678841cc4898d463993c78d36?s=96&d=initials&r=g&initials=ru","caption":"WalliSaar"},"description":"Mein Name ist Anja Ruch und ich schreibe die Blogbeitr\u00e4ge f\u00fcr das Ehepaar Markus &amp; Tabitha Kranzfelder. Der Name WalliSaar gr\u00fcndet sich auf meinen Wurzeln im Saarland und den neuen im Wallis. My name is Anja Ruch and I write the blog entries for the Markus &amp; Tabitha Kranzfelder couple. The name WalliSaar shows the connection to my old roots in Saarland and the new ones in Valais.","sameAs":["https:\/\/www.ferienchalet-wallis.ch\/blog"],"url":"https:\/\/ferienchalet-wallis.ch\/en\/author\/wallisaar\/"}]}},"_links":{"self":[{"href":"https:\/\/ferienchalet-wallis.ch\/en\/wp-json\/wp\/v2\/posts\/2412","targetHints":{"allow":["GET"]}}],"collection":[{"href":"https:\/\/ferienchalet-wallis.ch\/en\/wp-json\/wp\/v2\/posts"}],"about":[{"href":"https:\/\/ferienchalet-wallis.ch\/en\/wp-json\/wp\/v2\/types\/post"}],"author":[{"embeddable":true,"href":"https:\/\/ferienchalet-wallis.ch\/en\/wp-json\/wp\/v2\/users\/3"}],"replies":[{"embeddable":true,"href":"https:\/\/ferienchalet-wallis.ch\/en\/wp-json\/wp\/v2\/comments?post=2412"}],"version-history":[{"count":6,"href":"https:\/\/ferienchalet-wallis.ch\/en\/wp-json\/wp\/v2\/posts\/2412\/revisions"}],"predecessor-version":[{"id":2418,"href":"https:\/\/ferienchalet-wallis.ch\/en\/wp-json\/wp\/v2\/posts\/2412\/revisions\/2418"}],"wp:featuredmedia":[{"embeddable":true,"href":"https:\/\/ferienchalet-wallis.ch\/en\/wp-json\/wp\/v2\/media\/2413"}],"wp:attachment":[{"href":"https:\/\/ferienchalet-wallis.ch\/en\/wp-json\/wp\/v2\/media?parent=2412"}],"wp:term":[{"taxonomy":"category","embeddable":true,"href":"https:\/\/ferienchalet-wallis.ch\/en\/wp-json\/wp\/v2\/categories?post=2412"},{"taxonomy":"post_tag","embeddable":true,"href":"https:\/\/ferienchalet-wallis.ch\/en\/wp-json\/wp\/v2\/tags?post=2412"}],"curies":[{"name":"wp","href":"https:\/\/api.w.org\/{rel}","templated":true}]}}