{"id":2433,"date":"2025-07-16T07:41:09","date_gmt":"2025-07-16T07:41:09","guid":{"rendered":"https:\/\/ferienchalet-wallis.ch\/?p=2433"},"modified":"2025-07-16T08:04:17","modified_gmt":"2025-07-16T08:04:17","slug":"was-ein-zirkus","status":"publish","type":"post","link":"https:\/\/ferienchalet-wallis.ch\/en\/was-ein-zirkus\/","title":{"rendered":"What a circus"},"content":{"rendered":"<style type=\"text\/css\" data-created_by=\"avia_inline_auto\" id=\"style-css-av-md5n2tc5-ff93e5f785238dde1a5a730afb5aab4b\">\n#top .av-special-heading.av-md5n2tc5-ff93e5f785238dde1a5a730afb5aab4b{\npadding-bottom:10px;\n}\nbody .av-special-heading.av-md5n2tc5-ff93e5f785238dde1a5a730afb5aab4b .av-special-heading-tag .heading-char{\nfont-size:25px;\n}\n.av-special-heading.av-md5n2tc5-ff93e5f785238dde1a5a730afb5aab4b .av-subheading{\nfont-size:15px;\n}\n<\/style>\n<div  class='av-special-heading av-md5n2tc5-ff93e5f785238dde1a5a730afb5aab4b av-special-heading-h2  avia-builder-el-0  el_before_av_image  avia-builder-el-first'><h2 class='av-special-heading-tag'  itemprop=\"headline\"  >Circus experiences with kids<\/h2><div class=\"special-heading-border\"><div class=\"special-heading-inner-border\"><\/div><\/div><\/div>\n\n<style type=\"text\/css\" data-created_by=\"avia_inline_auto\" id=\"style-css-av-md5n21x9-47c4c2862a20d7b61fe1bbcbea7be3dc\">\n.avia-image-container.av-md5n21x9-47c4c2862a20d7b61fe1bbcbea7be3dc .av-image-caption-overlay-center{\ncolor:#ffffff;\n}\n<\/style>\n<div  class='avia-image-container av-md5n21x9-47c4c2862a20d7b61fe1bbcbea7be3dc av-styling- avia-align-center  avia-builder-el-1  el_after_av_heading  el_before_av_textblock'  itemprop=\"image\" itemscope=\"itemscope\" itemtype=\"https:\/\/schema.org\/ImageObject\" ><div class=\"avia-image-container-inner\"><div class=\"avia-image-overlay-wrap\"><img decoding=\"async\" class='wp-image-2434 avia-img-lazy-loading-not-2434 avia_image' src=\"https:\/\/ferienchalet-wallis.ch\/wp-content\/uploads\/2025\/07\/Mitmachzirkus_Aletsch-1500x630.jpg\" alt='Mitmachzirkus Aletsch Arena' title='Mitmachzirkus Aletsch Arena'  height=\"630\" width=\"1500\"  itemprop=\"thumbnailUrl\"  \/><\/div><\/div><\/div>\n<section  class='av_textblock_section av-md5n9gol-78fbea24b5459df31d4efe89ec7ba563'  itemscope=\"itemscope\" itemtype=\"https:\/\/schema.org\/BlogPosting\" itemprop=\"blogPost\" ><div class='avia_textblock'  itemprop=\"text\" ><p>Who doesn't love going to the circus as a child? At least I loved it. Even today as an adult, going to the circus is still exciting. Or have you not yet been to the Cirque du soleil? Then you should definitely do so. And there's another circus for the whole family on Bettmeralp this July. But then your child will be performing in the Marotte circus school's hands-on circus. That didn't happen when I was a child. Unfortunately. I would have taken part.<\/p>\n<h3>Children's circus with Marotte circus school<\/h3>\n<p>The <a href=\"https:\/\/marotte.ch\/zirkusschule\/angebot\/ferien\/243.2.77.0.html\" target=\"_blank\" rel=\"noopener\">Zirkusschule Marotte<\/a> offers a holiday programme every year, which also takes place on Bettmeralp. Trained circus instructors show the children daily acrobatic lessons, lovingly encouraging the children according to their individual talents. The course is aimed at children up to the age of 16. <a href=\"https:\/\/shop.aletscharena.ch\/en\/products\/mitmachzirkus-fuer-kinder?_gl=1*42279a*_gcl_au*NTkxOTEzNzAzLjE3NDI0MTgwNjA.*FPAU*NTkxOTEzNzAzLjE3NDI0MTgwNjA.\" target=\"_blank\" rel=\"noopener\">Registration<\/a> takes place on the Aletsch Arena website. Course starts<strong> next Monday, 21.07.2025<\/strong>. So hurry up. If you have the time and inclination, you can watch the complete <a href=\"https:\/\/www.youtube.com\/watch?v=PEXSs7Sd0BI\" target=\"_blank\" rel=\"noopener\">complete 2024 programme<\/a> on Youtube.<\/p>\n<h3>Artistic fairytale theatre in a white tent<\/h3>\n<p>And while we're talking about the circus, I'd also like to mention <a href=\"https:\/\/nicole-et-martin.ch\/en\/about\/\" target=\"_blank\" rel=\"noopener\">Nicole and Martin's fairytale circus.<\/a> These two and their team will be performing a fairytale theatre with acrobatic interludes on the Riederalp <strong>from 31 July to 3 August 2025<\/strong>. On each of these 4 days, a fairy tale is performed, followed by an introduction to the artists. The performances are intended for the whole family with children aged 5 and over. Admission costs CHF 25 per adult and CHF 15 per child. With the Aletsch Arena Guest Card you receive a 50% reduction.<\/p>\n<p><em>Wer nid tanze und turne cha, wer kei Freid am L\u00e4bbe het, der sellti nid in e Zirkus gah, der sellti blibe deheim im Bett<\/em><\/p>\n<\/div><\/section>\n<div class='flex_column av-x76kh-47386b0ed6e51e7ec096884d47529e1e av_one_half  avia-builder-el-3  el_after_av_textblock  avia-builder-el-last  first flex_column_div column-top-margin'   ><p><div  class='av-post-metadata-container av-6s9k8h-95a48e3cb7dcdde9fd10981d44036e31 av-metadata-container-align-left  avia-builder-el-4  el_before_av_social_share  avia-builder-el-first  av-metadata-container-1'><div class='av-post-metadata-container-inner'><span class=\"av-post-metadata-content av-post-metadata-meta-content\"><span class=\"av-post-metadata-content av-post-metadata-author\"  itemprop=\"author\" ><span class=\"av-metadata-before av-metadata-before-author\">of<\/span><span class=\"av-post-metadata-author-link\" ><a href=\"https:\/\/ferienchalet-wallis.ch\/en\/author\/wallisaar\/\"  rel=\"author\">WalliSaar<\/a><\/span><\/span><span class=\"av-post-metadata-content av-post-metadata-separator\">\/<\/span><span class=\"av-post-metadata-content av-post-metadata-published\"><span class=\"av-post-metadata-published-date\" >July 16, 2025<\/span><\/span><\/span><\/div><\/div><br \/>\n<div  class='av-social-sharing-box av-21kddt-6a97f29f761b46181158b1baeaad6db7 av-social-sharing-box-circle  avia-builder-el-5  el_after_av_post_metadata  avia-builder-el-last  av-social-sharing-box-color-bg av-social-sharing-box-same-width'><div class=\"av-share-box\"><h5 class='av-share-link-description av-no-toc'>Share entry<\/h5><ul class=\"av-share-box-list noLightbox\"><li class='av-share-link av-social-link-whatsapp' ><a target=\"_blank\" aria-label=\"Share on WhatsApp\" href='https:\/\/api.whatsapp.com\/send?text=https:\/\/ferienchalet-wallis.ch\/en\/was-ein-zirkus\/' aria-hidden='false' data-av_icon='\uf232' data-av_iconfont='entypo-fontello' title='' data-avia-related-tooltip='Share on WhatsApp' rel=\"noopener\"><span class='avia_hidden_link_text'>Share on WhatsApp<\/span><\/a><\/li><\/ul><\/div><\/div><\/p><\/div>","protected":false},"excerpt":{"rendered":"","protected":false},"author":3,"featured_media":2434,"comment_status":"closed","ping_status":"closed","sticky":false,"template":"","format":"standard","meta":{"footnotes":""},"categories":[6,8,17,7,20],"tags":[],"class_list":["post-2433","post","type-post","status-publish","format-standard","has-post-thumbnail","hentry","category-aletsch","category-bettmeralp","category-kinder","category-riederalp","category-veranstaltungen"],"yoast_head":"<!-- This site is optimized with the Yoast SEO plugin v27.4 - https:\/\/yoast.com\/product\/yoast-seo-wordpress\/ -->\n<title>Was ein Zirkus - Bettmeralp und Riederalp<\/title>\n<meta name=\"description\" content=\"Am Aletsch gibt es auch 2025 Zirkusevents. Sogar mit Teilnahme und Gestaltung durch Ihre Kinder.\" \/>\n<meta name=\"robots\" content=\"index, follow, max-snippet:-1, max-image-preview:large, max-video-preview:-1\" \/>\n<link rel=\"canonical\" href=\"https:\/\/ferienchalet-wallis.ch\/en\/was-ein-zirkus\/\" \/>\n<meta property=\"og:locale\" content=\"en_GB\" \/>\n<meta property=\"og:type\" content=\"article\" \/>\n<meta property=\"og:title\" content=\"Was ein Zirkus - Bettmeralp und Riederalp\" \/>\n<meta property=\"og:description\" content=\"Am Aletsch gibt es auch 2025 Zirkusevents. Sogar mit Teilnahme und Gestaltung durch Ihre Kinder.\" \/>\n<meta property=\"og:url\" content=\"https:\/\/ferienchalet-wallis.ch\/en\/was-ein-zirkus\/\" \/>\n<meta property=\"og:site_name\" content=\"Bettmeralp und Riederalp\" \/>\n<meta property=\"article:published_time\" content=\"2025-07-16T07:41:09+00:00\" \/>\n<meta property=\"article:modified_time\" content=\"2025-07-16T08:04:17+00:00\" \/>\n<meta property=\"og:image\" content=\"https:\/\/ferienchalet-wallis.ch\/wp-content\/uploads\/2025\/07\/Mitmachzirkus_Aletsch.jpg\" \/>\n\t<meta property=\"og:image:width\" content=\"2560\" \/>\n\t<meta property=\"og:image:height\" content=\"1707\" \/>\n\t<meta property=\"og:image:type\" content=\"image\/jpeg\" \/>\n<meta name=\"author\" content=\"WalliSaar\" \/>\n<meta name=\"twitter:card\" content=\"summary_large_image\" \/>\n<meta name=\"twitter:label1\" content=\"Written by\" \/>\n\t<meta name=\"twitter:data1\" content=\"WalliSaar\" \/>\n\t<meta name=\"twitter:label2\" content=\"Estimated reading time\" \/>\n\t<meta name=\"twitter:data2\" content=\"4 minutes\" \/>\n<script type=\"application\/ld+json\" class=\"yoast-schema-graph\">{\"@context\":\"https:\\\/\\\/schema.org\",\"@graph\":[{\"@type\":\"Article\",\"@id\":\"https:\\\/\\\/ferienchalet-wallis.ch\\\/was-ein-zirkus\\\/#article\",\"isPartOf\":{\"@id\":\"https:\\\/\\\/ferienchalet-wallis.ch\\\/was-ein-zirkus\\\/\"},\"author\":{\"name\":\"WalliSaar\",\"@id\":\"https:\\\/\\\/ferienchalet-wallis.ch\\\/#\\\/schema\\\/person\\\/18b3f062b0514bc953799175b9bfdd2b\"},\"headline\":\"Was ein Zirkus\",\"datePublished\":\"2025-07-16T07:41:09+00:00\",\"dateModified\":\"2025-07-16T08:04:17+00:00\",\"mainEntityOfPage\":{\"@id\":\"https:\\\/\\\/ferienchalet-wallis.ch\\\/was-ein-zirkus\\\/\"},\"wordCount\":842,\"publisher\":{\"@id\":\"https:\\\/\\\/ferienchalet-wallis.ch\\\/#organization\"},\"image\":{\"@id\":\"https:\\\/\\\/ferienchalet-wallis.ch\\\/was-ein-zirkus\\\/#primaryimage\"},\"thumbnailUrl\":\"https:\\\/\\\/ferienchalet-wallis.ch\\\/wp-content\\\/uploads\\\/2025\\\/07\\\/Mitmachzirkus_Aletsch.jpg\",\"articleSection\":[\"Aletsch\",\"Bettmeralp\",\"Kinder\",\"Riederalp\",\"Veranstaltungen\"],\"inLanguage\":\"en-GB\"},{\"@type\":\"WebPage\",\"@id\":\"https:\\\/\\\/ferienchalet-wallis.ch\\\/was-ein-zirkus\\\/\",\"url\":\"https:\\\/\\\/ferienchalet-wallis.ch\\\/was-ein-zirkus\\\/\",\"name\":\"Was ein Zirkus - Bettmeralp und Riederalp\",\"isPartOf\":{\"@id\":\"https:\\\/\\\/ferienchalet-wallis.ch\\\/#website\"},\"primaryImageOfPage\":{\"@id\":\"https:\\\/\\\/ferienchalet-wallis.ch\\\/was-ein-zirkus\\\/#primaryimage\"},\"image\":{\"@id\":\"https:\\\/\\\/ferienchalet-wallis.ch\\\/was-ein-zirkus\\\/#primaryimage\"},\"thumbnailUrl\":\"https:\\\/\\\/ferienchalet-wallis.ch\\\/wp-content\\\/uploads\\\/2025\\\/07\\\/Mitmachzirkus_Aletsch.jpg\",\"datePublished\":\"2025-07-16T07:41:09+00:00\",\"dateModified\":\"2025-07-16T08:04:17+00:00\",\"description\":\"Am Aletsch gibt es auch 2025 Zirkusevents. Sogar mit Teilnahme und Gestaltung durch Ihre Kinder.\",\"breadcrumb\":{\"@id\":\"https:\\\/\\\/ferienchalet-wallis.ch\\\/was-ein-zirkus\\\/#breadcrumb\"},\"inLanguage\":\"en-GB\",\"potentialAction\":[{\"@type\":\"ReadAction\",\"target\":[\"https:\\\/\\\/ferienchalet-wallis.ch\\\/was-ein-zirkus\\\/\"]}]},{\"@type\":\"ImageObject\",\"inLanguage\":\"en-GB\",\"@id\":\"https:\\\/\\\/ferienchalet-wallis.ch\\\/was-ein-zirkus\\\/#primaryimage\",\"url\":\"https:\\\/\\\/ferienchalet-wallis.ch\\\/wp-content\\\/uploads\\\/2025\\\/07\\\/Mitmachzirkus_Aletsch.jpg\",\"contentUrl\":\"https:\\\/\\\/ferienchalet-wallis.ch\\\/wp-content\\\/uploads\\\/2025\\\/07\\\/Mitmachzirkus_Aletsch.jpg\",\"width\":2560,\"height\":1707,\"caption\":\"2022-Mitmachzirkus auf der Bettmeralp in der Aletsch Arena\"},{\"@type\":\"BreadcrumbList\",\"@id\":\"https:\\\/\\\/ferienchalet-wallis.ch\\\/was-ein-zirkus\\\/#breadcrumb\",\"itemListElement\":[{\"@type\":\"ListItem\",\"position\":1,\"name\":\"Home\",\"item\":\"https:\\\/\\\/ferienchalet-wallis.ch\\\/\"},{\"@type\":\"ListItem\",\"position\":2,\"name\":\"Was ein Zirkus\"}]},{\"@type\":\"WebSite\",\"@id\":\"https:\\\/\\\/ferienchalet-wallis.ch\\\/#website\",\"url\":\"https:\\\/\\\/ferienchalet-wallis.ch\\\/\",\"name\":\"Bettmeralp und Riederalp\",\"description\":\"Kranzfelder Markus\",\"publisher\":{\"@id\":\"https:\\\/\\\/ferienchalet-wallis.ch\\\/#organization\"},\"potentialAction\":[{\"@type\":\"SearchAction\",\"target\":{\"@type\":\"EntryPoint\",\"urlTemplate\":\"https:\\\/\\\/ferienchalet-wallis.ch\\\/?s={search_term_string}\"},\"query-input\":{\"@type\":\"PropertyValueSpecification\",\"valueRequired\":true,\"valueName\":\"search_term_string\"}}],\"inLanguage\":\"en-GB\"},{\"@type\":\"Organization\",\"@id\":\"https:\\\/\\\/ferienchalet-wallis.ch\\\/#organization\",\"name\":\"Liegenschaftsbetreuung \\\/ Vermietung \u2013 M. Kranzfelder\",\"url\":\"https:\\\/\\\/ferienchalet-wallis.ch\\\/\",\"logo\":{\"@type\":\"ImageObject\",\"inLanguage\":\"en-GB\",\"@id\":\"https:\\\/\\\/ferienchalet-wallis.ch\\\/#\\\/schema\\\/logo\\\/image\\\/\",\"url\":\"https:\\\/\\\/ferienchalet-wallis.ch\\\/wp-content\\\/uploads\\\/2022\\\/01\\\/Logo_Kranzfelder.png\",\"contentUrl\":\"https:\\\/\\\/ferienchalet-wallis.ch\\\/wp-content\\\/uploads\\\/2022\\\/01\\\/Logo_Kranzfelder.png\",\"width\":1526,\"height\":447,\"caption\":\"Liegenschaftsbetreuung \\\/ Vermietung \u2013 M. Kranzfelder\"},\"image\":{\"@id\":\"https:\\\/\\\/ferienchalet-wallis.ch\\\/#\\\/schema\\\/logo\\\/image\\\/\"}},{\"@type\":\"Person\",\"@id\":\"https:\\\/\\\/ferienchalet-wallis.ch\\\/#\\\/schema\\\/person\\\/18b3f062b0514bc953799175b9bfdd2b\",\"name\":\"WalliSaar\",\"image\":{\"@type\":\"ImageObject\",\"inLanguage\":\"en-GB\",\"@id\":\"https:\\\/\\\/secure.gravatar.com\\\/avatar\\\/1be7f9468eac0e02f655be9ab758a01ae5dc72d678841cc4898d463993c78d36?s=96&d=initials&r=g&initials=ru\",\"url\":\"https:\\\/\\\/secure.gravatar.com\\\/avatar\\\/1be7f9468eac0e02f655be9ab758a01ae5dc72d678841cc4898d463993c78d36?s=96&d=initials&r=g&initials=ru\",\"contentUrl\":\"https:\\\/\\\/secure.gravatar.com\\\/avatar\\\/1be7f9468eac0e02f655be9ab758a01ae5dc72d678841cc4898d463993c78d36?s=96&d=initials&r=g&initials=ru\",\"caption\":\"WalliSaar\"},\"description\":\"Mein Name ist Anja Ruch und ich schreibe die Blogbeitr\u00e4ge f\u00fcr das Ehepaar Markus &amp; Tabitha Kranzfelder. Der Name WalliSaar gr\u00fcndet sich auf meinen Wurzeln im Saarland und den neuen im Wallis. My name is Anja Ruch and I write the blog entries for the Markus &amp; Tabitha Kranzfelder couple. The name WalliSaar shows the connection to my old roots in Saarland and the new ones in Valais.\",\"sameAs\":[\"https:\\\/\\\/www.ferienchalet-wallis.ch\\\/blog\"],\"url\":\"https:\\\/\\\/ferienchalet-wallis.ch\\\/en\\\/author\\\/wallisaar\\\/\"}]}<\/script>\n<!-- \/ Yoast SEO plugin. -->","yoast_head_json":{"title":"Was ein Zirkus - Bettmeralp und Riederalp","description":"Am Aletsch gibt es auch 2025 Zirkusevents. Sogar mit Teilnahme und Gestaltung durch Ihre Kinder.","robots":{"index":"index","follow":"follow","max-snippet":"max-snippet:-1","max-image-preview":"max-image-preview:large","max-video-preview":"max-video-preview:-1"},"canonical":"https:\/\/ferienchalet-wallis.ch\/en\/was-ein-zirkus\/","og_locale":"en_GB","og_type":"article","og_title":"Was ein Zirkus - Bettmeralp und Riederalp","og_description":"Am Aletsch gibt es auch 2025 Zirkusevents. Sogar mit Teilnahme und Gestaltung durch Ihre Kinder.","og_url":"https:\/\/ferienchalet-wallis.ch\/en\/was-ein-zirkus\/","og_site_name":"Bettmeralp und Riederalp","article_published_time":"2025-07-16T07:41:09+00:00","article_modified_time":"2025-07-16T08:04:17+00:00","og_image":[{"width":2560,"height":1707,"url":"https:\/\/ferienchalet-wallis.ch\/wp-content\/uploads\/2025\/07\/Mitmachzirkus_Aletsch.jpg","type":"image\/jpeg"}],"author":"WalliSaar","twitter_card":"summary_large_image","twitter_misc":{"Written by":"WalliSaar","Estimated reading time":"4 minutes"},"schema":{"@context":"https:\/\/schema.org","@graph":[{"@type":"Article","@id":"https:\/\/ferienchalet-wallis.ch\/was-ein-zirkus\/#article","isPartOf":{"@id":"https:\/\/ferienchalet-wallis.ch\/was-ein-zirkus\/"},"author":{"name":"WalliSaar","@id":"https:\/\/ferienchalet-wallis.ch\/#\/schema\/person\/18b3f062b0514bc953799175b9bfdd2b"},"headline":"Was ein Zirkus","datePublished":"2025-07-16T07:41:09+00:00","dateModified":"2025-07-16T08:04:17+00:00","mainEntityOfPage":{"@id":"https:\/\/ferienchalet-wallis.ch\/was-ein-zirkus\/"},"wordCount":842,"publisher":{"@id":"https:\/\/ferienchalet-wallis.ch\/#organization"},"image":{"@id":"https:\/\/ferienchalet-wallis.ch\/was-ein-zirkus\/#primaryimage"},"thumbnailUrl":"https:\/\/ferienchalet-wallis.ch\/wp-content\/uploads\/2025\/07\/Mitmachzirkus_Aletsch.jpg","articleSection":["Aletsch","Bettmeralp","Kinder","Riederalp","Veranstaltungen"],"inLanguage":"en-GB"},{"@type":"WebPage","@id":"https:\/\/ferienchalet-wallis.ch\/was-ein-zirkus\/","url":"https:\/\/ferienchalet-wallis.ch\/was-ein-zirkus\/","name":"Was ein Zirkus - Bettmeralp und Riederalp","isPartOf":{"@id":"https:\/\/ferienchalet-wallis.ch\/#website"},"primaryImageOfPage":{"@id":"https:\/\/ferienchalet-wallis.ch\/was-ein-zirkus\/#primaryimage"},"image":{"@id":"https:\/\/ferienchalet-wallis.ch\/was-ein-zirkus\/#primaryimage"},"thumbnailUrl":"https:\/\/ferienchalet-wallis.ch\/wp-content\/uploads\/2025\/07\/Mitmachzirkus_Aletsch.jpg","datePublished":"2025-07-16T07:41:09+00:00","dateModified":"2025-07-16T08:04:17+00:00","description":"Am Aletsch gibt es auch 2025 Zirkusevents. Sogar mit Teilnahme und Gestaltung durch Ihre Kinder.","breadcrumb":{"@id":"https:\/\/ferienchalet-wallis.ch\/was-ein-zirkus\/#breadcrumb"},"inLanguage":"en-GB","potentialAction":[{"@type":"ReadAction","target":["https:\/\/ferienchalet-wallis.ch\/was-ein-zirkus\/"]}]},{"@type":"ImageObject","inLanguage":"en-GB","@id":"https:\/\/ferienchalet-wallis.ch\/was-ein-zirkus\/#primaryimage","url":"https:\/\/ferienchalet-wallis.ch\/wp-content\/uploads\/2025\/07\/Mitmachzirkus_Aletsch.jpg","contentUrl":"https:\/\/ferienchalet-wallis.ch\/wp-content\/uploads\/2025\/07\/Mitmachzirkus_Aletsch.jpg","width":2560,"height":1707,"caption":"2022-Mitmachzirkus auf der Bettmeralp in der Aletsch Arena"},{"@type":"BreadcrumbList","@id":"https:\/\/ferienchalet-wallis.ch\/was-ein-zirkus\/#breadcrumb","itemListElement":[{"@type":"ListItem","position":1,"name":"Home","item":"https:\/\/ferienchalet-wallis.ch\/"},{"@type":"ListItem","position":2,"name":"Was ein Zirkus"}]},{"@type":"WebSite","@id":"https:\/\/ferienchalet-wallis.ch\/#website","url":"https:\/\/ferienchalet-wallis.ch\/","name":"Bettmeralp and Riederalp","description":"Kranzfelder Markus","publisher":{"@id":"https:\/\/ferienchalet-wallis.ch\/#organization"},"potentialAction":[{"@type":"SearchAction","target":{"@type":"EntryPoint","urlTemplate":"https:\/\/ferienchalet-wallis.ch\/?s={search_term_string}"},"query-input":{"@type":"PropertyValueSpecification","valueRequired":true,"valueName":"search_term_string"}}],"inLanguage":"en-GB"},{"@type":"Organization","@id":"https:\/\/ferienchalet-wallis.ch\/#organization","name":"Liegenschaftsbetreuung \/ Vermietung \u2013 M. Kranzfelder","url":"https:\/\/ferienchalet-wallis.ch\/","logo":{"@type":"ImageObject","inLanguage":"en-GB","@id":"https:\/\/ferienchalet-wallis.ch\/#\/schema\/logo\/image\/","url":"https:\/\/ferienchalet-wallis.ch\/wp-content\/uploads\/2022\/01\/Logo_Kranzfelder.png","contentUrl":"https:\/\/ferienchalet-wallis.ch\/wp-content\/uploads\/2022\/01\/Logo_Kranzfelder.png","width":1526,"height":447,"caption":"Liegenschaftsbetreuung \/ Vermietung \u2013 M. Kranzfelder"},"image":{"@id":"https:\/\/ferienchalet-wallis.ch\/#\/schema\/logo\/image\/"}},{"@type":"Person","@id":"https:\/\/ferienchalet-wallis.ch\/#\/schema\/person\/18b3f062b0514bc953799175b9bfdd2b","name":"WalliSaar","image":{"@type":"ImageObject","inLanguage":"en-GB","@id":"https:\/\/secure.gravatar.com\/avatar\/1be7f9468eac0e02f655be9ab758a01ae5dc72d678841cc4898d463993c78d36?s=96&d=initials&r=g&initials=ru","url":"https:\/\/secure.gravatar.com\/avatar\/1be7f9468eac0e02f655be9ab758a01ae5dc72d678841cc4898d463993c78d36?s=96&d=initials&r=g&initials=ru","contentUrl":"https:\/\/secure.gravatar.com\/avatar\/1be7f9468eac0e02f655be9ab758a01ae5dc72d678841cc4898d463993c78d36?s=96&d=initials&r=g&initials=ru","caption":"WalliSaar"},"description":"Mein Name ist Anja Ruch und ich schreibe die Blogbeitr\u00e4ge f\u00fcr das Ehepaar Markus &amp; Tabitha Kranzfelder. Der Name WalliSaar gr\u00fcndet sich auf meinen Wurzeln im Saarland und den neuen im Wallis. My name is Anja Ruch and I write the blog entries for the Markus &amp; Tabitha Kranzfelder couple. The name WalliSaar shows the connection to my old roots in Saarland and the new ones in Valais.","sameAs":["https:\/\/www.ferienchalet-wallis.ch\/blog"],"url":"https:\/\/ferienchalet-wallis.ch\/en\/author\/wallisaar\/"}]}},"_links":{"self":[{"href":"https:\/\/ferienchalet-wallis.ch\/en\/wp-json\/wp\/v2\/posts\/2433","targetHints":{"allow":["GET"]}}],"collection":[{"href":"https:\/\/ferienchalet-wallis.ch\/en\/wp-json\/wp\/v2\/posts"}],"about":[{"href":"https:\/\/ferienchalet-wallis.ch\/en\/wp-json\/wp\/v2\/types\/post"}],"author":[{"embeddable":true,"href":"https:\/\/ferienchalet-wallis.ch\/en\/wp-json\/wp\/v2\/users\/3"}],"replies":[{"embeddable":true,"href":"https:\/\/ferienchalet-wallis.ch\/en\/wp-json\/wp\/v2\/comments?post=2433"}],"version-history":[{"count":3,"href":"https:\/\/ferienchalet-wallis.ch\/en\/wp-json\/wp\/v2\/posts\/2433\/revisions"}],"predecessor-version":[{"id":2438,"href":"https:\/\/ferienchalet-wallis.ch\/en\/wp-json\/wp\/v2\/posts\/2433\/revisions\/2438"}],"wp:featuredmedia":[{"embeddable":true,"href":"https:\/\/ferienchalet-wallis.ch\/en\/wp-json\/wp\/v2\/media\/2434"}],"wp:attachment":[{"href":"https:\/\/ferienchalet-wallis.ch\/en\/wp-json\/wp\/v2\/media?parent=2433"}],"wp:term":[{"taxonomy":"category","embeddable":true,"href":"https:\/\/ferienchalet-wallis.ch\/en\/wp-json\/wp\/v2\/categories?post=2433"},{"taxonomy":"post_tag","embeddable":true,"href":"https:\/\/ferienchalet-wallis.ch\/en\/wp-json\/wp\/v2\/tags?post=2433"}],"curies":[{"name":"wp","href":"https:\/\/api.w.org\/{rel}","templated":true}]}}