{"id":2479,"date":"2025-08-25T13:39:02","date_gmt":"2025-08-25T13:39:02","guid":{"rendered":"https:\/\/ferienchalet-wallis.ch\/?p=2479"},"modified":"2025-08-25T13:46:03","modified_gmt":"2025-08-25T13:46:03","slug":"walliser-alpen-mit-herz","status":"publish","type":"post","link":"https:\/\/ferienchalet-wallis.ch\/en\/walliser-alpen-mit-herz\/","title":{"rendered":"Valais Alps with heart"},"content":{"rendered":"<style type=\"text\/css\" data-created_by=\"avia_inline_auto\" id=\"style-css-av-mer5ppcj-8e2c38521c4d8f597bbccdc6300d766b\">\n#top .av-special-heading.av-mer5ppcj-8e2c38521c4d8f597bbccdc6300d766b{\npadding-bottom:10px;\n}\nbody .av-special-heading.av-mer5ppcj-8e2c38521c4d8f597bbccdc6300d766b .av-special-heading-tag .heading-char{\nfont-size:25px;\n}\n.av-special-heading.av-mer5ppcj-8e2c38521c4d8f597bbccdc6300d766b .av-subheading{\nfont-size:15px;\n}\n<\/style>\n<div  class='av-special-heading av-mer5ppcj-8e2c38521c4d8f597bbccdc6300d766b av-special-heading-h2  avia-builder-el-0  el_before_av_image  avia-builder-el-first'><h2 class='av-special-heading-tag'  itemprop=\"headline\"  >The Aletsch region<\/h2><div class=\"special-heading-border\"><div class=\"special-heading-inner-border\"><\/div><\/div><\/div>\n\n<style type=\"text\/css\" data-created_by=\"avia_inline_auto\" id=\"style-css-av-mer5ste2-e92fc249ea41ec92320b9e9ed7aacdc9\">\n.avia-image-container.av-mer5ste2-e92fc249ea41ec92320b9e9ed7aacdc9 .av-image-caption-overlay-center{\ncolor:#ffffff;\n}\n<\/style>\n<div  class='avia-image-container av-mer5ste2-e92fc249ea41ec92320b9e9ed7aacdc9 av-styling- avia-align-center  avia-builder-el-1  el_after_av_heading  el_before_av_textblock'  itemprop=\"image\" itemscope=\"itemscope\" itemtype=\"https:\/\/schema.org\/ImageObject\" ><div class=\"avia-image-container-inner\"><div class=\"avia-image-overlay-wrap\"><img decoding=\"async\" class='wp-image-2480 avia-img-lazy-loading-not-2480 avia_image' src=\"https:\/\/ferienchalet-wallis.ch\/wp-content\/uploads\/2025\/08\/Wallis-Aletschregion-1500x630.jpg\" alt='Aletschregion' title='Aletschregion'  height=\"630\" width=\"1500\"  itemprop=\"thumbnailUrl\"  \/><\/div><\/div><\/div>\n<section  class='av_textblock_section av-mer5wqyz-3dc9d7d076210327bc580c420260bc58'  itemscope=\"itemscope\" itemtype=\"https:\/\/schema.org\/BlogPosting\" itemprop=\"blogPost\" ><div class='avia_textblock'  itemprop=\"text\" ><p>What do you think of when you think of Valais? Does it also \"touch your heart\"? I've lived here for a good 16 years now, and as a Swiss resident, I'd like to share my perspective with you.<\/p>\n<h3>The Aletsch region<\/h3>\n<p>When I look out the window, I see the mountain range from Belalp to Bettmerhorn. From Belalp, I hiked with my husband over the <a href=\"https:\/\/ferienchalet-wallis.ch\/en\/die-wandersaison-am-aletsch-beginnt-am-08-06-24\/\">suspension bridge<\/a> through the wild Aletsch Forest to Riederalp. Afterward, my knees wouldn't go any further, but I'll never forget this hike because of the variety of scenery.<\/p>\n<p>The <a href=\"https:\/\/ferienchalet-wallis.ch\/en\/winterwanderung-erlebnispfad-gratweg\/\">ridge walk<\/a> from Bettmeralp to Riederalp is always a feast for the eyes in good weather \u2013 whether in summer or winter. On a gentle stroll along the <a href=\"https:\/\/ferienchalet-wallis.ch\/en\/winterwanderweg-fuer-anfaenger\/\">Aletsch Promenade<\/a>which connects Bettmeralp and Riederalp, you can see as far as the Matterhorn on clear days, along with all the Valais mountains that are also visible, such as the Mischabel Group and the Weisshorn. And then you, too, will say: We must go to Zermatt.<\/p>\n<h3>The Valais Alps<\/h3>\n<p>With 22 peaks over 4,000 meters, along irrigation channels through <a href=\"https:\/\/ferienchalet-wallis.ch\/en\/der-aletschwald\/\">larch forests,<\/a> and on historic trails like the Stockalperweg, there are endless hiking opportunities. Wherever we travel in Valais, the view of the Alps shows me how sublime and impressive the mountains are, and how small we humans are. The power they exude, which is why people say they want to \"conquer\" the mountain. Contemplating the beauty of nature evokes a deep sense of happiness in me. And after every hike, whether arduous or easy, I return home feeling satisfied.<\/p>\n<p>So, what is it that defines Valais? It's its wildness, which promises freedom. The sun, which makes you forget any high fog. The integrity of its inhabitants, which fosters friendships. And, of course, the Fendant, cholera, and apricots.<\/p>\n<p><em>Wallis. D\u00fc bisch ds dunkle Funkle im Granit. De Glitzerschnee. Ds Sunna hoch im Himmelblau. Der Tisch, an dem\u2019s an Platz ni\u00e4 manglet. Die Port, wa d\u2018 W\u00e4rmi wohnt. (Auszug Werbespot Wallis)<\/em><\/p>\n<\/div><\/section>\n<div class='flex_column av-9nh9pb-18e7cf9440104d6fffe74c7dce5c63fe av_one_half  avia-builder-el-3  el_after_av_textblock  avia-builder-el-last  first flex_column_div column-top-margin'   ><p><div  class='av-post-metadata-container av-7x2ecv-41c57c5eed8d26f30e805ec0360d2c7e av-metadata-container-align-left  avia-builder-el-4  el_before_av_social_share  avia-builder-el-first  av-metadata-container-1'><div class='av-post-metadata-container-inner'><span class=\"av-post-metadata-content av-post-metadata-meta-content\"><span class=\"av-post-metadata-content av-post-metadata-author\"  itemprop=\"author\" ><span class=\"av-metadata-before av-metadata-before-author\">of<\/span><span class=\"av-post-metadata-author-link\" ><a href=\"https:\/\/ferienchalet-wallis.ch\/en\/author\/wallisaar\/\"  rel=\"author\">WalliSaar<\/a><\/span><\/span><span class=\"av-post-metadata-content av-post-metadata-separator\">\/<\/span><span class=\"av-post-metadata-content av-post-metadata-published\"><span class=\"av-post-metadata-published-date\" >August 25, 2025<\/span><\/span><\/span><\/div><\/div><br \/>\n<div  class='av-social-sharing-box av-20lnf3-3674c630f082aa0caf3f9edc829f7d78 av-social-sharing-box-circle  avia-builder-el-5  el_after_av_post_metadata  avia-builder-el-last  av-social-sharing-box-color-bg av-social-sharing-box-same-width'><div class=\"av-share-box\"><h5 class='av-share-link-description av-no-toc'>Share entry<\/h5><ul class=\"av-share-box-list noLightbox\"><li class='av-share-link av-social-link-whatsapp' ><a target=\"_blank\" aria-label=\"Share on WhatsApp\" href='https:\/\/api.whatsapp.com\/send?text=https:\/\/ferienchalet-wallis.ch\/en\/walliser-alpen-mit-herz\/' aria-hidden='false' data-av_icon='\uf232' data-av_iconfont='entypo-fontello' title='' data-avia-related-tooltip='Share on WhatsApp' rel=\"noopener\"><span class='avia_hidden_link_text'>Share on WhatsApp<\/span><\/a><\/li><\/ul><\/div><\/div><\/p><\/div>","protected":false},"excerpt":{"rendered":"","protected":false},"author":3,"featured_media":2480,"comment_status":"closed","ping_status":"closed","sticky":false,"template":"","format":"standard","meta":{"footnotes":""},"categories":[6,27],"tags":[],"class_list":["post-2479","post","type-post","status-publish","format-standard","has-post-thumbnail","hentry","category-aletsch","category-naturerlebnis"],"yoast_head":"<!-- This site is optimized with the Yoast SEO plugin v27.4 - https:\/\/yoast.com\/product\/yoast-seo-wordpress\/ -->\n<title>Walliser Alpen mit Herz - Bettmeralp und Riederalp<\/title>\n<meta name=\"description\" content=\"Die Aletschregion im Wallis - Natur pur, Gl\u00fcck und gutes Essen.\" \/>\n<meta name=\"robots\" content=\"index, follow, max-snippet:-1, max-image-preview:large, max-video-preview:-1\" \/>\n<link rel=\"canonical\" href=\"https:\/\/ferienchalet-wallis.ch\/en\/walliser-alpen-mit-herz\/\" \/>\n<meta property=\"og:locale\" content=\"en_GB\" \/>\n<meta property=\"og:type\" content=\"article\" \/>\n<meta property=\"og:title\" content=\"Walliser Alpen mit Herz - Bettmeralp und Riederalp\" \/>\n<meta property=\"og:description\" content=\"Die Aletschregion im Wallis - Natur pur, Gl\u00fcck und gutes Essen.\" \/>\n<meta property=\"og:url\" content=\"https:\/\/ferienchalet-wallis.ch\/en\/walliser-alpen-mit-herz\/\" \/>\n<meta property=\"og:site_name\" content=\"Bettmeralp und Riederalp\" \/>\n<meta property=\"article:published_time\" content=\"2025-08-25T13:39:02+00:00\" \/>\n<meta property=\"article:modified_time\" content=\"2025-08-25T13:46:03+00:00\" \/>\n<meta property=\"og:image\" content=\"https:\/\/ferienchalet-wallis.ch\/wp-content\/uploads\/2025\/08\/Wallis-Aletschregion.jpg\" \/>\n\t<meta property=\"og:image:width\" content=\"2048\" \/>\n\t<meta property=\"og:image:height\" content=\"1152\" \/>\n\t<meta property=\"og:image:type\" content=\"image\/jpeg\" \/>\n<meta name=\"author\" content=\"WalliSaar\" \/>\n<meta name=\"twitter:card\" content=\"summary_large_image\" \/>\n<meta name=\"twitter:label1\" content=\"Written by\" \/>\n\t<meta name=\"twitter:data1\" content=\"WalliSaar\" \/>\n\t<meta name=\"twitter:label2\" content=\"Estimated reading time\" \/>\n\t<meta name=\"twitter:data2\" content=\"4 minutes\" \/>\n<script type=\"application\/ld+json\" class=\"yoast-schema-graph\">{\"@context\":\"https:\\\/\\\/schema.org\",\"@graph\":[{\"@type\":\"Article\",\"@id\":\"https:\\\/\\\/ferienchalet-wallis.ch\\\/walliser-alpen-mit-herz\\\/#article\",\"isPartOf\":{\"@id\":\"https:\\\/\\\/ferienchalet-wallis.ch\\\/walliser-alpen-mit-herz\\\/\"},\"author\":{\"name\":\"WalliSaar\",\"@id\":\"https:\\\/\\\/ferienchalet-wallis.ch\\\/#\\\/schema\\\/person\\\/18b3f062b0514bc953799175b9bfdd2b\"},\"headline\":\"Walliser Alpen mit Herz\",\"datePublished\":\"2025-08-25T13:39:02+00:00\",\"dateModified\":\"2025-08-25T13:46:03+00:00\",\"mainEntityOfPage\":{\"@id\":\"https:\\\/\\\/ferienchalet-wallis.ch\\\/walliser-alpen-mit-herz\\\/\"},\"wordCount\":872,\"publisher\":{\"@id\":\"https:\\\/\\\/ferienchalet-wallis.ch\\\/#organization\"},\"image\":{\"@id\":\"https:\\\/\\\/ferienchalet-wallis.ch\\\/walliser-alpen-mit-herz\\\/#primaryimage\"},\"thumbnailUrl\":\"https:\\\/\\\/ferienchalet-wallis.ch\\\/wp-content\\\/uploads\\\/2025\\\/08\\\/Wallis-Aletschregion.jpg\",\"articleSection\":[\"Aletsch\",\"Naturerlebnis\"],\"inLanguage\":\"en-GB\"},{\"@type\":\"WebPage\",\"@id\":\"https:\\\/\\\/ferienchalet-wallis.ch\\\/walliser-alpen-mit-herz\\\/\",\"url\":\"https:\\\/\\\/ferienchalet-wallis.ch\\\/walliser-alpen-mit-herz\\\/\",\"name\":\"Walliser Alpen mit Herz - Bettmeralp und Riederalp\",\"isPartOf\":{\"@id\":\"https:\\\/\\\/ferienchalet-wallis.ch\\\/#website\"},\"primaryImageOfPage\":{\"@id\":\"https:\\\/\\\/ferienchalet-wallis.ch\\\/walliser-alpen-mit-herz\\\/#primaryimage\"},\"image\":{\"@id\":\"https:\\\/\\\/ferienchalet-wallis.ch\\\/walliser-alpen-mit-herz\\\/#primaryimage\"},\"thumbnailUrl\":\"https:\\\/\\\/ferienchalet-wallis.ch\\\/wp-content\\\/uploads\\\/2025\\\/08\\\/Wallis-Aletschregion.jpg\",\"datePublished\":\"2025-08-25T13:39:02+00:00\",\"dateModified\":\"2025-08-25T13:46:03+00:00\",\"description\":\"Die Aletschregion im Wallis - Natur pur, Gl\u00fcck und gutes Essen.\",\"breadcrumb\":{\"@id\":\"https:\\\/\\\/ferienchalet-wallis.ch\\\/walliser-alpen-mit-herz\\\/#breadcrumb\"},\"inLanguage\":\"en-GB\",\"potentialAction\":[{\"@type\":\"ReadAction\",\"target\":[\"https:\\\/\\\/ferienchalet-wallis.ch\\\/walliser-alpen-mit-herz\\\/\"]}]},{\"@type\":\"ImageObject\",\"inLanguage\":\"en-GB\",\"@id\":\"https:\\\/\\\/ferienchalet-wallis.ch\\\/walliser-alpen-mit-herz\\\/#primaryimage\",\"url\":\"https:\\\/\\\/ferienchalet-wallis.ch\\\/wp-content\\\/uploads\\\/2025\\\/08\\\/Wallis-Aletschregion.jpg\",\"contentUrl\":\"https:\\\/\\\/ferienchalet-wallis.ch\\\/wp-content\\\/uploads\\\/2025\\\/08\\\/Wallis-Aletschregion.jpg\",\"width\":2048,\"height\":1152},{\"@type\":\"BreadcrumbList\",\"@id\":\"https:\\\/\\\/ferienchalet-wallis.ch\\\/walliser-alpen-mit-herz\\\/#breadcrumb\",\"itemListElement\":[{\"@type\":\"ListItem\",\"position\":1,\"name\":\"Home\",\"item\":\"https:\\\/\\\/ferienchalet-wallis.ch\\\/\"},{\"@type\":\"ListItem\",\"position\":2,\"name\":\"Walliser Alpen mit Herz\"}]},{\"@type\":\"WebSite\",\"@id\":\"https:\\\/\\\/ferienchalet-wallis.ch\\\/#website\",\"url\":\"https:\\\/\\\/ferienchalet-wallis.ch\\\/\",\"name\":\"Bettmeralp und Riederalp\",\"description\":\"Kranzfelder Markus\",\"publisher\":{\"@id\":\"https:\\\/\\\/ferienchalet-wallis.ch\\\/#organization\"},\"potentialAction\":[{\"@type\":\"SearchAction\",\"target\":{\"@type\":\"EntryPoint\",\"urlTemplate\":\"https:\\\/\\\/ferienchalet-wallis.ch\\\/?s={search_term_string}\"},\"query-input\":{\"@type\":\"PropertyValueSpecification\",\"valueRequired\":true,\"valueName\":\"search_term_string\"}}],\"inLanguage\":\"en-GB\"},{\"@type\":\"Organization\",\"@id\":\"https:\\\/\\\/ferienchalet-wallis.ch\\\/#organization\",\"name\":\"Liegenschaftsbetreuung \\\/ Vermietung \u2013 M. Kranzfelder\",\"url\":\"https:\\\/\\\/ferienchalet-wallis.ch\\\/\",\"logo\":{\"@type\":\"ImageObject\",\"inLanguage\":\"en-GB\",\"@id\":\"https:\\\/\\\/ferienchalet-wallis.ch\\\/#\\\/schema\\\/logo\\\/image\\\/\",\"url\":\"https:\\\/\\\/ferienchalet-wallis.ch\\\/wp-content\\\/uploads\\\/2022\\\/01\\\/Logo_Kranzfelder.png\",\"contentUrl\":\"https:\\\/\\\/ferienchalet-wallis.ch\\\/wp-content\\\/uploads\\\/2022\\\/01\\\/Logo_Kranzfelder.png\",\"width\":1526,\"height\":447,\"caption\":\"Liegenschaftsbetreuung \\\/ Vermietung \u2013 M. Kranzfelder\"},\"image\":{\"@id\":\"https:\\\/\\\/ferienchalet-wallis.ch\\\/#\\\/schema\\\/logo\\\/image\\\/\"}},{\"@type\":\"Person\",\"@id\":\"https:\\\/\\\/ferienchalet-wallis.ch\\\/#\\\/schema\\\/person\\\/18b3f062b0514bc953799175b9bfdd2b\",\"name\":\"WalliSaar\",\"image\":{\"@type\":\"ImageObject\",\"inLanguage\":\"en-GB\",\"@id\":\"https:\\\/\\\/secure.gravatar.com\\\/avatar\\\/1be7f9468eac0e02f655be9ab758a01ae5dc72d678841cc4898d463993c78d36?s=96&d=initials&r=g&initials=ru\",\"url\":\"https:\\\/\\\/secure.gravatar.com\\\/avatar\\\/1be7f9468eac0e02f655be9ab758a01ae5dc72d678841cc4898d463993c78d36?s=96&d=initials&r=g&initials=ru\",\"contentUrl\":\"https:\\\/\\\/secure.gravatar.com\\\/avatar\\\/1be7f9468eac0e02f655be9ab758a01ae5dc72d678841cc4898d463993c78d36?s=96&d=initials&r=g&initials=ru\",\"caption\":\"WalliSaar\"},\"description\":\"Mein Name ist Anja Ruch und ich schreibe die Blogbeitr\u00e4ge f\u00fcr das Ehepaar Markus &amp; Tabitha Kranzfelder. Der Name WalliSaar gr\u00fcndet sich auf meinen Wurzeln im Saarland und den neuen im Wallis. My name is Anja Ruch and I write the blog entries for the Markus &amp; Tabitha Kranzfelder couple. The name WalliSaar shows the connection to my old roots in Saarland and the new ones in Valais.\",\"sameAs\":[\"https:\\\/\\\/www.ferienchalet-wallis.ch\\\/blog\"],\"url\":\"https:\\\/\\\/ferienchalet-wallis.ch\\\/en\\\/author\\\/wallisaar\\\/\"}]}<\/script>\n<!-- \/ Yoast SEO plugin. -->","yoast_head_json":{"title":"Walliser Alpen mit Herz - Bettmeralp und Riederalp","description":"Die Aletschregion im Wallis - Natur pur, Gl\u00fcck und gutes Essen.","robots":{"index":"index","follow":"follow","max-snippet":"max-snippet:-1","max-image-preview":"max-image-preview:large","max-video-preview":"max-video-preview:-1"},"canonical":"https:\/\/ferienchalet-wallis.ch\/en\/walliser-alpen-mit-herz\/","og_locale":"en_GB","og_type":"article","og_title":"Walliser Alpen mit Herz - Bettmeralp und Riederalp","og_description":"Die Aletschregion im Wallis - Natur pur, Gl\u00fcck und gutes Essen.","og_url":"https:\/\/ferienchalet-wallis.ch\/en\/walliser-alpen-mit-herz\/","og_site_name":"Bettmeralp und Riederalp","article_published_time":"2025-08-25T13:39:02+00:00","article_modified_time":"2025-08-25T13:46:03+00:00","og_image":[{"width":2048,"height":1152,"url":"https:\/\/ferienchalet-wallis.ch\/wp-content\/uploads\/2025\/08\/Wallis-Aletschregion.jpg","type":"image\/jpeg"}],"author":"WalliSaar","twitter_card":"summary_large_image","twitter_misc":{"Written by":"WalliSaar","Estimated reading time":"4 minutes"},"schema":{"@context":"https:\/\/schema.org","@graph":[{"@type":"Article","@id":"https:\/\/ferienchalet-wallis.ch\/walliser-alpen-mit-herz\/#article","isPartOf":{"@id":"https:\/\/ferienchalet-wallis.ch\/walliser-alpen-mit-herz\/"},"author":{"name":"WalliSaar","@id":"https:\/\/ferienchalet-wallis.ch\/#\/schema\/person\/18b3f062b0514bc953799175b9bfdd2b"},"headline":"Walliser Alpen mit Herz","datePublished":"2025-08-25T13:39:02+00:00","dateModified":"2025-08-25T13:46:03+00:00","mainEntityOfPage":{"@id":"https:\/\/ferienchalet-wallis.ch\/walliser-alpen-mit-herz\/"},"wordCount":872,"publisher":{"@id":"https:\/\/ferienchalet-wallis.ch\/#organization"},"image":{"@id":"https:\/\/ferienchalet-wallis.ch\/walliser-alpen-mit-herz\/#primaryimage"},"thumbnailUrl":"https:\/\/ferienchalet-wallis.ch\/wp-content\/uploads\/2025\/08\/Wallis-Aletschregion.jpg","articleSection":["Aletsch","Naturerlebnis"],"inLanguage":"en-GB"},{"@type":"WebPage","@id":"https:\/\/ferienchalet-wallis.ch\/walliser-alpen-mit-herz\/","url":"https:\/\/ferienchalet-wallis.ch\/walliser-alpen-mit-herz\/","name":"Walliser Alpen mit Herz - Bettmeralp und Riederalp","isPartOf":{"@id":"https:\/\/ferienchalet-wallis.ch\/#website"},"primaryImageOfPage":{"@id":"https:\/\/ferienchalet-wallis.ch\/walliser-alpen-mit-herz\/#primaryimage"},"image":{"@id":"https:\/\/ferienchalet-wallis.ch\/walliser-alpen-mit-herz\/#primaryimage"},"thumbnailUrl":"https:\/\/ferienchalet-wallis.ch\/wp-content\/uploads\/2025\/08\/Wallis-Aletschregion.jpg","datePublished":"2025-08-25T13:39:02+00:00","dateModified":"2025-08-25T13:46:03+00:00","description":"Die Aletschregion im Wallis - Natur pur, Gl\u00fcck und gutes Essen.","breadcrumb":{"@id":"https:\/\/ferienchalet-wallis.ch\/walliser-alpen-mit-herz\/#breadcrumb"},"inLanguage":"en-GB","potentialAction":[{"@type":"ReadAction","target":["https:\/\/ferienchalet-wallis.ch\/walliser-alpen-mit-herz\/"]}]},{"@type":"ImageObject","inLanguage":"en-GB","@id":"https:\/\/ferienchalet-wallis.ch\/walliser-alpen-mit-herz\/#primaryimage","url":"https:\/\/ferienchalet-wallis.ch\/wp-content\/uploads\/2025\/08\/Wallis-Aletschregion.jpg","contentUrl":"https:\/\/ferienchalet-wallis.ch\/wp-content\/uploads\/2025\/08\/Wallis-Aletschregion.jpg","width":2048,"height":1152},{"@type":"BreadcrumbList","@id":"https:\/\/ferienchalet-wallis.ch\/walliser-alpen-mit-herz\/#breadcrumb","itemListElement":[{"@type":"ListItem","position":1,"name":"Home","item":"https:\/\/ferienchalet-wallis.ch\/"},{"@type":"ListItem","position":2,"name":"Walliser Alpen mit Herz"}]},{"@type":"WebSite","@id":"https:\/\/ferienchalet-wallis.ch\/#website","url":"https:\/\/ferienchalet-wallis.ch\/","name":"Bettmeralp and Riederalp","description":"Kranzfelder Markus","publisher":{"@id":"https:\/\/ferienchalet-wallis.ch\/#organization"},"potentialAction":[{"@type":"SearchAction","target":{"@type":"EntryPoint","urlTemplate":"https:\/\/ferienchalet-wallis.ch\/?s={search_term_string}"},"query-input":{"@type":"PropertyValueSpecification","valueRequired":true,"valueName":"search_term_string"}}],"inLanguage":"en-GB"},{"@type":"Organization","@id":"https:\/\/ferienchalet-wallis.ch\/#organization","name":"Liegenschaftsbetreuung \/ Vermietung \u2013 M. Kranzfelder","url":"https:\/\/ferienchalet-wallis.ch\/","logo":{"@type":"ImageObject","inLanguage":"en-GB","@id":"https:\/\/ferienchalet-wallis.ch\/#\/schema\/logo\/image\/","url":"https:\/\/ferienchalet-wallis.ch\/wp-content\/uploads\/2022\/01\/Logo_Kranzfelder.png","contentUrl":"https:\/\/ferienchalet-wallis.ch\/wp-content\/uploads\/2022\/01\/Logo_Kranzfelder.png","width":1526,"height":447,"caption":"Liegenschaftsbetreuung \/ Vermietung \u2013 M. Kranzfelder"},"image":{"@id":"https:\/\/ferienchalet-wallis.ch\/#\/schema\/logo\/image\/"}},{"@type":"Person","@id":"https:\/\/ferienchalet-wallis.ch\/#\/schema\/person\/18b3f062b0514bc953799175b9bfdd2b","name":"WalliSaar","image":{"@type":"ImageObject","inLanguage":"en-GB","@id":"https:\/\/secure.gravatar.com\/avatar\/1be7f9468eac0e02f655be9ab758a01ae5dc72d678841cc4898d463993c78d36?s=96&d=initials&r=g&initials=ru","url":"https:\/\/secure.gravatar.com\/avatar\/1be7f9468eac0e02f655be9ab758a01ae5dc72d678841cc4898d463993c78d36?s=96&d=initials&r=g&initials=ru","contentUrl":"https:\/\/secure.gravatar.com\/avatar\/1be7f9468eac0e02f655be9ab758a01ae5dc72d678841cc4898d463993c78d36?s=96&d=initials&r=g&initials=ru","caption":"WalliSaar"},"description":"Mein Name ist Anja Ruch und ich schreibe die Blogbeitr\u00e4ge f\u00fcr das Ehepaar Markus &amp; Tabitha Kranzfelder. Der Name WalliSaar gr\u00fcndet sich auf meinen Wurzeln im Saarland und den neuen im Wallis. My name is Anja Ruch and I write the blog entries for the Markus &amp; Tabitha Kranzfelder couple. The name WalliSaar shows the connection to my old roots in Saarland and the new ones in Valais.","sameAs":["https:\/\/www.ferienchalet-wallis.ch\/blog"],"url":"https:\/\/ferienchalet-wallis.ch\/en\/author\/wallisaar\/"}]}},"_links":{"self":[{"href":"https:\/\/ferienchalet-wallis.ch\/en\/wp-json\/wp\/v2\/posts\/2479","targetHints":{"allow":["GET"]}}],"collection":[{"href":"https:\/\/ferienchalet-wallis.ch\/en\/wp-json\/wp\/v2\/posts"}],"about":[{"href":"https:\/\/ferienchalet-wallis.ch\/en\/wp-json\/wp\/v2\/types\/post"}],"author":[{"embeddable":true,"href":"https:\/\/ferienchalet-wallis.ch\/en\/wp-json\/wp\/v2\/users\/3"}],"replies":[{"embeddable":true,"href":"https:\/\/ferienchalet-wallis.ch\/en\/wp-json\/wp\/v2\/comments?post=2479"}],"version-history":[{"count":5,"href":"https:\/\/ferienchalet-wallis.ch\/en\/wp-json\/wp\/v2\/posts\/2479\/revisions"}],"predecessor-version":[{"id":2486,"href":"https:\/\/ferienchalet-wallis.ch\/en\/wp-json\/wp\/v2\/posts\/2479\/revisions\/2486"}],"wp:featuredmedia":[{"embeddable":true,"href":"https:\/\/ferienchalet-wallis.ch\/en\/wp-json\/wp\/v2\/media\/2480"}],"wp:attachment":[{"href":"https:\/\/ferienchalet-wallis.ch\/en\/wp-json\/wp\/v2\/media?parent=2479"}],"wp:term":[{"taxonomy":"category","embeddable":true,"href":"https:\/\/ferienchalet-wallis.ch\/en\/wp-json\/wp\/v2\/categories?post=2479"},{"taxonomy":"post_tag","embeddable":true,"href":"https:\/\/ferienchalet-wallis.ch\/en\/wp-json\/wp\/v2\/tags?post=2479"}],"curies":[{"name":"wp","href":"https:\/\/api.w.org\/{rel}","templated":true}]}}