{"id":2488,"date":"2025-09-01T13:39:09","date_gmt":"2025-09-01T13:39:09","guid":{"rendered":"https:\/\/ferienchalet-wallis.ch\/?p=2488"},"modified":"2025-09-08T09:51:42","modified_gmt":"2025-09-08T09:51:42","slug":"bikepark-mit-bikepass","status":"publish","type":"post","link":"https:\/\/ferienchalet-wallis.ch\/en\/bikepark-mit-bikepass\/","title":{"rendered":"Bike park with bike pass"},"content":{"rendered":"<style type=\"text\/css\" data-created_by=\"avia_inline_auto\" id=\"style-css-av-mf15k9t8-4d2eede450119d15c73c5a59bfbbe9bb\">\n#top .av-special-heading.av-mf15k9t8-4d2eede450119d15c73c5a59bfbbe9bb{\npadding-bottom:10px;\n}\nbody .av-special-heading.av-mf15k9t8-4d2eede450119d15c73c5a59bfbbe9bb .av-special-heading-tag .heading-char{\nfont-size:25px;\n}\n.av-special-heading.av-mf15k9t8-4d2eede450119d15c73c5a59bfbbe9bb .av-subheading{\nfont-size:15px;\n}\n<\/style>\n<div  class='av-special-heading av-mf15k9t8-4d2eede450119d15c73c5a59bfbbe9bb av-special-heading-h2  avia-builder-el-0  el_before_av_image  avia-builder-el-first'><h2 class='av-special-heading-tag'  itemprop=\"headline\"  >Bike trails in Upper Valais<\/h2><div class=\"special-heading-border\"><div class=\"special-heading-inner-border\"><\/div><\/div><\/div>\n\n<style type=\"text\/css\" data-created_by=\"avia_inline_auto\" id=\"style-css-av-mf15oq1n-736b90e43d2267c047b558ab52215ea2\">\n.avia-image-container.av-mf15oq1n-736b90e43d2267c047b558ab52215ea2 .av-image-caption-overlay-center{\ncolor:#ffffff;\n}\n<\/style>\n<div  class='avia-image-container av-mf15oq1n-736b90e43d2267c047b558ab52215ea2 av-styling- avia-align-center  avia-builder-el-1  el_after_av_heading  el_before_av_textblock'  itemprop=\"image\" itemscope=\"itemscope\" itemtype=\"https:\/\/schema.org\/ImageObject\" ><div class=\"avia-image-container-inner\"><div class=\"avia-image-overlay-wrap\"><img decoding=\"async\" class='wp-image-2489 avia-img-lazy-loading-not-2489 avia_image' src=\"https:\/\/ferienchalet-wallis.ch\/wp-content\/uploads\/2025\/09\/MTB-Trail-Bikespass-1500x630.jpeg\" alt='Bikepass Bikepark Aletschregion' title='Bikepass Bikepark Aletschregion'  height=\"630\" width=\"1500\"  itemprop=\"thumbnailUrl\"  \/><\/div><\/div><\/div>\n<section  class='av_textblock_section av-mf15uzvn-85518e3ff45b7b5ff942e9e8c50769bf'  itemscope=\"itemscope\" itemtype=\"https:\/\/schema.org\/BlogPosting\" itemprop=\"blogPost\" ><div class='avia_textblock'  itemprop=\"text\" ><p>Bike trails are athletic challenges, and they're best met with good riding technique. You, too, need to learn to brake in good time, check the curves in advance, develop a feel for the gradient, and choose the right gear to relieve muscle strain. So where can you practice?<\/p>\n<h3>Test new trails in Upper Valais<\/h3>\n<p>With the <a href=\"https:\/\/ferienchalet-wallis.ch\/en\/uci-mtb-wm-2025-disziplin-enduro-und-cross-country\/\" target=\"_blank\" rel=\"noopener\">UIC MTB WM in Valais<\/a> starting in early September 2025, every passionate mountain biker is in the mood to test out a few trails themselves. Or do you think otherwise? Five regions in the Upper Valais ski resorts have come up with a solution and joined forces to offer a bike pass.<\/p>\n<h3>Bike fun with the Bike Pass<\/h3>\n<p>In addition to the existing season ticket, a new 3-day pass is now available. You can book the <a href=\"https:\/\/shop.aletscharena.ch\/en\/products\/biken\" target=\"_blank\" rel=\"noopener\">Bike Pass at the Aletsch Bahnen<\/a>. Please note that the bike pass must be used on three consecutive days and not on any three days during your stay. The valid regions and prices for infants to adults can be found on the <a href=\"https:\/\/www.oberwalliser-bikepass.ch\/\" target=\"_blank\" rel=\"noopener\">Oberwalliser Bikepass website<\/a>.<\/p>\n<h3>Fair play rules for mountain biking<\/h3>\n<p>Every sport involves responsibility for yourself and others. This means calculating risks and inspecting the trail beforehand. While biking, keep an eye out for pedestrians and also be considerate of nature. So stay on the trail, especially during the day. No, hunting and forestry closures are not meant for moshing. Don't forget your <a href=\"https:\/\/www.youtube.com\/watch?v=b4a6UZZZhgA\" target=\"_blank\" rel=\"noopener\">protective gear<\/a> and service your bike regularly. And remember: a crash lasts 0.5 to 1.5 seconds.<\/p>\n<p><em>Sei kein Joey!<\/em><\/p>\n<\/div><\/section>\n<div class='flex_column av-9b8t88-f05281542b73b63cf95d7e8ebce45e63 av_one_half  avia-builder-el-3  el_after_av_textblock  avia-builder-el-last  first flex_column_div column-top-margin'   ><p><div  class='av-post-metadata-container av-7uyqlk-85d890b6b3dc592c6e3e0930c6a1517e av-metadata-container-align-left  avia-builder-el-4  el_before_av_social_share  avia-builder-el-first  av-metadata-container-1'><div class='av-post-metadata-container-inner'><span class=\"av-post-metadata-content av-post-metadata-meta-content\"><span class=\"av-post-metadata-content av-post-metadata-author\"  itemprop=\"author\" ><span class=\"av-metadata-before av-metadata-before-author\">of<\/span><span class=\"av-post-metadata-author-link\" ><a href=\"https:\/\/ferienchalet-wallis.ch\/en\/author\/wallisaar\/\"  rel=\"author\">WalliSaar<\/a><\/span><\/span><span class=\"av-post-metadata-content av-post-metadata-separator\">\/<\/span><span class=\"av-post-metadata-content av-post-metadata-published\"><span class=\"av-post-metadata-published-date\" >September 1, 2025<\/span><\/span><\/span><\/div><\/div><br \/>\n<div  class='av-social-sharing-box av-2nferc-ac1e77f4f6eb5de29a694895c9563019 av-social-sharing-box-circle  avia-builder-el-5  el_after_av_post_metadata  avia-builder-el-last  av-social-sharing-box-color-bg av-social-sharing-box-same-width'><div class=\"av-share-box\"><h5 class='av-share-link-description av-no-toc'>Share entry<\/h5><ul class=\"av-share-box-list noLightbox\"><li class='av-share-link av-social-link-whatsapp' ><a target=\"_blank\" aria-label=\"Share on WhatsApp\" href='https:\/\/api.whatsapp.com\/send?text=https:\/\/ferienchalet-wallis.ch\/en\/bikepark-mit-bikepass\/' aria-hidden='false' data-av_icon='\uf232' data-av_iconfont='entypo-fontello' title='' data-avia-related-tooltip='Share on WhatsApp' rel=\"noopener\"><span class='avia_hidden_link_text'>Share on WhatsApp<\/span><\/a><\/li><\/ul><\/div><\/div><\/p><\/div>","protected":false},"excerpt":{"rendered":"","protected":false},"author":3,"featured_media":2489,"comment_status":"closed","ping_status":"closed","sticky":false,"template":"","format":"standard","meta":{"footnotes":""},"categories":[6,15],"tags":[],"class_list":["post-2488","post","type-post","status-publish","format-standard","has-post-thumbnail","hentry","category-aletsch","category-mountainbike-mtb"],"yoast_head":"<!-- This site is optimized with the Yoast SEO plugin v27.4 - https:\/\/yoast.com\/product\/yoast-seo-wordpress\/ -->\n<title>Bikepark mit Bikepass - Bettmeralp und Riederalp<\/title>\n<meta name=\"description\" content=\"MTB-Ferien am Aletschgletscher mit dem Bikepass. Der neue 3-Tages-Bikepass - buchbar bei den Aletsch Bahnen.\" \/>\n<meta name=\"robots\" content=\"index, follow, max-snippet:-1, max-image-preview:large, max-video-preview:-1\" \/>\n<link rel=\"canonical\" href=\"https:\/\/ferienchalet-wallis.ch\/en\/bikepark-mit-bikepass\/\" \/>\n<meta property=\"og:locale\" content=\"en_GB\" \/>\n<meta property=\"og:type\" content=\"article\" \/>\n<meta property=\"og:title\" content=\"Bikepark mit Bikepass - Bettmeralp und Riederalp\" \/>\n<meta property=\"og:description\" content=\"MTB-Ferien am Aletschgletscher mit dem Bikepass. Der neue 3-Tages-Bikepass - buchbar bei den Aletsch Bahnen.\" \/>\n<meta property=\"og:url\" content=\"https:\/\/ferienchalet-wallis.ch\/en\/bikepark-mit-bikepass\/\" \/>\n<meta property=\"og:site_name\" content=\"Bettmeralp und Riederalp\" \/>\n<meta property=\"article:published_time\" content=\"2025-09-01T13:39:09+00:00\" \/>\n<meta property=\"article:modified_time\" content=\"2025-09-08T09:51:42+00:00\" \/>\n<meta property=\"og:image\" content=\"https:\/\/ferienchalet-wallis.ch\/wp-content\/uploads\/2025\/09\/MTB-Trail-Bikespass.jpeg\" \/>\n\t<meta property=\"og:image:width\" content=\"2048\" \/>\n\t<meta property=\"og:image:height\" content=\"1365\" \/>\n\t<meta property=\"og:image:type\" content=\"image\/jpeg\" \/>\n<meta name=\"author\" content=\"WalliSaar\" \/>\n<meta name=\"twitter:card\" content=\"summary_large_image\" \/>\n<meta name=\"twitter:label1\" content=\"Written by\" \/>\n\t<meta name=\"twitter:data1\" content=\"WalliSaar\" \/>\n\t<meta name=\"twitter:label2\" content=\"Estimated reading time\" \/>\n\t<meta name=\"twitter:data2\" content=\"3 minutes\" \/>\n<script type=\"application\/ld+json\" class=\"yoast-schema-graph\">{\"@context\":\"https:\\\/\\\/schema.org\",\"@graph\":[{\"@type\":\"Article\",\"@id\":\"https:\\\/\\\/ferienchalet-wallis.ch\\\/bikepark-mit-bikepass\\\/#article\",\"isPartOf\":{\"@id\":\"https:\\\/\\\/ferienchalet-wallis.ch\\\/bikepark-mit-bikepass\\\/\"},\"author\":{\"name\":\"WalliSaar\",\"@id\":\"https:\\\/\\\/ferienchalet-wallis.ch\\\/#\\\/schema\\\/person\\\/18b3f062b0514bc953799175b9bfdd2b\"},\"headline\":\"Bikepark mit Bikepass\",\"datePublished\":\"2025-09-01T13:39:09+00:00\",\"dateModified\":\"2025-09-08T09:51:42+00:00\",\"mainEntityOfPage\":{\"@id\":\"https:\\\/\\\/ferienchalet-wallis.ch\\\/bikepark-mit-bikepass\\\/\"},\"wordCount\":795,\"publisher\":{\"@id\":\"https:\\\/\\\/ferienchalet-wallis.ch\\\/#organization\"},\"image\":{\"@id\":\"https:\\\/\\\/ferienchalet-wallis.ch\\\/bikepark-mit-bikepass\\\/#primaryimage\"},\"thumbnailUrl\":\"https:\\\/\\\/ferienchalet-wallis.ch\\\/wp-content\\\/uploads\\\/2025\\\/09\\\/MTB-Trail-Bikespass.jpeg\",\"articleSection\":[\"Aletsch\",\"Mountainbike MTB\"],\"inLanguage\":\"en-GB\"},{\"@type\":\"WebPage\",\"@id\":\"https:\\\/\\\/ferienchalet-wallis.ch\\\/bikepark-mit-bikepass\\\/\",\"url\":\"https:\\\/\\\/ferienchalet-wallis.ch\\\/bikepark-mit-bikepass\\\/\",\"name\":\"Bikepark mit Bikepass - Bettmeralp und Riederalp\",\"isPartOf\":{\"@id\":\"https:\\\/\\\/ferienchalet-wallis.ch\\\/#website\"},\"primaryImageOfPage\":{\"@id\":\"https:\\\/\\\/ferienchalet-wallis.ch\\\/bikepark-mit-bikepass\\\/#primaryimage\"},\"image\":{\"@id\":\"https:\\\/\\\/ferienchalet-wallis.ch\\\/bikepark-mit-bikepass\\\/#primaryimage\"},\"thumbnailUrl\":\"https:\\\/\\\/ferienchalet-wallis.ch\\\/wp-content\\\/uploads\\\/2025\\\/09\\\/MTB-Trail-Bikespass.jpeg\",\"datePublished\":\"2025-09-01T13:39:09+00:00\",\"dateModified\":\"2025-09-08T09:51:42+00:00\",\"description\":\"MTB-Ferien am Aletschgletscher mit dem Bikepass. Der neue 3-Tages-Bikepass - buchbar bei den Aletsch Bahnen.\",\"breadcrumb\":{\"@id\":\"https:\\\/\\\/ferienchalet-wallis.ch\\\/bikepark-mit-bikepass\\\/#breadcrumb\"},\"inLanguage\":\"en-GB\",\"potentialAction\":[{\"@type\":\"ReadAction\",\"target\":[\"https:\\\/\\\/ferienchalet-wallis.ch\\\/bikepark-mit-bikepass\\\/\"]}]},{\"@type\":\"ImageObject\",\"inLanguage\":\"en-GB\",\"@id\":\"https:\\\/\\\/ferienchalet-wallis.ch\\\/bikepark-mit-bikepass\\\/#primaryimage\",\"url\":\"https:\\\/\\\/ferienchalet-wallis.ch\\\/wp-content\\\/uploads\\\/2025\\\/09\\\/MTB-Trail-Bikespass.jpeg\",\"contentUrl\":\"https:\\\/\\\/ferienchalet-wallis.ch\\\/wp-content\\\/uploads\\\/2025\\\/09\\\/MTB-Trail-Bikespass.jpeg\",\"width\":2048,\"height\":1365,\"caption\":\"Oberwalliser Bikepass\"},{\"@type\":\"BreadcrumbList\",\"@id\":\"https:\\\/\\\/ferienchalet-wallis.ch\\\/bikepark-mit-bikepass\\\/#breadcrumb\",\"itemListElement\":[{\"@type\":\"ListItem\",\"position\":1,\"name\":\"Home\",\"item\":\"https:\\\/\\\/ferienchalet-wallis.ch\\\/\"},{\"@type\":\"ListItem\",\"position\":2,\"name\":\"Bikepark mit Bikepass\"}]},{\"@type\":\"WebSite\",\"@id\":\"https:\\\/\\\/ferienchalet-wallis.ch\\\/#website\",\"url\":\"https:\\\/\\\/ferienchalet-wallis.ch\\\/\",\"name\":\"Bettmeralp und Riederalp\",\"description\":\"Kranzfelder Markus\",\"publisher\":{\"@id\":\"https:\\\/\\\/ferienchalet-wallis.ch\\\/#organization\"},\"potentialAction\":[{\"@type\":\"SearchAction\",\"target\":{\"@type\":\"EntryPoint\",\"urlTemplate\":\"https:\\\/\\\/ferienchalet-wallis.ch\\\/?s={search_term_string}\"},\"query-input\":{\"@type\":\"PropertyValueSpecification\",\"valueRequired\":true,\"valueName\":\"search_term_string\"}}],\"inLanguage\":\"en-GB\"},{\"@type\":\"Organization\",\"@id\":\"https:\\\/\\\/ferienchalet-wallis.ch\\\/#organization\",\"name\":\"Liegenschaftsbetreuung \\\/ Vermietung \u2013 M. Kranzfelder\",\"url\":\"https:\\\/\\\/ferienchalet-wallis.ch\\\/\",\"logo\":{\"@type\":\"ImageObject\",\"inLanguage\":\"en-GB\",\"@id\":\"https:\\\/\\\/ferienchalet-wallis.ch\\\/#\\\/schema\\\/logo\\\/image\\\/\",\"url\":\"https:\\\/\\\/ferienchalet-wallis.ch\\\/wp-content\\\/uploads\\\/2022\\\/01\\\/Logo_Kranzfelder.png\",\"contentUrl\":\"https:\\\/\\\/ferienchalet-wallis.ch\\\/wp-content\\\/uploads\\\/2022\\\/01\\\/Logo_Kranzfelder.png\",\"width\":1526,\"height\":447,\"caption\":\"Liegenschaftsbetreuung \\\/ Vermietung \u2013 M. Kranzfelder\"},\"image\":{\"@id\":\"https:\\\/\\\/ferienchalet-wallis.ch\\\/#\\\/schema\\\/logo\\\/image\\\/\"}},{\"@type\":\"Person\",\"@id\":\"https:\\\/\\\/ferienchalet-wallis.ch\\\/#\\\/schema\\\/person\\\/18b3f062b0514bc953799175b9bfdd2b\",\"name\":\"WalliSaar\",\"image\":{\"@type\":\"ImageObject\",\"inLanguage\":\"en-GB\",\"@id\":\"https:\\\/\\\/secure.gravatar.com\\\/avatar\\\/1be7f9468eac0e02f655be9ab758a01ae5dc72d678841cc4898d463993c78d36?s=96&d=initials&r=g&initials=ru\",\"url\":\"https:\\\/\\\/secure.gravatar.com\\\/avatar\\\/1be7f9468eac0e02f655be9ab758a01ae5dc72d678841cc4898d463993c78d36?s=96&d=initials&r=g&initials=ru\",\"contentUrl\":\"https:\\\/\\\/secure.gravatar.com\\\/avatar\\\/1be7f9468eac0e02f655be9ab758a01ae5dc72d678841cc4898d463993c78d36?s=96&d=initials&r=g&initials=ru\",\"caption\":\"WalliSaar\"},\"description\":\"Mein Name ist Anja Ruch und ich schreibe die Blogbeitr\u00e4ge f\u00fcr das Ehepaar Markus &amp; Tabitha Kranzfelder. Der Name WalliSaar gr\u00fcndet sich auf meinen Wurzeln im Saarland und den neuen im Wallis. My name is Anja Ruch and I write the blog entries for the Markus &amp; Tabitha Kranzfelder couple. The name WalliSaar shows the connection to my old roots in Saarland and the new ones in Valais.\",\"sameAs\":[\"https:\\\/\\\/www.ferienchalet-wallis.ch\\\/blog\"],\"url\":\"https:\\\/\\\/ferienchalet-wallis.ch\\\/en\\\/author\\\/wallisaar\\\/\"}]}<\/script>\n<!-- \/ Yoast SEO plugin. -->","yoast_head_json":{"title":"Bikepark mit Bikepass - Bettmeralp und Riederalp","description":"MTB-Ferien am Aletschgletscher mit dem Bikepass. Der neue 3-Tages-Bikepass - buchbar bei den Aletsch Bahnen.","robots":{"index":"index","follow":"follow","max-snippet":"max-snippet:-1","max-image-preview":"max-image-preview:large","max-video-preview":"max-video-preview:-1"},"canonical":"https:\/\/ferienchalet-wallis.ch\/en\/bikepark-mit-bikepass\/","og_locale":"en_GB","og_type":"article","og_title":"Bikepark mit Bikepass - Bettmeralp und Riederalp","og_description":"MTB-Ferien am Aletschgletscher mit dem Bikepass. Der neue 3-Tages-Bikepass - buchbar bei den Aletsch Bahnen.","og_url":"https:\/\/ferienchalet-wallis.ch\/en\/bikepark-mit-bikepass\/","og_site_name":"Bettmeralp und Riederalp","article_published_time":"2025-09-01T13:39:09+00:00","article_modified_time":"2025-09-08T09:51:42+00:00","og_image":[{"width":2048,"height":1365,"url":"https:\/\/ferienchalet-wallis.ch\/wp-content\/uploads\/2025\/09\/MTB-Trail-Bikespass.jpeg","type":"image\/jpeg"}],"author":"WalliSaar","twitter_card":"summary_large_image","twitter_misc":{"Written by":"WalliSaar","Estimated reading time":"3 minutes"},"schema":{"@context":"https:\/\/schema.org","@graph":[{"@type":"Article","@id":"https:\/\/ferienchalet-wallis.ch\/bikepark-mit-bikepass\/#article","isPartOf":{"@id":"https:\/\/ferienchalet-wallis.ch\/bikepark-mit-bikepass\/"},"author":{"name":"WalliSaar","@id":"https:\/\/ferienchalet-wallis.ch\/#\/schema\/person\/18b3f062b0514bc953799175b9bfdd2b"},"headline":"Bikepark mit Bikepass","datePublished":"2025-09-01T13:39:09+00:00","dateModified":"2025-09-08T09:51:42+00:00","mainEntityOfPage":{"@id":"https:\/\/ferienchalet-wallis.ch\/bikepark-mit-bikepass\/"},"wordCount":795,"publisher":{"@id":"https:\/\/ferienchalet-wallis.ch\/#organization"},"image":{"@id":"https:\/\/ferienchalet-wallis.ch\/bikepark-mit-bikepass\/#primaryimage"},"thumbnailUrl":"https:\/\/ferienchalet-wallis.ch\/wp-content\/uploads\/2025\/09\/MTB-Trail-Bikespass.jpeg","articleSection":["Aletsch","Mountainbike MTB"],"inLanguage":"en-GB"},{"@type":"WebPage","@id":"https:\/\/ferienchalet-wallis.ch\/bikepark-mit-bikepass\/","url":"https:\/\/ferienchalet-wallis.ch\/bikepark-mit-bikepass\/","name":"Bikepark mit Bikepass - Bettmeralp und Riederalp","isPartOf":{"@id":"https:\/\/ferienchalet-wallis.ch\/#website"},"primaryImageOfPage":{"@id":"https:\/\/ferienchalet-wallis.ch\/bikepark-mit-bikepass\/#primaryimage"},"image":{"@id":"https:\/\/ferienchalet-wallis.ch\/bikepark-mit-bikepass\/#primaryimage"},"thumbnailUrl":"https:\/\/ferienchalet-wallis.ch\/wp-content\/uploads\/2025\/09\/MTB-Trail-Bikespass.jpeg","datePublished":"2025-09-01T13:39:09+00:00","dateModified":"2025-09-08T09:51:42+00:00","description":"MTB-Ferien am Aletschgletscher mit dem Bikepass. Der neue 3-Tages-Bikepass - buchbar bei den Aletsch Bahnen.","breadcrumb":{"@id":"https:\/\/ferienchalet-wallis.ch\/bikepark-mit-bikepass\/#breadcrumb"},"inLanguage":"en-GB","potentialAction":[{"@type":"ReadAction","target":["https:\/\/ferienchalet-wallis.ch\/bikepark-mit-bikepass\/"]}]},{"@type":"ImageObject","inLanguage":"en-GB","@id":"https:\/\/ferienchalet-wallis.ch\/bikepark-mit-bikepass\/#primaryimage","url":"https:\/\/ferienchalet-wallis.ch\/wp-content\/uploads\/2025\/09\/MTB-Trail-Bikespass.jpeg","contentUrl":"https:\/\/ferienchalet-wallis.ch\/wp-content\/uploads\/2025\/09\/MTB-Trail-Bikespass.jpeg","width":2048,"height":1365,"caption":"Oberwalliser Bikepass"},{"@type":"BreadcrumbList","@id":"https:\/\/ferienchalet-wallis.ch\/bikepark-mit-bikepass\/#breadcrumb","itemListElement":[{"@type":"ListItem","position":1,"name":"Home","item":"https:\/\/ferienchalet-wallis.ch\/"},{"@type":"ListItem","position":2,"name":"Bikepark mit Bikepass"}]},{"@type":"WebSite","@id":"https:\/\/ferienchalet-wallis.ch\/#website","url":"https:\/\/ferienchalet-wallis.ch\/","name":"Bettmeralp and Riederalp","description":"Kranzfelder Markus","publisher":{"@id":"https:\/\/ferienchalet-wallis.ch\/#organization"},"potentialAction":[{"@type":"SearchAction","target":{"@type":"EntryPoint","urlTemplate":"https:\/\/ferienchalet-wallis.ch\/?s={search_term_string}"},"query-input":{"@type":"PropertyValueSpecification","valueRequired":true,"valueName":"search_term_string"}}],"inLanguage":"en-GB"},{"@type":"Organization","@id":"https:\/\/ferienchalet-wallis.ch\/#organization","name":"Liegenschaftsbetreuung \/ Vermietung \u2013 M. Kranzfelder","url":"https:\/\/ferienchalet-wallis.ch\/","logo":{"@type":"ImageObject","inLanguage":"en-GB","@id":"https:\/\/ferienchalet-wallis.ch\/#\/schema\/logo\/image\/","url":"https:\/\/ferienchalet-wallis.ch\/wp-content\/uploads\/2022\/01\/Logo_Kranzfelder.png","contentUrl":"https:\/\/ferienchalet-wallis.ch\/wp-content\/uploads\/2022\/01\/Logo_Kranzfelder.png","width":1526,"height":447,"caption":"Liegenschaftsbetreuung \/ Vermietung \u2013 M. Kranzfelder"},"image":{"@id":"https:\/\/ferienchalet-wallis.ch\/#\/schema\/logo\/image\/"}},{"@type":"Person","@id":"https:\/\/ferienchalet-wallis.ch\/#\/schema\/person\/18b3f062b0514bc953799175b9bfdd2b","name":"WalliSaar","image":{"@type":"ImageObject","inLanguage":"en-GB","@id":"https:\/\/secure.gravatar.com\/avatar\/1be7f9468eac0e02f655be9ab758a01ae5dc72d678841cc4898d463993c78d36?s=96&d=initials&r=g&initials=ru","url":"https:\/\/secure.gravatar.com\/avatar\/1be7f9468eac0e02f655be9ab758a01ae5dc72d678841cc4898d463993c78d36?s=96&d=initials&r=g&initials=ru","contentUrl":"https:\/\/secure.gravatar.com\/avatar\/1be7f9468eac0e02f655be9ab758a01ae5dc72d678841cc4898d463993c78d36?s=96&d=initials&r=g&initials=ru","caption":"WalliSaar"},"description":"Mein Name ist Anja Ruch und ich schreibe die Blogbeitr\u00e4ge f\u00fcr das Ehepaar Markus &amp; Tabitha Kranzfelder. Der Name WalliSaar gr\u00fcndet sich auf meinen Wurzeln im Saarland und den neuen im Wallis. My name is Anja Ruch and I write the blog entries for the Markus &amp; Tabitha Kranzfelder couple. The name WalliSaar shows the connection to my old roots in Saarland and the new ones in Valais.","sameAs":["https:\/\/www.ferienchalet-wallis.ch\/blog"],"url":"https:\/\/ferienchalet-wallis.ch\/en\/author\/wallisaar\/"}]}},"_links":{"self":[{"href":"https:\/\/ferienchalet-wallis.ch\/en\/wp-json\/wp\/v2\/posts\/2488","targetHints":{"allow":["GET"]}}],"collection":[{"href":"https:\/\/ferienchalet-wallis.ch\/en\/wp-json\/wp\/v2\/posts"}],"about":[{"href":"https:\/\/ferienchalet-wallis.ch\/en\/wp-json\/wp\/v2\/types\/post"}],"author":[{"embeddable":true,"href":"https:\/\/ferienchalet-wallis.ch\/en\/wp-json\/wp\/v2\/users\/3"}],"replies":[{"embeddable":true,"href":"https:\/\/ferienchalet-wallis.ch\/en\/wp-json\/wp\/v2\/comments?post=2488"}],"version-history":[{"count":5,"href":"https:\/\/ferienchalet-wallis.ch\/en\/wp-json\/wp\/v2\/posts\/2488\/revisions"}],"predecessor-version":[{"id":2511,"href":"https:\/\/ferienchalet-wallis.ch\/en\/wp-json\/wp\/v2\/posts\/2488\/revisions\/2511"}],"wp:featuredmedia":[{"embeddable":true,"href":"https:\/\/ferienchalet-wallis.ch\/en\/wp-json\/wp\/v2\/media\/2489"}],"wp:attachment":[{"href":"https:\/\/ferienchalet-wallis.ch\/en\/wp-json\/wp\/v2\/media?parent=2488"}],"wp:term":[{"taxonomy":"category","embeddable":true,"href":"https:\/\/ferienchalet-wallis.ch\/en\/wp-json\/wp\/v2\/categories?post=2488"},{"taxonomy":"post_tag","embeddable":true,"href":"https:\/\/ferienchalet-wallis.ch\/en\/wp-json\/wp\/v2\/tags?post=2488"}],"curies":[{"name":"wp","href":"https:\/\/api.w.org\/{rel}","templated":true}]}}