{"id":2501,"date":"2025-09-08T09:09:40","date_gmt":"2025-09-08T09:09:40","guid":{"rendered":"https:\/\/ferienchalet-wallis.ch\/?p=2501"},"modified":"2025-09-08T09:53:10","modified_gmt":"2025-09-08T09:53:10","slug":"suonenweg-fiescher-wyssa","status":"publish","type":"post","link":"https:\/\/ferienchalet-wallis.ch\/en\/suonenweg-fiescher-wyssa\/","title":{"rendered":"Fiescher Wyssa bisse trail"},"content":{"rendered":"<style type=\"text\/css\" data-created_by=\"avia_inline_auto\" id=\"style-css-av-mfavg4yy-b10e794fbdc708f982602167614e7695\">\n#top .av-special-heading.av-mfavg4yy-b10e794fbdc708f982602167614e7695{\npadding-bottom:10px;\n}\nbody .av-special-heading.av-mfavg4yy-b10e794fbdc708f982602167614e7695 .av-special-heading-tag .heading-char{\nfont-size:25px;\n}\n.av-special-heading.av-mfavg4yy-b10e794fbdc708f982602167614e7695 .av-subheading{\nfont-size:15px;\n}\n<\/style>\n<div  class='av-special-heading av-mfavg4yy-b10e794fbdc708f982602167614e7695 av-special-heading-h2  avia-builder-el-0  el_before_av_image  avia-builder-el-first'><h2 class='av-special-heading-tag'  itemprop=\"headline\"  >A shady bisse path - Fiescher Wyssa<\/h2><div class=\"special-heading-border\"><div class=\"special-heading-inner-border\"><\/div><\/div><\/div>\n\n<style type=\"text\/css\" data-created_by=\"avia_inline_auto\" id=\"style-css-av-mfawedh2-79303bc06304b8e63a74806d32c875d2\">\n.avia-image-container.av-mfawedh2-79303bc06304b8e63a74806d32c875d2 .av-image-caption-overlay-center{\ncolor:#ffffff;\n}\n<\/style>\n<div  class='avia-image-container av-mfawedh2-79303bc06304b8e63a74806d32c875d2 av-styling- avia-align-center  avia-builder-el-1  el_after_av_heading  el_before_av_textblock'  itemprop=\"image\" itemscope=\"itemscope\" itemtype=\"https:\/\/schema.org\/ImageObject\" ><div class=\"avia-image-container-inner\"><div class=\"avia-image-overlay-wrap\"><img decoding=\"async\" class='wp-image-2504 avia-img-lazy-loading-not-2504 avia_image' src=\"https:\/\/ferienchalet-wallis.ch\/wp-content\/uploads\/2025\/09\/Fieschertal_Suonenweg_Wyssa-1500x630.png\" alt='H\u00f6henweg Moosfluh - Riederfurka' title='H\u00f6henweg Moosfluh - Riederfurka'  height=\"630\" width=\"1500\"  itemprop=\"thumbnailUrl\"  \/><\/div><\/div><\/div>\n<section  class='av_textblock_section av-mfawfu2v-956cdc2576c7268a249bf5a7a9d8142b'  itemscope=\"itemscope\" itemtype=\"https:\/\/schema.org\/BlogPosting\" itemprop=\"blogPost\" ><div class='avia_textblock'  itemprop=\"text\" ><p>At the beginning of September, we hiked the Fiescher Wyssa with our family. This irrigation channel trail is located above the Fieschertal valley and is about 5 km long. The sun was shining brightly that day, so we relaxed along the shady forest path heading south.<\/p>\n<h3>Start at the village square of Fieschertal<\/h3>\n<p>The village square of Fieschertal is the starting point. Cross the bridge over the Weisswasser River and soon turn right into the ascent along a rocky, root-filled path, which you'll have completed after a quarter of an hour. From there, it's simply along the bisse towards Fiesch.<\/p>\n<h3>From Fiesch back to Fieschertal<\/h3>\n<p>After about an hour, the bisse path ends after passing under the cable car and reaching the road to Obermatta. From here, you can continue along the bisse path towards Lax or turn right 50 meters above and walk back to Fieschertal along the Lagger Wyssa, which runs parallel to the Fiescher Wyssa.<\/p>\n<p>We chose the third option and walked down the road through the Egga district, following the Ob dem Biel path, to Fiesch. Once in Fiesch, you follow the road toward Fieschertal, then, after the railway crossing, follow the hiking trail again outside Fiesch. This hiking trail, called Kirchweg, runs through meadows to the entrance of Fieschertal. Instead of crossing the bridge, you return to the starting point on the left bank of the river.<\/p>\n<p>I recommend a stop at the village square in the <a href=\"https:\/\/www.hotelalpenblick.ch\/en\" target=\"_blank\" rel=\"noopener\">Hotel Alpenblick<\/a> with a cozy outdoor terrace<\/p>\n<p><em>D&#8216; Septembersunna t\u00f6icht i in B\u00f6im und Str\u00fcch<\/em><\/p>\n<\/div><\/section>\n<div class='flex_column av-92olk5-be1171cf73d0f939fa7d526e2afc906e av_one_half  avia-builder-el-3  el_after_av_textblock  avia-builder-el-last  first flex_column_div column-top-margin'   ><p><div  class='av-post-metadata-container av-7u55sl-d04201347bae9f98e4efd5ce36ba214b av-metadata-container-align-left  avia-builder-el-4  el_before_av_social_share  avia-builder-el-first  av-metadata-container-1'><div class='av-post-metadata-container-inner'><span class=\"av-post-metadata-content av-post-metadata-meta-content\"><span class=\"av-post-metadata-content av-post-metadata-author\"  itemprop=\"author\" ><span class=\"av-metadata-before av-metadata-before-author\">of<\/span><span class=\"av-post-metadata-author-link\" ><a href=\"https:\/\/ferienchalet-wallis.ch\/en\/author\/wallisaar\/\"  rel=\"author\">WalliSaar<\/a><\/span><\/span><span class=\"av-post-metadata-content av-post-metadata-separator\">\/<\/span><span class=\"av-post-metadata-content av-post-metadata-published\"><span class=\"av-post-metadata-published-date\" >September 8, 2025<\/span><\/span><\/span><\/div><\/div><br \/>\n<div  class='av-social-sharing-box av-2tvbj9-178939e9b8b4921ec843f0c4aabfe6da av-social-sharing-box-circle  avia-builder-el-5  el_after_av_post_metadata  avia-builder-el-last  av-social-sharing-box-color-bg av-social-sharing-box-same-width'><div class=\"av-share-box\"><h5 class='av-share-link-description av-no-toc'>Share entry<\/h5><ul class=\"av-share-box-list noLightbox\"><li class='av-share-link av-social-link-whatsapp' ><a target=\"_blank\" aria-label=\"Share on WhatsApp\" href='https:\/\/api.whatsapp.com\/send?text=https:\/\/ferienchalet-wallis.ch\/en\/suonenweg-fiescher-wyssa\/' aria-hidden='false' data-av_icon='\uf232' data-av_iconfont='entypo-fontello' title='' data-avia-related-tooltip='Share on WhatsApp' rel=\"noopener\"><span class='avia_hidden_link_text'>Share on WhatsApp<\/span><\/a><\/li><\/ul><\/div><\/div><\/p><\/div>","protected":false},"excerpt":{"rendered":"","protected":false},"author":3,"featured_media":2504,"comment_status":"closed","ping_status":"closed","sticky":false,"template":"","format":"standard","meta":{"footnotes":""},"categories":[6,12],"tags":[],"class_list":["post-2501","post","type-post","status-publish","format-standard","has-post-thumbnail","hentry","category-aletsch","category-wandern"],"yoast_head":"<!-- This site is optimized with the Yoast SEO plugin v27.4 - https:\/\/yoast.com\/product\/yoast-seo-wordpress\/ -->\n<title>Suonenweg Fiescher Wyssa - Bettmeralp und Riederalp<\/title>\n<meta name=\"description\" content=\"Suonenwege im Oberwallis. Der Suonenweg Fiescher Wyssa im Fieschertal ist familientauglich.\" \/>\n<meta name=\"robots\" content=\"index, follow, max-snippet:-1, max-image-preview:large, max-video-preview:-1\" \/>\n<link rel=\"canonical\" href=\"https:\/\/ferienchalet-wallis.ch\/en\/suonenweg-fiescher-wyssa\/\" \/>\n<meta property=\"og:locale\" content=\"en_GB\" \/>\n<meta property=\"og:type\" content=\"article\" \/>\n<meta property=\"og:title\" content=\"Suonenweg Fiescher Wyssa - Bettmeralp und Riederalp\" \/>\n<meta property=\"og:description\" content=\"Suonenwege im Oberwallis. Der Suonenweg Fiescher Wyssa im Fieschertal ist familientauglich.\" \/>\n<meta property=\"og:url\" content=\"https:\/\/ferienchalet-wallis.ch\/en\/suonenweg-fiescher-wyssa\/\" \/>\n<meta property=\"og:site_name\" content=\"Bettmeralp und Riederalp\" \/>\n<meta property=\"article:published_time\" content=\"2025-09-08T09:09:40+00:00\" \/>\n<meta property=\"article:modified_time\" content=\"2025-09-08T09:53:10+00:00\" \/>\n<meta property=\"og:image\" content=\"https:\/\/ferienchalet-wallis.ch\/wp-content\/uploads\/2025\/09\/Fieschertal_Suonenweg_Wyssa-1030x876.png\" \/>\n\t<meta property=\"og:image:width\" content=\"1030\" \/>\n\t<meta property=\"og:image:height\" content=\"876\" \/>\n\t<meta property=\"og:image:type\" content=\"image\/png\" \/>\n<meta name=\"author\" content=\"WalliSaar\" \/>\n<meta name=\"twitter:card\" content=\"summary_large_image\" \/>\n<meta name=\"twitter:label1\" content=\"Written by\" \/>\n\t<meta name=\"twitter:data1\" content=\"WalliSaar\" \/>\n\t<meta name=\"twitter:label2\" content=\"Estimated reading time\" \/>\n\t<meta name=\"twitter:data2\" content=\"3 minutes\" \/>\n<script type=\"application\/ld+json\" class=\"yoast-schema-graph\">{\"@context\":\"https:\\\/\\\/schema.org\",\"@graph\":[{\"@type\":\"Article\",\"@id\":\"https:\\\/\\\/ferienchalet-wallis.ch\\\/suonenweg-fiescher-wyssa\\\/#article\",\"isPartOf\":{\"@id\":\"https:\\\/\\\/ferienchalet-wallis.ch\\\/suonenweg-fiescher-wyssa\\\/\"},\"author\":{\"name\":\"WalliSaar\",\"@id\":\"https:\\\/\\\/ferienchalet-wallis.ch\\\/#\\\/schema\\\/person\\\/18b3f062b0514bc953799175b9bfdd2b\"},\"headline\":\"Suonenweg Fiescher Wyssa\",\"datePublished\":\"2025-09-08T09:09:40+00:00\",\"dateModified\":\"2025-09-08T09:53:10+00:00\",\"mainEntityOfPage\":{\"@id\":\"https:\\\/\\\/ferienchalet-wallis.ch\\\/suonenweg-fiescher-wyssa\\\/\"},\"wordCount\":808,\"publisher\":{\"@id\":\"https:\\\/\\\/ferienchalet-wallis.ch\\\/#organization\"},\"image\":{\"@id\":\"https:\\\/\\\/ferienchalet-wallis.ch\\\/suonenweg-fiescher-wyssa\\\/#primaryimage\"},\"thumbnailUrl\":\"https:\\\/\\\/ferienchalet-wallis.ch\\\/wp-content\\\/uploads\\\/2025\\\/09\\\/Fieschertal_Suonenweg_Wyssa.png\",\"articleSection\":[\"Aletsch\",\"Wandern\"],\"inLanguage\":\"en-GB\"},{\"@type\":\"WebPage\",\"@id\":\"https:\\\/\\\/ferienchalet-wallis.ch\\\/suonenweg-fiescher-wyssa\\\/\",\"url\":\"https:\\\/\\\/ferienchalet-wallis.ch\\\/suonenweg-fiescher-wyssa\\\/\",\"name\":\"Suonenweg Fiescher Wyssa - Bettmeralp und Riederalp\",\"isPartOf\":{\"@id\":\"https:\\\/\\\/ferienchalet-wallis.ch\\\/#website\"},\"primaryImageOfPage\":{\"@id\":\"https:\\\/\\\/ferienchalet-wallis.ch\\\/suonenweg-fiescher-wyssa\\\/#primaryimage\"},\"image\":{\"@id\":\"https:\\\/\\\/ferienchalet-wallis.ch\\\/suonenweg-fiescher-wyssa\\\/#primaryimage\"},\"thumbnailUrl\":\"https:\\\/\\\/ferienchalet-wallis.ch\\\/wp-content\\\/uploads\\\/2025\\\/09\\\/Fieschertal_Suonenweg_Wyssa.png\",\"datePublished\":\"2025-09-08T09:09:40+00:00\",\"dateModified\":\"2025-09-08T09:53:10+00:00\",\"description\":\"Suonenwege im Oberwallis. Der Suonenweg Fiescher Wyssa im Fieschertal ist familientauglich.\",\"breadcrumb\":{\"@id\":\"https:\\\/\\\/ferienchalet-wallis.ch\\\/suonenweg-fiescher-wyssa\\\/#breadcrumb\"},\"inLanguage\":\"en-GB\",\"potentialAction\":[{\"@type\":\"ReadAction\",\"target\":[\"https:\\\/\\\/ferienchalet-wallis.ch\\\/suonenweg-fiescher-wyssa\\\/\"]}]},{\"@type\":\"ImageObject\",\"inLanguage\":\"en-GB\",\"@id\":\"https:\\\/\\\/ferienchalet-wallis.ch\\\/suonenweg-fiescher-wyssa\\\/#primaryimage\",\"url\":\"https:\\\/\\\/ferienchalet-wallis.ch\\\/wp-content\\\/uploads\\\/2025\\\/09\\\/Fieschertal_Suonenweg_Wyssa.png\",\"contentUrl\":\"https:\\\/\\\/ferienchalet-wallis.ch\\\/wp-content\\\/uploads\\\/2025\\\/09\\\/Fieschertal_Suonenweg_Wyssa.png\",\"width\":1600,\"height\":1360,\"caption\":\"Fieschertal Suonenweg Wyssa\"},{\"@type\":\"BreadcrumbList\",\"@id\":\"https:\\\/\\\/ferienchalet-wallis.ch\\\/suonenweg-fiescher-wyssa\\\/#breadcrumb\",\"itemListElement\":[{\"@type\":\"ListItem\",\"position\":1,\"name\":\"Home\",\"item\":\"https:\\\/\\\/ferienchalet-wallis.ch\\\/\"},{\"@type\":\"ListItem\",\"position\":2,\"name\":\"Suonenweg Fiescher Wyssa\"}]},{\"@type\":\"WebSite\",\"@id\":\"https:\\\/\\\/ferienchalet-wallis.ch\\\/#website\",\"url\":\"https:\\\/\\\/ferienchalet-wallis.ch\\\/\",\"name\":\"Bettmeralp und Riederalp\",\"description\":\"Kranzfelder Markus\",\"publisher\":{\"@id\":\"https:\\\/\\\/ferienchalet-wallis.ch\\\/#organization\"},\"potentialAction\":[{\"@type\":\"SearchAction\",\"target\":{\"@type\":\"EntryPoint\",\"urlTemplate\":\"https:\\\/\\\/ferienchalet-wallis.ch\\\/?s={search_term_string}\"},\"query-input\":{\"@type\":\"PropertyValueSpecification\",\"valueRequired\":true,\"valueName\":\"search_term_string\"}}],\"inLanguage\":\"en-GB\"},{\"@type\":\"Organization\",\"@id\":\"https:\\\/\\\/ferienchalet-wallis.ch\\\/#organization\",\"name\":\"Liegenschaftsbetreuung \\\/ Vermietung \u2013 M. Kranzfelder\",\"url\":\"https:\\\/\\\/ferienchalet-wallis.ch\\\/\",\"logo\":{\"@type\":\"ImageObject\",\"inLanguage\":\"en-GB\",\"@id\":\"https:\\\/\\\/ferienchalet-wallis.ch\\\/#\\\/schema\\\/logo\\\/image\\\/\",\"url\":\"https:\\\/\\\/ferienchalet-wallis.ch\\\/wp-content\\\/uploads\\\/2022\\\/01\\\/Logo_Kranzfelder.png\",\"contentUrl\":\"https:\\\/\\\/ferienchalet-wallis.ch\\\/wp-content\\\/uploads\\\/2022\\\/01\\\/Logo_Kranzfelder.png\",\"width\":1526,\"height\":447,\"caption\":\"Liegenschaftsbetreuung \\\/ Vermietung \u2013 M. Kranzfelder\"},\"image\":{\"@id\":\"https:\\\/\\\/ferienchalet-wallis.ch\\\/#\\\/schema\\\/logo\\\/image\\\/\"}},{\"@type\":\"Person\",\"@id\":\"https:\\\/\\\/ferienchalet-wallis.ch\\\/#\\\/schema\\\/person\\\/18b3f062b0514bc953799175b9bfdd2b\",\"name\":\"WalliSaar\",\"image\":{\"@type\":\"ImageObject\",\"inLanguage\":\"en-GB\",\"@id\":\"https:\\\/\\\/secure.gravatar.com\\\/avatar\\\/1be7f9468eac0e02f655be9ab758a01ae5dc72d678841cc4898d463993c78d36?s=96&d=initials&r=g&initials=ru\",\"url\":\"https:\\\/\\\/secure.gravatar.com\\\/avatar\\\/1be7f9468eac0e02f655be9ab758a01ae5dc72d678841cc4898d463993c78d36?s=96&d=initials&r=g&initials=ru\",\"contentUrl\":\"https:\\\/\\\/secure.gravatar.com\\\/avatar\\\/1be7f9468eac0e02f655be9ab758a01ae5dc72d678841cc4898d463993c78d36?s=96&d=initials&r=g&initials=ru\",\"caption\":\"WalliSaar\"},\"description\":\"Mein Name ist Anja Ruch und ich schreibe die Blogbeitr\u00e4ge f\u00fcr das Ehepaar Markus &amp; Tabitha Kranzfelder. Der Name WalliSaar gr\u00fcndet sich auf meinen Wurzeln im Saarland und den neuen im Wallis. My name is Anja Ruch and I write the blog entries for the Markus &amp; Tabitha Kranzfelder couple. The name WalliSaar shows the connection to my old roots in Saarland and the new ones in Valais.\",\"sameAs\":[\"https:\\\/\\\/www.ferienchalet-wallis.ch\\\/blog\"],\"url\":\"https:\\\/\\\/ferienchalet-wallis.ch\\\/en\\\/author\\\/wallisaar\\\/\"}]}<\/script>\n<!-- \/ Yoast SEO plugin. -->","yoast_head_json":{"title":"Suonenweg Fiescher Wyssa - Bettmeralp und Riederalp","description":"Suonenwege im Oberwallis. Der Suonenweg Fiescher Wyssa im Fieschertal ist familientauglich.","robots":{"index":"index","follow":"follow","max-snippet":"max-snippet:-1","max-image-preview":"max-image-preview:large","max-video-preview":"max-video-preview:-1"},"canonical":"https:\/\/ferienchalet-wallis.ch\/en\/suonenweg-fiescher-wyssa\/","og_locale":"en_GB","og_type":"article","og_title":"Suonenweg Fiescher Wyssa - Bettmeralp und Riederalp","og_description":"Suonenwege im Oberwallis. Der Suonenweg Fiescher Wyssa im Fieschertal ist familientauglich.","og_url":"https:\/\/ferienchalet-wallis.ch\/en\/suonenweg-fiescher-wyssa\/","og_site_name":"Bettmeralp und Riederalp","article_published_time":"2025-09-08T09:09:40+00:00","article_modified_time":"2025-09-08T09:53:10+00:00","og_image":[{"width":1030,"height":876,"url":"https:\/\/ferienchalet-wallis.ch\/wp-content\/uploads\/2025\/09\/Fieschertal_Suonenweg_Wyssa-1030x876.png","type":"image\/png"}],"author":"WalliSaar","twitter_card":"summary_large_image","twitter_misc":{"Written by":"WalliSaar","Estimated reading time":"3 minutes"},"schema":{"@context":"https:\/\/schema.org","@graph":[{"@type":"Article","@id":"https:\/\/ferienchalet-wallis.ch\/suonenweg-fiescher-wyssa\/#article","isPartOf":{"@id":"https:\/\/ferienchalet-wallis.ch\/suonenweg-fiescher-wyssa\/"},"author":{"name":"WalliSaar","@id":"https:\/\/ferienchalet-wallis.ch\/#\/schema\/person\/18b3f062b0514bc953799175b9bfdd2b"},"headline":"Suonenweg Fiescher Wyssa","datePublished":"2025-09-08T09:09:40+00:00","dateModified":"2025-09-08T09:53:10+00:00","mainEntityOfPage":{"@id":"https:\/\/ferienchalet-wallis.ch\/suonenweg-fiescher-wyssa\/"},"wordCount":808,"publisher":{"@id":"https:\/\/ferienchalet-wallis.ch\/#organization"},"image":{"@id":"https:\/\/ferienchalet-wallis.ch\/suonenweg-fiescher-wyssa\/#primaryimage"},"thumbnailUrl":"https:\/\/ferienchalet-wallis.ch\/wp-content\/uploads\/2025\/09\/Fieschertal_Suonenweg_Wyssa.png","articleSection":["Aletsch","Wandern"],"inLanguage":"en-GB"},{"@type":"WebPage","@id":"https:\/\/ferienchalet-wallis.ch\/suonenweg-fiescher-wyssa\/","url":"https:\/\/ferienchalet-wallis.ch\/suonenweg-fiescher-wyssa\/","name":"Suonenweg Fiescher Wyssa - Bettmeralp und Riederalp","isPartOf":{"@id":"https:\/\/ferienchalet-wallis.ch\/#website"},"primaryImageOfPage":{"@id":"https:\/\/ferienchalet-wallis.ch\/suonenweg-fiescher-wyssa\/#primaryimage"},"image":{"@id":"https:\/\/ferienchalet-wallis.ch\/suonenweg-fiescher-wyssa\/#primaryimage"},"thumbnailUrl":"https:\/\/ferienchalet-wallis.ch\/wp-content\/uploads\/2025\/09\/Fieschertal_Suonenweg_Wyssa.png","datePublished":"2025-09-08T09:09:40+00:00","dateModified":"2025-09-08T09:53:10+00:00","description":"Suonenwege im Oberwallis. Der Suonenweg Fiescher Wyssa im Fieschertal ist familientauglich.","breadcrumb":{"@id":"https:\/\/ferienchalet-wallis.ch\/suonenweg-fiescher-wyssa\/#breadcrumb"},"inLanguage":"en-GB","potentialAction":[{"@type":"ReadAction","target":["https:\/\/ferienchalet-wallis.ch\/suonenweg-fiescher-wyssa\/"]}]},{"@type":"ImageObject","inLanguage":"en-GB","@id":"https:\/\/ferienchalet-wallis.ch\/suonenweg-fiescher-wyssa\/#primaryimage","url":"https:\/\/ferienchalet-wallis.ch\/wp-content\/uploads\/2025\/09\/Fieschertal_Suonenweg_Wyssa.png","contentUrl":"https:\/\/ferienchalet-wallis.ch\/wp-content\/uploads\/2025\/09\/Fieschertal_Suonenweg_Wyssa.png","width":1600,"height":1360,"caption":"Fieschertal Suonenweg Wyssa"},{"@type":"BreadcrumbList","@id":"https:\/\/ferienchalet-wallis.ch\/suonenweg-fiescher-wyssa\/#breadcrumb","itemListElement":[{"@type":"ListItem","position":1,"name":"Home","item":"https:\/\/ferienchalet-wallis.ch\/"},{"@type":"ListItem","position":2,"name":"Suonenweg Fiescher Wyssa"}]},{"@type":"WebSite","@id":"https:\/\/ferienchalet-wallis.ch\/#website","url":"https:\/\/ferienchalet-wallis.ch\/","name":"Bettmeralp and Riederalp","description":"Kranzfelder Markus","publisher":{"@id":"https:\/\/ferienchalet-wallis.ch\/#organization"},"potentialAction":[{"@type":"SearchAction","target":{"@type":"EntryPoint","urlTemplate":"https:\/\/ferienchalet-wallis.ch\/?s={search_term_string}"},"query-input":{"@type":"PropertyValueSpecification","valueRequired":true,"valueName":"search_term_string"}}],"inLanguage":"en-GB"},{"@type":"Organization","@id":"https:\/\/ferienchalet-wallis.ch\/#organization","name":"Liegenschaftsbetreuung \/ Vermietung \u2013 M. Kranzfelder","url":"https:\/\/ferienchalet-wallis.ch\/","logo":{"@type":"ImageObject","inLanguage":"en-GB","@id":"https:\/\/ferienchalet-wallis.ch\/#\/schema\/logo\/image\/","url":"https:\/\/ferienchalet-wallis.ch\/wp-content\/uploads\/2022\/01\/Logo_Kranzfelder.png","contentUrl":"https:\/\/ferienchalet-wallis.ch\/wp-content\/uploads\/2022\/01\/Logo_Kranzfelder.png","width":1526,"height":447,"caption":"Liegenschaftsbetreuung \/ Vermietung \u2013 M. Kranzfelder"},"image":{"@id":"https:\/\/ferienchalet-wallis.ch\/#\/schema\/logo\/image\/"}},{"@type":"Person","@id":"https:\/\/ferienchalet-wallis.ch\/#\/schema\/person\/18b3f062b0514bc953799175b9bfdd2b","name":"WalliSaar","image":{"@type":"ImageObject","inLanguage":"en-GB","@id":"https:\/\/secure.gravatar.com\/avatar\/1be7f9468eac0e02f655be9ab758a01ae5dc72d678841cc4898d463993c78d36?s=96&d=initials&r=g&initials=ru","url":"https:\/\/secure.gravatar.com\/avatar\/1be7f9468eac0e02f655be9ab758a01ae5dc72d678841cc4898d463993c78d36?s=96&d=initials&r=g&initials=ru","contentUrl":"https:\/\/secure.gravatar.com\/avatar\/1be7f9468eac0e02f655be9ab758a01ae5dc72d678841cc4898d463993c78d36?s=96&d=initials&r=g&initials=ru","caption":"WalliSaar"},"description":"Mein Name ist Anja Ruch und ich schreibe die Blogbeitr\u00e4ge f\u00fcr das Ehepaar Markus &amp; Tabitha Kranzfelder. Der Name WalliSaar gr\u00fcndet sich auf meinen Wurzeln im Saarland und den neuen im Wallis. My name is Anja Ruch and I write the blog entries for the Markus &amp; Tabitha Kranzfelder couple. The name WalliSaar shows the connection to my old roots in Saarland and the new ones in Valais.","sameAs":["https:\/\/www.ferienchalet-wallis.ch\/blog"],"url":"https:\/\/ferienchalet-wallis.ch\/en\/author\/wallisaar\/"}]}},"_links":{"self":[{"href":"https:\/\/ferienchalet-wallis.ch\/en\/wp-json\/wp\/v2\/posts\/2501","targetHints":{"allow":["GET"]}}],"collection":[{"href":"https:\/\/ferienchalet-wallis.ch\/en\/wp-json\/wp\/v2\/posts"}],"about":[{"href":"https:\/\/ferienchalet-wallis.ch\/en\/wp-json\/wp\/v2\/types\/post"}],"author":[{"embeddable":true,"href":"https:\/\/ferienchalet-wallis.ch\/en\/wp-json\/wp\/v2\/users\/3"}],"replies":[{"embeddable":true,"href":"https:\/\/ferienchalet-wallis.ch\/en\/wp-json\/wp\/v2\/comments?post=2501"}],"version-history":[{"count":3,"href":"https:\/\/ferienchalet-wallis.ch\/en\/wp-json\/wp\/v2\/posts\/2501\/revisions"}],"predecessor-version":[{"id":2555,"href":"https:\/\/ferienchalet-wallis.ch\/en\/wp-json\/wp\/v2\/posts\/2501\/revisions\/2555"}],"wp:featuredmedia":[{"embeddable":true,"href":"https:\/\/ferienchalet-wallis.ch\/en\/wp-json\/wp\/v2\/media\/2504"}],"wp:attachment":[{"href":"https:\/\/ferienchalet-wallis.ch\/en\/wp-json\/wp\/v2\/media?parent=2501"}],"wp:term":[{"taxonomy":"category","embeddable":true,"href":"https:\/\/ferienchalet-wallis.ch\/en\/wp-json\/wp\/v2\/categories?post=2501"},{"taxonomy":"post_tag","embeddable":true,"href":"https:\/\/ferienchalet-wallis.ch\/en\/wp-json\/wp\/v2\/tags?post=2501"}],"curies":[{"name":"wp","href":"https:\/\/api.w.org\/{rel}","templated":true}]}}