{"id":2536,"date":"2025-10-28T14:43:06","date_gmt":"2025-10-28T14:43:06","guid":{"rendered":"https:\/\/ferienchalet-wallis.ch\/?p=2536"},"modified":"2025-10-28T14:49:40","modified_gmt":"2025-10-28T14:49:40","slug":"wanderung-knebelbruecke-auf-der-riederalp","status":"publish","type":"post","link":"https:\/\/ferienchalet-wallis.ch\/en\/wanderung-knebelbruecke-auf-der-riederalp\/","title":{"rendered":"Hike to the Knebelbr\u00fccke on the Riederalp"},"content":{"rendered":"<style type=\"text\/css\" data-created_by=\"avia_inline_auto\" id=\"style-css-av-mgqkoemn-d321c0e68aa4bbde17aced1ebffb66e2\">\n#top .av-special-heading.av-mgqkoemn-d321c0e68aa4bbde17aced1ebffb66e2{\npadding-bottom:10px;\n}\nbody .av-special-heading.av-mgqkoemn-d321c0e68aa4bbde17aced1ebffb66e2 .av-special-heading-tag .heading-char{\nfont-size:25px;\n}\n.av-special-heading.av-mgqkoemn-d321c0e68aa4bbde17aced1ebffb66e2 .av-subheading{\nfont-size:15px;\n}\n<\/style>\n<div  class='av-special-heading av-mgqkoemn-d321c0e68aa4bbde17aced1ebffb66e2 av-special-heading-h2  avia-builder-el-0  el_before_av_image  avia-builder-el-first'><h2 class='av-special-heading-tag'  itemprop=\"headline\"  >The Knebelbr\u00fccke hike is open again<\/h2><div class=\"special-heading-border\"><div class=\"special-heading-inner-border\"><\/div><\/div><\/div>\n\n<style type=\"text\/css\" data-created_by=\"avia_inline_auto\" id=\"style-css-av-mgqksooj-6d8f0b7b78238a81d4e4012ae74a0a47\">\n.avia-image-container.av-mgqksooj-6d8f0b7b78238a81d4e4012ae74a0a47 .av-image-caption-overlay-center{\ncolor:#ffffff;\n}\n<\/style>\n<div  class='avia-image-container av-mgqksooj-6d8f0b7b78238a81d4e4012ae74a0a47 av-styling- avia-align-center  avia-builder-el-1  el_after_av_heading  el_before_av_textblock'  itemprop=\"image\" itemscope=\"itemscope\" itemtype=\"https:\/\/schema.org\/ImageObject\" ><div class=\"avia-image-container-inner\"><div class=\"avia-image-overlay-wrap\"><img decoding=\"async\" class='wp-image-2537 avia-img-lazy-loading-not-2537 avia_image' src=\"https:\/\/ferienchalet-wallis.ch\/wp-content\/uploads\/2025\/10\/Wanderung_Knebelbruecke_Riederalp-1500x630.jpg\" alt='Wanderung_Knebelbr\u00fccke_Riederalp' title='Wanderung_Knebelbr\u00fccke_Riederalp'  height=\"630\" width=\"1500\"  itemprop=\"thumbnailUrl\"  \/><\/div><\/div><\/div>\n<section  class='av_textblock_section av-mgqla61e-6817a0929ce4d08d15d89faff7892e13'  itemscope=\"itemscope\" itemtype=\"https:\/\/schema.org\/BlogPosting\" itemprop=\"blogPost\" ><div class='avia_textblock'  itemprop=\"text\" ><p>The <a href=\"https:\/\/www.outdooractive.com\/de\/route\/wanderung\/spanien\/route-der-schlucht-von-mont-rebei\/102238535\/\" target=\"_blank\" rel=\"noopener\">Congost de Mont-Rebei<\/a> made me brave. Doesn't that ring a bell? It's a spectacular gorge hike in Catalonia with magnificent views. It's of moderate difficulty, so you need to be sure-footed and have a head for heights. As a self-proclaimed Sunday hiker, I mastered this excursion without a second thought. That's why I wanted to try the hike over the Knebelbr\u00fccke (bridge), as it meets the same criteria but is much more challenging, as I discovered along the way. So, you should take sure-footedness seriously and have a head for heights, because some sections really require courage.<\/p>\n<h3>Start from the Riederalp mountain station West<\/h3>\n<p>The Knebelbr\u00fccke hike can be completed as a circular route via Oberried, or you can take the Ried-M\u00f6rel cable car to cut it off by a good hour. Since the entire hike takes over four hours and is quite strenuous, I recommend taking this shortcut. The hike starts at the Riederalp West mountain station and heads towards Riederfurka. Pass the Riederfurka restaurant on your right, and you'll soon reach the signpost for the Knebelbr\u00fccke.<\/p>\n<h3>Hiking route to the Knebelbr\u00fccke through rustic forest<\/h3>\n<p>The hike runs mostly through shady forest with views of the Belalp and the Gibidum reservoir. It's a constant climb and descent over rocks and roots. Other <a href=\"https:\/\/www.outdooractive.com\/de\/route\/wanderung\/aletsch-arena\/rundweg-ums-riederhorn-via-knebelbruecken\/60159249\/\" target=\"_blank\" rel=\"noopener\">route descriptions<\/a> suggest the hike makes a large loop around the Riederhorn. Accordingly, the trail stretches until you reach the actual suspension bridge. About halfway along the route, you'll see a turnoff toward the Belalp suspension bridge, from where the trail becomes considerably more challenging. The narrow trail on the right drops steeply in places. You'll pass at least three challenging sections with rope or chain safety devices. One of them is truly acrobatic for my five foot four.<\/p>\n<h3>From the Knebelbr\u00fccke to Ried-M\u00f6rel<\/h3>\n<p>From this special bridge, enjoy the sweeping view of the Rhone Valley before plunging back into the forest. The path descends steadily, and you can already see the houses of Oberried shimmering through the trees as you reach the turnoff to Riederalp. For a shorter alternative route, you can follow the hiking trail through Oberried towards Ried-M\u00f6rel, where you can take the cable car to Riederalp. However you complete the hike, be prepared to see burned trees from Oberried onwards, caused by the 2023 forest fire.<\/p>\n<p><em>Still isch\u2019s im Wald, sch\u00f6n zum verwiile, ei R\u00fceh und ei Fride<\/em><\/p>\n<\/div><\/section>\n<div class='flex_column av-8t7t2g-990cbf0a8936d5fa9a08fba75fbfdb80 av_one_half  avia-builder-el-3  el_after_av_textblock  avia-builder-el-last  first flex_column_div column-top-margin'   ><p><div  class='av-post-metadata-container av-7e0yh4-4e023d5a940ec6c31854404b4021d75e av-metadata-container-align-left  avia-builder-el-4  el_before_av_social_share  avia-builder-el-first  av-metadata-container-1'><div class='av-post-metadata-container-inner'><span class=\"av-post-metadata-content av-post-metadata-meta-content\"><span class=\"av-post-metadata-content av-post-metadata-author\"  itemprop=\"author\" ><span class=\"av-metadata-before av-metadata-before-author\">of<\/span><span class=\"av-post-metadata-author-link\" ><a href=\"https:\/\/ferienchalet-wallis.ch\/en\/author\/wallisaar\/\"  rel=\"author\">WalliSaar<\/a><\/span><\/span><span class=\"av-post-metadata-content av-post-metadata-separator\">\/<\/span><span class=\"av-post-metadata-content av-post-metadata-published\"><span class=\"av-post-metadata-published-date\" >October 28, 2025<\/span><\/span><\/span><\/div><\/div><br \/>\n<div  class='av-social-sharing-box av-35e9u0-a10560d15d0731e39ccbd94743091b3f av-social-sharing-box-circle  avia-builder-el-5  el_after_av_post_metadata  avia-builder-el-last  av-social-sharing-box-color-bg av-social-sharing-box-same-width'><div class=\"av-share-box\"><h5 class='av-share-link-description av-no-toc'>Share entry<\/h5><ul class=\"av-share-box-list noLightbox\"><li class='av-share-link av-social-link-whatsapp' ><a target=\"_blank\" aria-label=\"Share on WhatsApp\" href='https:\/\/api.whatsapp.com\/send?text=https:\/\/ferienchalet-wallis.ch\/en\/wanderung-knebelbruecke-auf-der-riederalp\/' aria-hidden='false' data-av_icon='\uf232' data-av_iconfont='entypo-fontello' title='' data-avia-related-tooltip='Share on WhatsApp' rel=\"noopener\"><span class='avia_hidden_link_text'>Share on WhatsApp<\/span><\/a><\/li><\/ul><\/div><\/div><\/p><\/div>","protected":false},"excerpt":{"rendered":"","protected":false},"author":3,"featured_media":2537,"comment_status":"closed","ping_status":"closed","sticky":false,"template":"","format":"standard","meta":{"footnotes":""},"categories":[7,12],"tags":[],"class_list":["post-2536","post","type-post","status-publish","format-standard","has-post-thumbnail","hentry","category-riederalp","category-wandern"],"yoast_head":"<!-- This site is optimized with the Yoast SEO plugin v27.5 - https:\/\/yoast.com\/product\/yoast-seo-wordpress\/ -->\n<title>Wanderung Knebelbr\u00fccke auf der Riederalp - Bettmeralp und Riederalp<\/title>\n<meta name=\"description\" content=\"Spannend und herausfordernd! Die Wanderung Knebelbr\u00fccke rund um das Riederhorn auf der Riederalp im Kanton Wallis ist wieder offen.\" \/>\n<meta name=\"robots\" content=\"index, follow, max-snippet:-1, max-image-preview:large, max-video-preview:-1\" \/>\n<link rel=\"canonical\" href=\"https:\/\/ferienchalet-wallis.ch\/en\/wanderung-knebelbruecke-auf-der-riederalp\/\" \/>\n<meta property=\"og:locale\" content=\"en_GB\" \/>\n<meta property=\"og:type\" content=\"article\" \/>\n<meta property=\"og:title\" content=\"Wanderung Knebelbr\u00fccke auf der Riederalp - Bettmeralp und Riederalp\" \/>\n<meta property=\"og:description\" content=\"Spannend und herausfordernd! Die Wanderung Knebelbr\u00fccke rund um das Riederhorn auf der Riederalp im Kanton Wallis ist wieder offen.\" \/>\n<meta property=\"og:url\" content=\"https:\/\/ferienchalet-wallis.ch\/en\/wanderung-knebelbruecke-auf-der-riederalp\/\" \/>\n<meta property=\"og:site_name\" content=\"Bettmeralp und Riederalp\" \/>\n<meta property=\"article:published_time\" content=\"2025-10-28T14:43:06+00:00\" \/>\n<meta property=\"article:modified_time\" content=\"2025-10-28T14:49:40+00:00\" \/>\n<meta property=\"og:image\" content=\"https:\/\/ferienchalet-wallis.ch\/wp-content\/uploads\/2025\/10\/Wanderung_Knebelbruecke_Riederalp.jpg\" \/>\n\t<meta property=\"og:image:width\" content=\"2048\" \/>\n\t<meta property=\"og:image:height\" content=\"1536\" \/>\n\t<meta property=\"og:image:type\" content=\"image\/jpeg\" \/>\n<meta name=\"author\" content=\"WalliSaar\" \/>\n<meta name=\"twitter:card\" content=\"summary_large_image\" \/>\n<meta name=\"twitter:label1\" content=\"Written by\" \/>\n\t<meta name=\"twitter:data1\" content=\"WalliSaar\" \/>\n\t<meta name=\"twitter:label2\" content=\"Estimated reading time\" \/>\n\t<meta name=\"twitter:data2\" content=\"4 minutes\" \/>\n<script type=\"application\/ld+json\" class=\"yoast-schema-graph\">{\"@context\":\"https:\\\/\\\/schema.org\",\"@graph\":[{\"@type\":\"Article\",\"@id\":\"https:\\\/\\\/ferienchalet-wallis.ch\\\/wanderung-knebelbruecke-auf-der-riederalp\\\/#article\",\"isPartOf\":{\"@id\":\"https:\\\/\\\/ferienchalet-wallis.ch\\\/wanderung-knebelbruecke-auf-der-riederalp\\\/\"},\"author\":{\"name\":\"WalliSaar\",\"@id\":\"https:\\\/\\\/ferienchalet-wallis.ch\\\/#\\\/schema\\\/person\\\/18b3f062b0514bc953799175b9bfdd2b\"},\"headline\":\"Wanderung Knebelbr\u00fccke auf der Riederalp\",\"datePublished\":\"2025-10-28T14:43:06+00:00\",\"dateModified\":\"2025-10-28T14:49:40+00:00\",\"mainEntityOfPage\":{\"@id\":\"https:\\\/\\\/ferienchalet-wallis.ch\\\/wanderung-knebelbruecke-auf-der-riederalp\\\/\"},\"wordCount\":957,\"publisher\":{\"@id\":\"https:\\\/\\\/ferienchalet-wallis.ch\\\/#organization\"},\"image\":{\"@id\":\"https:\\\/\\\/ferienchalet-wallis.ch\\\/wanderung-knebelbruecke-auf-der-riederalp\\\/#primaryimage\"},\"thumbnailUrl\":\"https:\\\/\\\/ferienchalet-wallis.ch\\\/wp-content\\\/uploads\\\/2025\\\/10\\\/Wanderung_Knebelbruecke_Riederalp.jpg\",\"articleSection\":[\"Riederalp\",\"Wandern\"],\"inLanguage\":\"en-GB\"},{\"@type\":\"WebPage\",\"@id\":\"https:\\\/\\\/ferienchalet-wallis.ch\\\/wanderung-knebelbruecke-auf-der-riederalp\\\/\",\"url\":\"https:\\\/\\\/ferienchalet-wallis.ch\\\/wanderung-knebelbruecke-auf-der-riederalp\\\/\",\"name\":\"Wanderung Knebelbr\u00fccke auf der Riederalp - Bettmeralp und Riederalp\",\"isPartOf\":{\"@id\":\"https:\\\/\\\/ferienchalet-wallis.ch\\\/#website\"},\"primaryImageOfPage\":{\"@id\":\"https:\\\/\\\/ferienchalet-wallis.ch\\\/wanderung-knebelbruecke-auf-der-riederalp\\\/#primaryimage\"},\"image\":{\"@id\":\"https:\\\/\\\/ferienchalet-wallis.ch\\\/wanderung-knebelbruecke-auf-der-riederalp\\\/#primaryimage\"},\"thumbnailUrl\":\"https:\\\/\\\/ferienchalet-wallis.ch\\\/wp-content\\\/uploads\\\/2025\\\/10\\\/Wanderung_Knebelbruecke_Riederalp.jpg\",\"datePublished\":\"2025-10-28T14:43:06+00:00\",\"dateModified\":\"2025-10-28T14:49:40+00:00\",\"description\":\"Spannend und herausfordernd! Die Wanderung Knebelbr\u00fccke rund um das Riederhorn auf der Riederalp im Kanton Wallis ist wieder offen.\",\"breadcrumb\":{\"@id\":\"https:\\\/\\\/ferienchalet-wallis.ch\\\/wanderung-knebelbruecke-auf-der-riederalp\\\/#breadcrumb\"},\"inLanguage\":\"en-GB\",\"potentialAction\":[{\"@type\":\"ReadAction\",\"target\":[\"https:\\\/\\\/ferienchalet-wallis.ch\\\/wanderung-knebelbruecke-auf-der-riederalp\\\/\"]}]},{\"@type\":\"ImageObject\",\"inLanguage\":\"en-GB\",\"@id\":\"https:\\\/\\\/ferienchalet-wallis.ch\\\/wanderung-knebelbruecke-auf-der-riederalp\\\/#primaryimage\",\"url\":\"https:\\\/\\\/ferienchalet-wallis.ch\\\/wp-content\\\/uploads\\\/2025\\\/10\\\/Wanderung_Knebelbruecke_Riederalp.jpg\",\"contentUrl\":\"https:\\\/\\\/ferienchalet-wallis.ch\\\/wp-content\\\/uploads\\\/2025\\\/10\\\/Wanderung_Knebelbruecke_Riederalp.jpg\",\"width\":2048,\"height\":1536,\"caption\":\"Wanderung_Knebelbr\u00fccke_Riederalp\"},{\"@type\":\"BreadcrumbList\",\"@id\":\"https:\\\/\\\/ferienchalet-wallis.ch\\\/wanderung-knebelbruecke-auf-der-riederalp\\\/#breadcrumb\",\"itemListElement\":[{\"@type\":\"ListItem\",\"position\":1,\"name\":\"Home\",\"item\":\"https:\\\/\\\/ferienchalet-wallis.ch\\\/\"},{\"@type\":\"ListItem\",\"position\":2,\"name\":\"Wanderung Knebelbr\u00fccke auf der Riederalp\"}]},{\"@type\":\"WebSite\",\"@id\":\"https:\\\/\\\/ferienchalet-wallis.ch\\\/#website\",\"url\":\"https:\\\/\\\/ferienchalet-wallis.ch\\\/\",\"name\":\"Bettmeralp und Riederalp\",\"description\":\"Kranzfelder Markus\",\"publisher\":{\"@id\":\"https:\\\/\\\/ferienchalet-wallis.ch\\\/#organization\"},\"potentialAction\":[{\"@type\":\"SearchAction\",\"target\":{\"@type\":\"EntryPoint\",\"urlTemplate\":\"https:\\\/\\\/ferienchalet-wallis.ch\\\/?s={search_term_string}\"},\"query-input\":{\"@type\":\"PropertyValueSpecification\",\"valueRequired\":true,\"valueName\":\"search_term_string\"}}],\"inLanguage\":\"en-GB\"},{\"@type\":\"Organization\",\"@id\":\"https:\\\/\\\/ferienchalet-wallis.ch\\\/#organization\",\"name\":\"Liegenschaftsbetreuung \\\/ Vermietung \u2013 M. Kranzfelder\",\"url\":\"https:\\\/\\\/ferienchalet-wallis.ch\\\/\",\"logo\":{\"@type\":\"ImageObject\",\"inLanguage\":\"en-GB\",\"@id\":\"https:\\\/\\\/ferienchalet-wallis.ch\\\/#\\\/schema\\\/logo\\\/image\\\/\",\"url\":\"https:\\\/\\\/ferienchalet-wallis.ch\\\/wp-content\\\/uploads\\\/2022\\\/01\\\/Logo_Kranzfelder.png\",\"contentUrl\":\"https:\\\/\\\/ferienchalet-wallis.ch\\\/wp-content\\\/uploads\\\/2022\\\/01\\\/Logo_Kranzfelder.png\",\"width\":1526,\"height\":447,\"caption\":\"Liegenschaftsbetreuung \\\/ Vermietung \u2013 M. Kranzfelder\"},\"image\":{\"@id\":\"https:\\\/\\\/ferienchalet-wallis.ch\\\/#\\\/schema\\\/logo\\\/image\\\/\"}},{\"@type\":\"Person\",\"@id\":\"https:\\\/\\\/ferienchalet-wallis.ch\\\/#\\\/schema\\\/person\\\/18b3f062b0514bc953799175b9bfdd2b\",\"name\":\"WalliSaar\",\"image\":{\"@type\":\"ImageObject\",\"inLanguage\":\"en-GB\",\"@id\":\"https:\\\/\\\/secure.gravatar.com\\\/avatar\\\/1be7f9468eac0e02f655be9ab758a01ae5dc72d678841cc4898d463993c78d36?s=96&d=initials&r=g&initials=ru\",\"url\":\"https:\\\/\\\/secure.gravatar.com\\\/avatar\\\/1be7f9468eac0e02f655be9ab758a01ae5dc72d678841cc4898d463993c78d36?s=96&d=initials&r=g&initials=ru\",\"contentUrl\":\"https:\\\/\\\/secure.gravatar.com\\\/avatar\\\/1be7f9468eac0e02f655be9ab758a01ae5dc72d678841cc4898d463993c78d36?s=96&d=initials&r=g&initials=ru\",\"caption\":\"WalliSaar\"},\"description\":\"Mein Name ist Anja Ruch und ich schreibe die Blogbeitr\u00e4ge f\u00fcr das Ehepaar Markus &amp; Tabitha Kranzfelder. Der Name WalliSaar gr\u00fcndet sich auf meinen Wurzeln im Saarland und den neuen im Wallis. My name is Anja Ruch and I write the blog entries for the Markus &amp; Tabitha Kranzfelder couple. The name WalliSaar shows the connection to my old roots in Saarland and the new ones in Valais.\",\"sameAs\":[\"https:\\\/\\\/www.ferienchalet-wallis.ch\\\/blog\"],\"url\":\"https:\\\/\\\/ferienchalet-wallis.ch\\\/en\\\/author\\\/wallisaar\\\/\"}]}<\/script>\n<!-- \/ Yoast SEO plugin. -->","yoast_head_json":{"title":"Wanderung Knebelbr\u00fccke auf der Riederalp - Bettmeralp und Riederalp","description":"Spannend und herausfordernd! Die Wanderung Knebelbr\u00fccke rund um das Riederhorn auf der Riederalp im Kanton Wallis ist wieder offen.","robots":{"index":"index","follow":"follow","max-snippet":"max-snippet:-1","max-image-preview":"max-image-preview:large","max-video-preview":"max-video-preview:-1"},"canonical":"https:\/\/ferienchalet-wallis.ch\/en\/wanderung-knebelbruecke-auf-der-riederalp\/","og_locale":"en_GB","og_type":"article","og_title":"Wanderung Knebelbr\u00fccke auf der Riederalp - Bettmeralp und Riederalp","og_description":"Spannend und herausfordernd! Die Wanderung Knebelbr\u00fccke rund um das Riederhorn auf der Riederalp im Kanton Wallis ist wieder offen.","og_url":"https:\/\/ferienchalet-wallis.ch\/en\/wanderung-knebelbruecke-auf-der-riederalp\/","og_site_name":"Bettmeralp und Riederalp","article_published_time":"2025-10-28T14:43:06+00:00","article_modified_time":"2025-10-28T14:49:40+00:00","og_image":[{"width":2048,"height":1536,"url":"https:\/\/ferienchalet-wallis.ch\/wp-content\/uploads\/2025\/10\/Wanderung_Knebelbruecke_Riederalp.jpg","type":"image\/jpeg"}],"author":"WalliSaar","twitter_card":"summary_large_image","twitter_misc":{"Written by":"WalliSaar","Estimated reading time":"4 minutes"},"schema":{"@context":"https:\/\/schema.org","@graph":[{"@type":"Article","@id":"https:\/\/ferienchalet-wallis.ch\/wanderung-knebelbruecke-auf-der-riederalp\/#article","isPartOf":{"@id":"https:\/\/ferienchalet-wallis.ch\/wanderung-knebelbruecke-auf-der-riederalp\/"},"author":{"name":"WalliSaar","@id":"https:\/\/ferienchalet-wallis.ch\/#\/schema\/person\/18b3f062b0514bc953799175b9bfdd2b"},"headline":"Wanderung Knebelbr\u00fccke auf der Riederalp","datePublished":"2025-10-28T14:43:06+00:00","dateModified":"2025-10-28T14:49:40+00:00","mainEntityOfPage":{"@id":"https:\/\/ferienchalet-wallis.ch\/wanderung-knebelbruecke-auf-der-riederalp\/"},"wordCount":957,"publisher":{"@id":"https:\/\/ferienchalet-wallis.ch\/#organization"},"image":{"@id":"https:\/\/ferienchalet-wallis.ch\/wanderung-knebelbruecke-auf-der-riederalp\/#primaryimage"},"thumbnailUrl":"https:\/\/ferienchalet-wallis.ch\/wp-content\/uploads\/2025\/10\/Wanderung_Knebelbruecke_Riederalp.jpg","articleSection":["Riederalp","Wandern"],"inLanguage":"en-GB"},{"@type":"WebPage","@id":"https:\/\/ferienchalet-wallis.ch\/wanderung-knebelbruecke-auf-der-riederalp\/","url":"https:\/\/ferienchalet-wallis.ch\/wanderung-knebelbruecke-auf-der-riederalp\/","name":"Wanderung Knebelbr\u00fccke auf der Riederalp - Bettmeralp und Riederalp","isPartOf":{"@id":"https:\/\/ferienchalet-wallis.ch\/#website"},"primaryImageOfPage":{"@id":"https:\/\/ferienchalet-wallis.ch\/wanderung-knebelbruecke-auf-der-riederalp\/#primaryimage"},"image":{"@id":"https:\/\/ferienchalet-wallis.ch\/wanderung-knebelbruecke-auf-der-riederalp\/#primaryimage"},"thumbnailUrl":"https:\/\/ferienchalet-wallis.ch\/wp-content\/uploads\/2025\/10\/Wanderung_Knebelbruecke_Riederalp.jpg","datePublished":"2025-10-28T14:43:06+00:00","dateModified":"2025-10-28T14:49:40+00:00","description":"Spannend und herausfordernd! Die Wanderung Knebelbr\u00fccke rund um das Riederhorn auf der Riederalp im Kanton Wallis ist wieder offen.","breadcrumb":{"@id":"https:\/\/ferienchalet-wallis.ch\/wanderung-knebelbruecke-auf-der-riederalp\/#breadcrumb"},"inLanguage":"en-GB","potentialAction":[{"@type":"ReadAction","target":["https:\/\/ferienchalet-wallis.ch\/wanderung-knebelbruecke-auf-der-riederalp\/"]}]},{"@type":"ImageObject","inLanguage":"en-GB","@id":"https:\/\/ferienchalet-wallis.ch\/wanderung-knebelbruecke-auf-der-riederalp\/#primaryimage","url":"https:\/\/ferienchalet-wallis.ch\/wp-content\/uploads\/2025\/10\/Wanderung_Knebelbruecke_Riederalp.jpg","contentUrl":"https:\/\/ferienchalet-wallis.ch\/wp-content\/uploads\/2025\/10\/Wanderung_Knebelbruecke_Riederalp.jpg","width":2048,"height":1536,"caption":"Wanderung_Knebelbr\u00fccke_Riederalp"},{"@type":"BreadcrumbList","@id":"https:\/\/ferienchalet-wallis.ch\/wanderung-knebelbruecke-auf-der-riederalp\/#breadcrumb","itemListElement":[{"@type":"ListItem","position":1,"name":"Home","item":"https:\/\/ferienchalet-wallis.ch\/"},{"@type":"ListItem","position":2,"name":"Wanderung Knebelbr\u00fccke auf der Riederalp"}]},{"@type":"WebSite","@id":"https:\/\/ferienchalet-wallis.ch\/#website","url":"https:\/\/ferienchalet-wallis.ch\/","name":"Bettmeralp and Riederalp","description":"Kranzfelder Markus","publisher":{"@id":"https:\/\/ferienchalet-wallis.ch\/#organization"},"potentialAction":[{"@type":"SearchAction","target":{"@type":"EntryPoint","urlTemplate":"https:\/\/ferienchalet-wallis.ch\/?s={search_term_string}"},"query-input":{"@type":"PropertyValueSpecification","valueRequired":true,"valueName":"search_term_string"}}],"inLanguage":"en-GB"},{"@type":"Organization","@id":"https:\/\/ferienchalet-wallis.ch\/#organization","name":"Liegenschaftsbetreuung \/ Vermietung \u2013 M. Kranzfelder","url":"https:\/\/ferienchalet-wallis.ch\/","logo":{"@type":"ImageObject","inLanguage":"en-GB","@id":"https:\/\/ferienchalet-wallis.ch\/#\/schema\/logo\/image\/","url":"https:\/\/ferienchalet-wallis.ch\/wp-content\/uploads\/2022\/01\/Logo_Kranzfelder.png","contentUrl":"https:\/\/ferienchalet-wallis.ch\/wp-content\/uploads\/2022\/01\/Logo_Kranzfelder.png","width":1526,"height":447,"caption":"Liegenschaftsbetreuung \/ Vermietung \u2013 M. Kranzfelder"},"image":{"@id":"https:\/\/ferienchalet-wallis.ch\/#\/schema\/logo\/image\/"}},{"@type":"Person","@id":"https:\/\/ferienchalet-wallis.ch\/#\/schema\/person\/18b3f062b0514bc953799175b9bfdd2b","name":"WalliSaar","image":{"@type":"ImageObject","inLanguage":"en-GB","@id":"https:\/\/secure.gravatar.com\/avatar\/1be7f9468eac0e02f655be9ab758a01ae5dc72d678841cc4898d463993c78d36?s=96&d=initials&r=g&initials=ru","url":"https:\/\/secure.gravatar.com\/avatar\/1be7f9468eac0e02f655be9ab758a01ae5dc72d678841cc4898d463993c78d36?s=96&d=initials&r=g&initials=ru","contentUrl":"https:\/\/secure.gravatar.com\/avatar\/1be7f9468eac0e02f655be9ab758a01ae5dc72d678841cc4898d463993c78d36?s=96&d=initials&r=g&initials=ru","caption":"WalliSaar"},"description":"Mein Name ist Anja Ruch und ich schreibe die Blogbeitr\u00e4ge f\u00fcr das Ehepaar Markus &amp; Tabitha Kranzfelder. Der Name WalliSaar gr\u00fcndet sich auf meinen Wurzeln im Saarland und den neuen im Wallis. My name is Anja Ruch and I write the blog entries for the Markus &amp; Tabitha Kranzfelder couple. The name WalliSaar shows the connection to my old roots in Saarland and the new ones in Valais.","sameAs":["https:\/\/www.ferienchalet-wallis.ch\/blog"],"url":"https:\/\/ferienchalet-wallis.ch\/en\/author\/wallisaar\/"}]}},"_links":{"self":[{"href":"https:\/\/ferienchalet-wallis.ch\/en\/wp-json\/wp\/v2\/posts\/2536","targetHints":{"allow":["GET"]}}],"collection":[{"href":"https:\/\/ferienchalet-wallis.ch\/en\/wp-json\/wp\/v2\/posts"}],"about":[{"href":"https:\/\/ferienchalet-wallis.ch\/en\/wp-json\/wp\/v2\/types\/post"}],"author":[{"embeddable":true,"href":"https:\/\/ferienchalet-wallis.ch\/en\/wp-json\/wp\/v2\/users\/3"}],"replies":[{"embeddable":true,"href":"https:\/\/ferienchalet-wallis.ch\/en\/wp-json\/wp\/v2\/comments?post=2536"}],"version-history":[{"count":7,"href":"https:\/\/ferienchalet-wallis.ch\/en\/wp-json\/wp\/v2\/posts\/2536\/revisions"}],"predecessor-version":[{"id":2551,"href":"https:\/\/ferienchalet-wallis.ch\/en\/wp-json\/wp\/v2\/posts\/2536\/revisions\/2551"}],"wp:featuredmedia":[{"embeddable":true,"href":"https:\/\/ferienchalet-wallis.ch\/en\/wp-json\/wp\/v2\/media\/2537"}],"wp:attachment":[{"href":"https:\/\/ferienchalet-wallis.ch\/en\/wp-json\/wp\/v2\/media?parent=2536"}],"wp:term":[{"taxonomy":"category","embeddable":true,"href":"https:\/\/ferienchalet-wallis.ch\/en\/wp-json\/wp\/v2\/categories?post=2536"},{"taxonomy":"post_tag","embeddable":true,"href":"https:\/\/ferienchalet-wallis.ch\/en\/wp-json\/wp\/v2\/tags?post=2536"}],"curies":[{"name":"wp","href":"https:\/\/api.w.org\/{rel}","templated":true}]}}