{"id":2681,"date":"2025-11-18T14:06:59","date_gmt":"2025-11-18T14:06:59","guid":{"rendered":"https:\/\/ferienchalet-wallis.ch\/?p=2681"},"modified":"2025-11-24T17:07:11","modified_gmt":"2025-11-24T17:07:11","slug":"skisaison-aletsch-arena-skipass","status":"publish","type":"post","link":"https:\/\/ferienchalet-wallis.ch\/en\/skisaison-aletsch-arena-skipass\/","title":{"rendered":"Aletsch Arena ski season \u2013 Winter ski pass 2025\/26"},"content":{"rendered":"<style type=\"text\/css\" data-created_by=\"avia_inline_auto\" id=\"style-css-av-mi4mvres-4f47c66b947b1461e76f87799e7b317b\">\n#top .av-special-heading.av-mi4mvres-4f47c66b947b1461e76f87799e7b317b{\npadding-bottom:10px;\n}\nbody .av-special-heading.av-mi4mvres-4f47c66b947b1461e76f87799e7b317b .av-special-heading-tag .heading-char{\nfont-size:25px;\n}\n.av-special-heading.av-mi4mvres-4f47c66b947b1461e76f87799e7b317b .av-subheading{\nfont-size:15px;\n}\n<\/style>\n<div  class='av-special-heading av-mi4mvres-4f47c66b947b1461e76f87799e7b317b av-special-heading-h2  avia-builder-el-0  el_before_av_image  avia-builder-el-first'><h2 class='av-special-heading-tag'  itemprop=\"headline\"  >The ski passes of Aletsch Arena<\/h2><div class=\"special-heading-border\"><div class=\"special-heading-inner-border\"><\/div><\/div><\/div>\n\n<style type=\"text\/css\" data-created_by=\"avia_inline_auto\" id=\"style-css-av-mi4muknk-87e69badaf299997354ee20bf438211a\">\n.avia-image-container.av-mi4muknk-87e69badaf299997354ee20bf438211a .av-image-caption-overlay-center{\ncolor:#ffffff;\n}\n<\/style>\n<div  class='avia-image-container av-mi4muknk-87e69badaf299997354ee20bf438211a av-styling- avia-align-center  avia-builder-el-1  el_after_av_heading  el_before_av_textblock'  itemprop=\"image\" itemscope=\"itemscope\" itemtype=\"https:\/\/schema.org\/ImageObject\" ><div class=\"avia-image-container-inner\"><div class=\"avia-image-overlay-wrap\"><img decoding=\"async\" class='wp-image-2682 avia-img-lazy-loading-not-2682 avia_image' src=\"https:\/\/ferienchalet-wallis.ch\/wp-content\/uploads\/2025\/11\/Skipass_Saison_2025-26-1500x630.jpg\" alt='Skipass-Saison Aletsch Arena 2025\/26' title='Skipass-Saison Aletsch Arena 2025\/26'  height=\"630\" width=\"1500\"  itemprop=\"thumbnailUrl\"  \/><\/div><\/div><\/div>\n<section  class='av_textblock_section av-mi4na0kz-c7ef93e57268edde12cd43c151a3a9dd'  itemscope=\"itemscope\" itemtype=\"https:\/\/schema.org\/BlogPosting\" itemprop=\"blogPost\" ><div class='avia_textblock'  itemprop=\"text\" ><p>The ski season starts on December 6, 2025. Of course, this is contingent on snow. The options for different ski pass combinations are constantly expanding. Therefore, as I do every winter, I would like to help you navigate the ski pass maze.<\/p>\n<h3>Ski pass \u2013 dynamic pricing<\/h3>\n<p>Dynamic pricing has been in place in many places for several years now, as booking early saves money. The age categories are: child (under 16), youth prices apply until age 20, and adult prices apply thereafter. If you buy a 4-hour ticket, the time starts from the first turnstile. <strong>Skiing for free<\/strong> is still available every Saturday for children up to 16 years old when booked with a SwissPass. The <strong>selective day ski pass<\/strong> allows you to buy 10-, 7- or 4-day tickets at the Aletsch Bahnen AG sales points and, as the name suggests, to determine your personal ski day.<\/p>\n<h3>Family ski pass and the childcare ticket for parents and babysitters<\/h3>\n<p>Not much has changed with the family ski pass. As before, the third child and every subsequent child up to the age of 16 skis for free. This means your child must be under 16, and the pass must, of course, cover the same period as the parents. Parents with a child under 6 still share a ski pass; one parent skis, the other is a babysitter. Remember to have a photo taken of you as a couple at the Aletsch cable car station BEFORE using your shared ski pass for the first time.<\/p>\n<h3>And then there's the AlpsPass.<\/h3>\n<p>The <a href=\"https:\/\/www.alpspass.ski\/\" target=\"_blank\" rel=\"noopener\">AlpsPass<\/a> is new starting this winter season (2025\/2026) and is valid in the ski resorts of Aletsch Arena, Adelboden-Lenk, Jungfrau Ski Region, and Engelberg-Titlis. Purchasing the AlpsPass grants three free days of skiing in each of the three Grisons resorts of Davos Klosters, Arosa Lenzerheide, and Laax, as well as in the Portes du Soleil and 4 Vall\u00e9es resorts. The AlpsPass aims to ease the burden on family budgets and encourage young skiers. Valid from November 1st to April 30th, 2026, the AlpsPass is already generating considerable interest due to its affordable prices for children and teenagers.<\/p>\n<p>So! New winter \u2013 new experiences. It's been cold since this week and the snow has already fallen. Make the most of it!<\/p>\n<p><em>Wintermaa chasch cho, \u00e4s isch all\u2018s parat<\/em><\/p>\n<\/div><\/section>\n<div class='flex_column av-79dkcp-d961413db42ad085e7f66f07a3611555 av_one_half  avia-builder-el-3  el_after_av_textblock  avia-builder-el-last  first flex_column_div column-top-margin'   ><p><div  class='av-post-metadata-container av-jbcxl-fc928b935ce8182b94f63db8d9d9000d av-metadata-container-align-left  avia-builder-el-4  el_before_av_social_share  avia-builder-el-first  av-metadata-container-1'><div class='av-post-metadata-container-inner'><span class=\"av-post-metadata-content av-post-metadata-meta-content\"><span class=\"av-post-metadata-content av-post-metadata-author\"  itemprop=\"author\" ><span class=\"av-metadata-before av-metadata-before-author\">of<\/span><span class=\"av-post-metadata-author-link\" ><a href=\"https:\/\/ferienchalet-wallis.ch\/en\/author\/wallisaar\/\"  rel=\"author\">WalliSaar<\/a><\/span><\/span><span class=\"av-post-metadata-content av-post-metadata-separator\">\/<\/span><span class=\"av-post-metadata-content av-post-metadata-published\"><span class=\"av-post-metadata-published-date\" >November 18, 2025<\/span><\/span><\/span><\/div><\/div><br \/>\n<div  class='av-social-sharing-box av-mi4mqkpp-5740a84bd6111d656efa21fc0c87979e av-social-sharing-box-circle  avia-builder-el-5  el_after_av_post_metadata  avia-builder-el-last  av-social-sharing-box-color-bg av-social-sharing-box-same-width'><div class=\"av-share-box\"><h5 class='av-share-link-description av-no-toc'>Share entry<\/h5><ul class=\"av-share-box-list noLightbox\"><li class='av-share-link av-social-link-whatsapp' ><a target=\"_blank\" aria-label=\"Share on WhatsApp\" href='https:\/\/api.whatsapp.com\/send?text=https:\/\/ferienchalet-wallis.ch\/en\/skisaison-aletsch-arena-skipass\/' aria-hidden='false' data-av_icon='\uf232' data-av_iconfont='entypo-fontello' title='' data-avia-related-tooltip='Share on WhatsApp' rel=\"noopener\"><span class='avia_hidden_link_text'>Share on WhatsApp<\/span><\/a><\/li><\/ul><\/div><\/div><\/p><\/div>","protected":false},"excerpt":{"rendered":"","protected":false},"author":3,"featured_media":2682,"comment_status":"closed","ping_status":"closed","sticky":false,"template":"","format":"standard","meta":{"footnotes":""},"categories":[28,18],"tags":[],"class_list":["post-2681","post","type-post","status-publish","format-standard","has-post-thumbnail","hentry","category-aletsch-arena","category-wintersport"],"yoast_head":"<!-- This site is optimized with the Yoast SEO plugin v27.5 - https:\/\/yoast.com\/product\/yoast-seo-wordpress\/ -->\n<title>Ski-Saison Aletsch Arena - Skipass Winter 2025\/26 - Bettmeralp und Riederalp<\/title>\n<meta name=\"description\" content=\"Die Skip\u00e4sse der Aletsch Arena 2025\/26 erm\u00f6glichen Ihnen entspannte Winterferien. Profitieren Sie von Ihrem individuellen Skipass.\" \/>\n<meta name=\"robots\" content=\"index, follow, max-snippet:-1, max-image-preview:large, max-video-preview:-1\" \/>\n<link rel=\"canonical\" href=\"https:\/\/ferienchalet-wallis.ch\/en\/skisaison-aletsch-arena-skipass\/\" \/>\n<meta property=\"og:locale\" content=\"en_GB\" \/>\n<meta property=\"og:type\" content=\"article\" \/>\n<meta property=\"og:title\" content=\"Ski-Saison Aletsch Arena - Skipass Winter 2025\/26 - Bettmeralp und Riederalp\" \/>\n<meta property=\"og:description\" content=\"Die Skip\u00e4sse der Aletsch Arena 2025\/26 erm\u00f6glichen Ihnen entspannte Winterferien. Profitieren Sie von Ihrem individuellen Skipass.\" \/>\n<meta property=\"og:url\" content=\"https:\/\/ferienchalet-wallis.ch\/en\/skisaison-aletsch-arena-skipass\/\" \/>\n<meta property=\"og:site_name\" content=\"Bettmeralp und Riederalp\" \/>\n<meta property=\"article:published_time\" content=\"2025-11-18T14:06:59+00:00\" \/>\n<meta property=\"article:modified_time\" content=\"2025-11-24T17:07:11+00:00\" \/>\n<meta property=\"og:image\" content=\"https:\/\/ferienchalet-wallis.ch\/wp-content\/uploads\/2025\/11\/Skipass_Saison_2025-26.jpg\" \/>\n\t<meta property=\"og:image:width\" content=\"2048\" \/>\n\t<meta property=\"og:image:height\" content=\"1367\" \/>\n\t<meta property=\"og:image:type\" content=\"image\/jpeg\" \/>\n<meta name=\"author\" content=\"WalliSaar\" \/>\n<meta name=\"twitter:card\" content=\"summary_large_image\" \/>\n<meta name=\"twitter:label1\" content=\"Written by\" \/>\n\t<meta name=\"twitter:data1\" content=\"WalliSaar\" \/>\n\t<meta name=\"twitter:label2\" content=\"Estimated reading time\" \/>\n\t<meta name=\"twitter:data2\" content=\"4 minutes\" \/>\n<script type=\"application\/ld+json\" class=\"yoast-schema-graph\">{\"@context\":\"https:\\\/\\\/schema.org\",\"@graph\":[{\"@type\":\"Article\",\"@id\":\"https:\\\/\\\/ferienchalet-wallis.ch\\\/skisaison-aletsch-arena-skipass\\\/#article\",\"isPartOf\":{\"@id\":\"https:\\\/\\\/ferienchalet-wallis.ch\\\/skisaison-aletsch-arena-skipass\\\/\"},\"author\":{\"name\":\"WalliSaar\",\"@id\":\"https:\\\/\\\/ferienchalet-wallis.ch\\\/#\\\/schema\\\/person\\\/18b3f062b0514bc953799175b9bfdd2b\"},\"headline\":\"Ski-Saison Aletsch Arena &#8211; Skipass Winter 2025\\\/26\",\"datePublished\":\"2025-11-18T14:06:59+00:00\",\"dateModified\":\"2025-11-24T17:07:11+00:00\",\"mainEntityOfPage\":{\"@id\":\"https:\\\/\\\/ferienchalet-wallis.ch\\\/skisaison-aletsch-arena-skipass\\\/\"},\"wordCount\":931,\"publisher\":{\"@id\":\"https:\\\/\\\/ferienchalet-wallis.ch\\\/#organization\"},\"image\":{\"@id\":\"https:\\\/\\\/ferienchalet-wallis.ch\\\/skisaison-aletsch-arena-skipass\\\/#primaryimage\"},\"thumbnailUrl\":\"https:\\\/\\\/ferienchalet-wallis.ch\\\/wp-content\\\/uploads\\\/2025\\\/11\\\/Skipass_Saison_2025-26.jpg\",\"articleSection\":[\"Aletsch Arena\",\"Wintersport\"],\"inLanguage\":\"en-GB\"},{\"@type\":\"WebPage\",\"@id\":\"https:\\\/\\\/ferienchalet-wallis.ch\\\/skisaison-aletsch-arena-skipass\\\/\",\"url\":\"https:\\\/\\\/ferienchalet-wallis.ch\\\/skisaison-aletsch-arena-skipass\\\/\",\"name\":\"Ski-Saison Aletsch Arena - Skipass Winter 2025\\\/26 - Bettmeralp und Riederalp\",\"isPartOf\":{\"@id\":\"https:\\\/\\\/ferienchalet-wallis.ch\\\/#website\"},\"primaryImageOfPage\":{\"@id\":\"https:\\\/\\\/ferienchalet-wallis.ch\\\/skisaison-aletsch-arena-skipass\\\/#primaryimage\"},\"image\":{\"@id\":\"https:\\\/\\\/ferienchalet-wallis.ch\\\/skisaison-aletsch-arena-skipass\\\/#primaryimage\"},\"thumbnailUrl\":\"https:\\\/\\\/ferienchalet-wallis.ch\\\/wp-content\\\/uploads\\\/2025\\\/11\\\/Skipass_Saison_2025-26.jpg\",\"datePublished\":\"2025-11-18T14:06:59+00:00\",\"dateModified\":\"2025-11-24T17:07:11+00:00\",\"description\":\"Die Skip\u00e4sse der Aletsch Arena 2025\\\/26 erm\u00f6glichen Ihnen entspannte Winterferien. Profitieren Sie von Ihrem individuellen Skipass.\",\"breadcrumb\":{\"@id\":\"https:\\\/\\\/ferienchalet-wallis.ch\\\/skisaison-aletsch-arena-skipass\\\/#breadcrumb\"},\"inLanguage\":\"en-GB\",\"potentialAction\":[{\"@type\":\"ReadAction\",\"target\":[\"https:\\\/\\\/ferienchalet-wallis.ch\\\/skisaison-aletsch-arena-skipass\\\/\"]}]},{\"@type\":\"ImageObject\",\"inLanguage\":\"en-GB\",\"@id\":\"https:\\\/\\\/ferienchalet-wallis.ch\\\/skisaison-aletsch-arena-skipass\\\/#primaryimage\",\"url\":\"https:\\\/\\\/ferienchalet-wallis.ch\\\/wp-content\\\/uploads\\\/2025\\\/11\\\/Skipass_Saison_2025-26.jpg\",\"contentUrl\":\"https:\\\/\\\/ferienchalet-wallis.ch\\\/wp-content\\\/uploads\\\/2025\\\/11\\\/Skipass_Saison_2025-26.jpg\",\"width\":2048,\"height\":1367,\"caption\":\"Skipass_Saison_Aletsch-Arena_2025-26\"},{\"@type\":\"BreadcrumbList\",\"@id\":\"https:\\\/\\\/ferienchalet-wallis.ch\\\/skisaison-aletsch-arena-skipass\\\/#breadcrumb\",\"itemListElement\":[{\"@type\":\"ListItem\",\"position\":1,\"name\":\"Home\",\"item\":\"https:\\\/\\\/ferienchalet-wallis.ch\\\/\"},{\"@type\":\"ListItem\",\"position\":2,\"name\":\"Ski-Saison Aletsch Arena &#8211; Skipass Winter 2025\\\/26\"}]},{\"@type\":\"WebSite\",\"@id\":\"https:\\\/\\\/ferienchalet-wallis.ch\\\/#website\",\"url\":\"https:\\\/\\\/ferienchalet-wallis.ch\\\/\",\"name\":\"Bettmeralp und Riederalp\",\"description\":\"Kranzfelder Markus\",\"publisher\":{\"@id\":\"https:\\\/\\\/ferienchalet-wallis.ch\\\/#organization\"},\"potentialAction\":[{\"@type\":\"SearchAction\",\"target\":{\"@type\":\"EntryPoint\",\"urlTemplate\":\"https:\\\/\\\/ferienchalet-wallis.ch\\\/?s={search_term_string}\"},\"query-input\":{\"@type\":\"PropertyValueSpecification\",\"valueRequired\":true,\"valueName\":\"search_term_string\"}}],\"inLanguage\":\"en-GB\"},{\"@type\":\"Organization\",\"@id\":\"https:\\\/\\\/ferienchalet-wallis.ch\\\/#organization\",\"name\":\"Liegenschaftsbetreuung \\\/ Vermietung \u2013 M. Kranzfelder\",\"url\":\"https:\\\/\\\/ferienchalet-wallis.ch\\\/\",\"logo\":{\"@type\":\"ImageObject\",\"inLanguage\":\"en-GB\",\"@id\":\"https:\\\/\\\/ferienchalet-wallis.ch\\\/#\\\/schema\\\/logo\\\/image\\\/\",\"url\":\"https:\\\/\\\/ferienchalet-wallis.ch\\\/wp-content\\\/uploads\\\/2022\\\/01\\\/Logo_Kranzfelder.png\",\"contentUrl\":\"https:\\\/\\\/ferienchalet-wallis.ch\\\/wp-content\\\/uploads\\\/2022\\\/01\\\/Logo_Kranzfelder.png\",\"width\":1526,\"height\":447,\"caption\":\"Liegenschaftsbetreuung \\\/ Vermietung \u2013 M. Kranzfelder\"},\"image\":{\"@id\":\"https:\\\/\\\/ferienchalet-wallis.ch\\\/#\\\/schema\\\/logo\\\/image\\\/\"}},{\"@type\":\"Person\",\"@id\":\"https:\\\/\\\/ferienchalet-wallis.ch\\\/#\\\/schema\\\/person\\\/18b3f062b0514bc953799175b9bfdd2b\",\"name\":\"WalliSaar\",\"image\":{\"@type\":\"ImageObject\",\"inLanguage\":\"en-GB\",\"@id\":\"https:\\\/\\\/secure.gravatar.com\\\/avatar\\\/1be7f9468eac0e02f655be9ab758a01ae5dc72d678841cc4898d463993c78d36?s=96&d=initials&r=g&initials=ru\",\"url\":\"https:\\\/\\\/secure.gravatar.com\\\/avatar\\\/1be7f9468eac0e02f655be9ab758a01ae5dc72d678841cc4898d463993c78d36?s=96&d=initials&r=g&initials=ru\",\"contentUrl\":\"https:\\\/\\\/secure.gravatar.com\\\/avatar\\\/1be7f9468eac0e02f655be9ab758a01ae5dc72d678841cc4898d463993c78d36?s=96&d=initials&r=g&initials=ru\",\"caption\":\"WalliSaar\"},\"description\":\"Mein Name ist Anja Ruch und ich schreibe die Blogbeitr\u00e4ge f\u00fcr das Ehepaar Markus &amp; Tabitha Kranzfelder. Der Name WalliSaar gr\u00fcndet sich auf meinen Wurzeln im Saarland und den neuen im Wallis. My name is Anja Ruch and I write the blog entries for the Markus &amp; Tabitha Kranzfelder couple. The name WalliSaar shows the connection to my old roots in Saarland and the new ones in Valais.\",\"sameAs\":[\"https:\\\/\\\/www.ferienchalet-wallis.ch\\\/blog\"],\"url\":\"https:\\\/\\\/ferienchalet-wallis.ch\\\/en\\\/author\\\/wallisaar\\\/\"}]}<\/script>\n<!-- \/ Yoast SEO plugin. -->","yoast_head_json":{"title":"Ski-Saison Aletsch Arena - Skipass Winter 2025\/26 - Bettmeralp und Riederalp","description":"Die Skip\u00e4sse der Aletsch Arena 2025\/26 erm\u00f6glichen Ihnen entspannte Winterferien. Profitieren Sie von Ihrem individuellen Skipass.","robots":{"index":"index","follow":"follow","max-snippet":"max-snippet:-1","max-image-preview":"max-image-preview:large","max-video-preview":"max-video-preview:-1"},"canonical":"https:\/\/ferienchalet-wallis.ch\/en\/skisaison-aletsch-arena-skipass\/","og_locale":"en_GB","og_type":"article","og_title":"Ski-Saison Aletsch Arena - Skipass Winter 2025\/26 - Bettmeralp und Riederalp","og_description":"Die Skip\u00e4sse der Aletsch Arena 2025\/26 erm\u00f6glichen Ihnen entspannte Winterferien. Profitieren Sie von Ihrem individuellen Skipass.","og_url":"https:\/\/ferienchalet-wallis.ch\/en\/skisaison-aletsch-arena-skipass\/","og_site_name":"Bettmeralp und Riederalp","article_published_time":"2025-11-18T14:06:59+00:00","article_modified_time":"2025-11-24T17:07:11+00:00","og_image":[{"width":2048,"height":1367,"url":"https:\/\/ferienchalet-wallis.ch\/wp-content\/uploads\/2025\/11\/Skipass_Saison_2025-26.jpg","type":"image\/jpeg"}],"author":"WalliSaar","twitter_card":"summary_large_image","twitter_misc":{"Written by":"WalliSaar","Estimated reading time":"4 minutes"},"schema":{"@context":"https:\/\/schema.org","@graph":[{"@type":"Article","@id":"https:\/\/ferienchalet-wallis.ch\/skisaison-aletsch-arena-skipass\/#article","isPartOf":{"@id":"https:\/\/ferienchalet-wallis.ch\/skisaison-aletsch-arena-skipass\/"},"author":{"name":"WalliSaar","@id":"https:\/\/ferienchalet-wallis.ch\/#\/schema\/person\/18b3f062b0514bc953799175b9bfdd2b"},"headline":"Ski-Saison Aletsch Arena &#8211; Skipass Winter 2025\/26","datePublished":"2025-11-18T14:06:59+00:00","dateModified":"2025-11-24T17:07:11+00:00","mainEntityOfPage":{"@id":"https:\/\/ferienchalet-wallis.ch\/skisaison-aletsch-arena-skipass\/"},"wordCount":931,"publisher":{"@id":"https:\/\/ferienchalet-wallis.ch\/#organization"},"image":{"@id":"https:\/\/ferienchalet-wallis.ch\/skisaison-aletsch-arena-skipass\/#primaryimage"},"thumbnailUrl":"https:\/\/ferienchalet-wallis.ch\/wp-content\/uploads\/2025\/11\/Skipass_Saison_2025-26.jpg","articleSection":["Aletsch Arena","Wintersport"],"inLanguage":"en-GB"},{"@type":"WebPage","@id":"https:\/\/ferienchalet-wallis.ch\/skisaison-aletsch-arena-skipass\/","url":"https:\/\/ferienchalet-wallis.ch\/skisaison-aletsch-arena-skipass\/","name":"Ski-Saison Aletsch Arena - Skipass Winter 2025\/26 - Bettmeralp und Riederalp","isPartOf":{"@id":"https:\/\/ferienchalet-wallis.ch\/#website"},"primaryImageOfPage":{"@id":"https:\/\/ferienchalet-wallis.ch\/skisaison-aletsch-arena-skipass\/#primaryimage"},"image":{"@id":"https:\/\/ferienchalet-wallis.ch\/skisaison-aletsch-arena-skipass\/#primaryimage"},"thumbnailUrl":"https:\/\/ferienchalet-wallis.ch\/wp-content\/uploads\/2025\/11\/Skipass_Saison_2025-26.jpg","datePublished":"2025-11-18T14:06:59+00:00","dateModified":"2025-11-24T17:07:11+00:00","description":"Die Skip\u00e4sse der Aletsch Arena 2025\/26 erm\u00f6glichen Ihnen entspannte Winterferien. Profitieren Sie von Ihrem individuellen Skipass.","breadcrumb":{"@id":"https:\/\/ferienchalet-wallis.ch\/skisaison-aletsch-arena-skipass\/#breadcrumb"},"inLanguage":"en-GB","potentialAction":[{"@type":"ReadAction","target":["https:\/\/ferienchalet-wallis.ch\/skisaison-aletsch-arena-skipass\/"]}]},{"@type":"ImageObject","inLanguage":"en-GB","@id":"https:\/\/ferienchalet-wallis.ch\/skisaison-aletsch-arena-skipass\/#primaryimage","url":"https:\/\/ferienchalet-wallis.ch\/wp-content\/uploads\/2025\/11\/Skipass_Saison_2025-26.jpg","contentUrl":"https:\/\/ferienchalet-wallis.ch\/wp-content\/uploads\/2025\/11\/Skipass_Saison_2025-26.jpg","width":2048,"height":1367,"caption":"Skipass_Saison_Aletsch-Arena_2025-26"},{"@type":"BreadcrumbList","@id":"https:\/\/ferienchalet-wallis.ch\/skisaison-aletsch-arena-skipass\/#breadcrumb","itemListElement":[{"@type":"ListItem","position":1,"name":"Home","item":"https:\/\/ferienchalet-wallis.ch\/"},{"@type":"ListItem","position":2,"name":"Ski-Saison Aletsch Arena &#8211; Skipass Winter 2025\/26"}]},{"@type":"WebSite","@id":"https:\/\/ferienchalet-wallis.ch\/#website","url":"https:\/\/ferienchalet-wallis.ch\/","name":"Bettmeralp and Riederalp","description":"Kranzfelder Markus","publisher":{"@id":"https:\/\/ferienchalet-wallis.ch\/#organization"},"potentialAction":[{"@type":"SearchAction","target":{"@type":"EntryPoint","urlTemplate":"https:\/\/ferienchalet-wallis.ch\/?s={search_term_string}"},"query-input":{"@type":"PropertyValueSpecification","valueRequired":true,"valueName":"search_term_string"}}],"inLanguage":"en-GB"},{"@type":"Organization","@id":"https:\/\/ferienchalet-wallis.ch\/#organization","name":"Liegenschaftsbetreuung \/ Vermietung \u2013 M. Kranzfelder","url":"https:\/\/ferienchalet-wallis.ch\/","logo":{"@type":"ImageObject","inLanguage":"en-GB","@id":"https:\/\/ferienchalet-wallis.ch\/#\/schema\/logo\/image\/","url":"https:\/\/ferienchalet-wallis.ch\/wp-content\/uploads\/2022\/01\/Logo_Kranzfelder.png","contentUrl":"https:\/\/ferienchalet-wallis.ch\/wp-content\/uploads\/2022\/01\/Logo_Kranzfelder.png","width":1526,"height":447,"caption":"Liegenschaftsbetreuung \/ Vermietung \u2013 M. Kranzfelder"},"image":{"@id":"https:\/\/ferienchalet-wallis.ch\/#\/schema\/logo\/image\/"}},{"@type":"Person","@id":"https:\/\/ferienchalet-wallis.ch\/#\/schema\/person\/18b3f062b0514bc953799175b9bfdd2b","name":"WalliSaar","image":{"@type":"ImageObject","inLanguage":"en-GB","@id":"https:\/\/secure.gravatar.com\/avatar\/1be7f9468eac0e02f655be9ab758a01ae5dc72d678841cc4898d463993c78d36?s=96&d=initials&r=g&initials=ru","url":"https:\/\/secure.gravatar.com\/avatar\/1be7f9468eac0e02f655be9ab758a01ae5dc72d678841cc4898d463993c78d36?s=96&d=initials&r=g&initials=ru","contentUrl":"https:\/\/secure.gravatar.com\/avatar\/1be7f9468eac0e02f655be9ab758a01ae5dc72d678841cc4898d463993c78d36?s=96&d=initials&r=g&initials=ru","caption":"WalliSaar"},"description":"Mein Name ist Anja Ruch und ich schreibe die Blogbeitr\u00e4ge f\u00fcr das Ehepaar Markus &amp; Tabitha Kranzfelder. Der Name WalliSaar gr\u00fcndet sich auf meinen Wurzeln im Saarland und den neuen im Wallis. My name is Anja Ruch and I write the blog entries for the Markus &amp; Tabitha Kranzfelder couple. The name WalliSaar shows the connection to my old roots in Saarland and the new ones in Valais.","sameAs":["https:\/\/www.ferienchalet-wallis.ch\/blog"],"url":"https:\/\/ferienchalet-wallis.ch\/en\/author\/wallisaar\/"}]}},"_links":{"self":[{"href":"https:\/\/ferienchalet-wallis.ch\/en\/wp-json\/wp\/v2\/posts\/2681","targetHints":{"allow":["GET"]}}],"collection":[{"href":"https:\/\/ferienchalet-wallis.ch\/en\/wp-json\/wp\/v2\/posts"}],"about":[{"href":"https:\/\/ferienchalet-wallis.ch\/en\/wp-json\/wp\/v2\/types\/post"}],"author":[{"embeddable":true,"href":"https:\/\/ferienchalet-wallis.ch\/en\/wp-json\/wp\/v2\/users\/3"}],"replies":[{"embeddable":true,"href":"https:\/\/ferienchalet-wallis.ch\/en\/wp-json\/wp\/v2\/comments?post=2681"}],"version-history":[{"count":7,"href":"https:\/\/ferienchalet-wallis.ch\/en\/wp-json\/wp\/v2\/posts\/2681\/revisions"}],"predecessor-version":[{"id":2696,"href":"https:\/\/ferienchalet-wallis.ch\/en\/wp-json\/wp\/v2\/posts\/2681\/revisions\/2696"}],"wp:featuredmedia":[{"embeddable":true,"href":"https:\/\/ferienchalet-wallis.ch\/en\/wp-json\/wp\/v2\/media\/2682"}],"wp:attachment":[{"href":"https:\/\/ferienchalet-wallis.ch\/en\/wp-json\/wp\/v2\/media?parent=2681"}],"wp:term":[{"taxonomy":"category","embeddable":true,"href":"https:\/\/ferienchalet-wallis.ch\/en\/wp-json\/wp\/v2\/categories?post=2681"},{"taxonomy":"post_tag","embeddable":true,"href":"https:\/\/ferienchalet-wallis.ch\/en\/wp-json\/wp\/v2\/tags?post=2681"}],"curies":[{"name":"wp","href":"https:\/\/api.w.org\/{rel}","templated":true}]}}