{"id":2734,"date":"2025-12-01T14:11:31","date_gmt":"2025-12-01T14:11:31","guid":{"rendered":"https:\/\/ferienchalet-wallis.ch\/?p=2734"},"modified":"2025-12-01T14:31:41","modified_gmt":"2025-12-01T14:31:41","slug":"6-aletsch-wintertraeff-vom-12-bis-14-dezember-2025","status":"publish","type":"post","link":"https:\/\/ferienchalet-wallis.ch\/en\/6-aletsch-wintertraeff-vom-12-bis-14-dezember-2025\/","title":{"rendered":"6th Aletsch Winter Party from December 12th to 14th, 2025"},"content":{"rendered":"<style type=\"text\/css\" data-created_by=\"avia_inline_auto\" id=\"style-css-av-min76css-a30cd21ebb747ffcbc9c78b285bfda87\">\n#top .av-special-heading.av-min76css-a30cd21ebb747ffcbc9c78b285bfda87{\npadding-bottom:10px;\n}\nbody .av-special-heading.av-min76css-a30cd21ebb747ffcbc9c78b285bfda87 .av-special-heading-tag .heading-char{\nfont-size:25px;\n}\n.av-special-heading.av-min76css-a30cd21ebb747ffcbc9c78b285bfda87 .av-subheading{\nfont-size:15px;\n}\n<\/style>\n<div  class='av-special-heading av-min76css-a30cd21ebb747ffcbc9c78b285bfda87 av-special-heading-h2  avia-builder-el-0  el_before_av_image  avia-builder-el-first'><h2 class='av-special-heading-tag'  itemprop=\"headline\"  >The winter season in the Aletsch Arena starts with an event<\/h2><div class=\"special-heading-border\"><div class=\"special-heading-inner-border\"><\/div><\/div><\/div>\n\n<style type=\"text\/css\" data-created_by=\"avia_inline_auto\" id=\"style-css-av-min7bmai-3a9086ac09b5920e28d86a2c3aff745a\">\n.avia-image-container.av-min7bmai-3a9086ac09b5920e28d86a2c3aff745a .av-image-caption-overlay-center{\ncolor:#ffffff;\n}\n<\/style>\n<div  class='avia-image-container av-min7bmai-3a9086ac09b5920e28d86a2c3aff745a av-styling- avia-align-center  avia-builder-el-1  el_after_av_heading  el_before_av_textblock'  itemprop=\"image\" itemscope=\"itemscope\" itemtype=\"https:\/\/schema.org\/ImageObject\" ><div class=\"avia-image-container-inner\"><div class=\"avia-image-overlay-wrap\"><img decoding=\"async\" class='wp-image-2735 avia-img-lazy-loading-not-2735 avia_image' src=\"https:\/\/ferienchalet-wallis.ch\/wp-content\/uploads\/2025\/12\/Aletsch_Wintertraeff_Nr6-1500x630.jpg\" alt='Aletsch Wintertr\u00e4ff' title='Aletsch Wintertr\u00e4ff'  height=\"630\" width=\"1500\"  itemprop=\"thumbnailUrl\"  \/><\/div><\/div><\/div>\n<section  class='av_textblock_section av-min7mm61-0425a2eff5e8366567797032b35588a0'  itemscope=\"itemscope\" itemtype=\"https:\/\/schema.org\/BlogPosting\" itemprop=\"blogPost\" ><div class='avia_textblock'  itemprop=\"text\" ><p>The 2025\/26 winter season in the Aletsch Arena starts on schedule on December 6, 2025. And there's already so much snow that you can get a first taste of this winter. If you'd like to combine that with good food and live music, you should consider the weekend of December 12-14, 2025. What might such a weekend look like?<\/p>\n<h3>Moments from the Aletsch Winter Party<\/h3>\n<p>The annual event, now in its sixth year, begins on Friday evening. Why not plan a wonderful day of skiing, followed by an evening of storytelling with a four-course meal at the Hotel Restaurant Panorama at 6 pm, and perhaps a nightcap afterwards in one of the bars or caf\u00e9s with live music?<\/p>\n<h3>Ski testing on the Fiescheralp and Riederalp<\/h3>\n<p>After a restful night, head to Fiescheralp or Riederalp on Saturday for ski testing starting at 9 a.m. You can also try out a ski instructor on Bettmeralp from 10 a.m. to noon. During the lunch break, a Cordon Bleu Festival with musical entertainment takes place at the Riederhof Restaurant starting at noon. End your eventful day of skiing with an aperitif and folk music at the Matterhorn Restaurant on Riederalp, and perhaps afterwards visit the mountain Christmas market on Bettmeralp. From 6 p.m. onwards, the hotel Waldhaus offers <a href=\"https:\/\/www.waldhaus-bettmeralp.ch\/wine-dine\/\" target=\"_blank\" rel=\"noopener\">Wine &amp; Dine<\/a> with stories from the Rhodan vineyards.<\/p>\n<p>This is just a small selection of the entertainment options available. Concerts, receptions, and apr\u00e8s-ski parties also take place in the valley. Book as soon as possible. You can download the flyer with all the program details <a href=\"https:\/\/www.aletscharena.ch\/en\/here-now\/calendar\/events\/aletsch-winter-party\" target=\"_blank\" rel=\"noopener\">here<\/a>.<\/p>\n<p><em>Hier isch en wunderbari Stimmig, so richtig zum gniesse<\/em><\/p>\n<\/div><\/section>\n<div class='flex_column av-9epcfy-fa12b3a722584120d7b9e16bfa4cd4d7 av_one_half  avia-builder-el-3  el_after_av_textblock  avia-builder-el-last  first flex_column_div column-top-margin'   ><p><div  class='av-post-metadata-container av-7jr5gu-3e4efa2f134b5d270248d6d2b4d57987 av-metadata-container-align-left  avia-builder-el-4  el_before_av_social_share  avia-builder-el-first  av-metadata-container-1'><div class='av-post-metadata-container-inner'><span class=\"av-post-metadata-content av-post-metadata-meta-content\"><span class=\"av-post-metadata-content av-post-metadata-author\"  itemprop=\"author\" ><span class=\"av-metadata-before av-metadata-before-author\">of<\/span><span class=\"av-post-metadata-author-link\" ><a href=\"https:\/\/ferienchalet-wallis.ch\/en\/author\/wallisaar\/\"  rel=\"author\">WalliSaar<\/a><\/span><\/span><span class=\"av-post-metadata-content av-post-metadata-separator\">\/<\/span><span class=\"av-post-metadata-content av-post-metadata-published\"><span class=\"av-post-metadata-published-date\" >December 1, 2025<\/span><\/span><\/span><\/div><\/div><br \/>\n<div  class='av-social-sharing-box av-1ul6em-23760004acec9e5ee3ea9786d6697cb4 av-social-sharing-box-circle  avia-builder-el-5  el_after_av_post_metadata  avia-builder-el-last  av-social-sharing-box-color-bg av-social-sharing-box-same-width'><div class=\"av-share-box\"><h5 class='av-share-link-description av-no-toc'>Share entry<\/h5><ul class=\"av-share-box-list noLightbox\"><li class='av-share-link av-social-link-facebook' ><a target=\"_blank\" aria-label=\"Share on Facebook\" href='https:\/\/www.facebook.com\/sharer.php?u=https:\/\/ferienchalet-wallis.ch\/en\/6-aletsch-wintertraeff-vom-12-bis-14-dezember-2025\/&#038;t=6.%20Aletsch-Wintertr%C3%A4ff%20vom%2012.%20Bis%2014.%20Dezember%202025' aria-hidden='false' data-av_icon='\ue8f3' data-av_iconfont='entypo-fontello' title='' data-avia-related-tooltip='Share on Facebook' rel=\"noopener\"><span class='avia_hidden_link_text'>Share on Facebook<\/span><\/a><\/li><li class='av-share-link av-social-link-whatsapp' ><a target=\"_blank\" aria-label=\"Share on WhatsApp\" href='https:\/\/api.whatsapp.com\/send?text=https:\/\/ferienchalet-wallis.ch\/en\/6-aletsch-wintertraeff-vom-12-bis-14-dezember-2025\/' aria-hidden='false' data-av_icon='\uf232' data-av_iconfont='entypo-fontello' title='' data-avia-related-tooltip='Share on WhatsApp' rel=\"noopener\"><span class='avia_hidden_link_text'>Share on WhatsApp<\/span><\/a><\/li><\/ul><\/div><\/div><\/p><\/div>","protected":false},"excerpt":{"rendered":"","protected":false},"author":3,"featured_media":2735,"comment_status":"closed","ping_status":"closed","sticky":false,"template":"","format":"standard","meta":{"footnotes":""},"categories":[28,20,18],"tags":[],"class_list":["post-2734","post","type-post","status-publish","format-standard","has-post-thumbnail","hentry","category-aletsch-arena","category-veranstaltungen","category-wintersport"],"yoast_head":"<!-- This site is optimized with the Yoast SEO plugin v27.4 - https:\/\/yoast.com\/product\/yoast-seo-wordpress\/ -->\n<title>6. Aletsch-Wintertr\u00e4ff vom 12. Bis 14. Dezember 2025 - Bettmeralp und Riederalp<\/title>\n<meta name=\"description\" content=\"Der 6. Aletsch-Wintertr\u00e4ff in der Aletsch Arena bringt gutes Essen und gute Unterhaltung vom 12. bis 14. Dezember 2025. Jetzt buchen!\" \/>\n<meta name=\"robots\" content=\"index, follow, max-snippet:-1, max-image-preview:large, max-video-preview:-1\" \/>\n<link rel=\"canonical\" href=\"https:\/\/ferienchalet-wallis.ch\/en\/6-aletsch-wintertraeff-vom-12-bis-14-dezember-2025\/\" \/>\n<meta property=\"og:locale\" content=\"en_GB\" \/>\n<meta property=\"og:type\" content=\"article\" \/>\n<meta property=\"og:title\" content=\"6. Aletsch-Wintertr\u00e4ff vom 12. Bis 14. Dezember 2025 - Bettmeralp und Riederalp\" \/>\n<meta property=\"og:description\" content=\"Der 6. Aletsch-Wintertr\u00e4ff in der Aletsch Arena bringt gutes Essen und gute Unterhaltung vom 12. bis 14. Dezember 2025. Jetzt buchen!\" \/>\n<meta property=\"og:url\" content=\"https:\/\/ferienchalet-wallis.ch\/en\/6-aletsch-wintertraeff-vom-12-bis-14-dezember-2025\/\" \/>\n<meta property=\"og:site_name\" content=\"Bettmeralp und Riederalp\" \/>\n<meta property=\"article:published_time\" content=\"2025-12-01T14:11:31+00:00\" \/>\n<meta property=\"article:modified_time\" content=\"2025-12-01T14:31:41+00:00\" \/>\n<meta property=\"og:image\" content=\"https:\/\/ferienchalet-wallis.ch\/wp-content\/uploads\/2025\/12\/Aletsch_Wintertraeff_Nr6.jpg\" \/>\n\t<meta property=\"og:image:width\" content=\"2048\" \/>\n\t<meta property=\"og:image:height\" content=\"1365\" \/>\n\t<meta property=\"og:image:type\" content=\"image\/jpeg\" \/>\n<meta name=\"author\" content=\"WalliSaar\" \/>\n<meta name=\"twitter:card\" content=\"summary_large_image\" \/>\n<meta name=\"twitter:label1\" content=\"Written by\" \/>\n\t<meta name=\"twitter:data1\" content=\"WalliSaar\" \/>\n\t<meta name=\"twitter:label2\" content=\"Estimated reading time\" \/>\n\t<meta name=\"twitter:data2\" content=\"3 minutes\" \/>\n<script type=\"application\/ld+json\" class=\"yoast-schema-graph\">{\"@context\":\"https:\\\/\\\/schema.org\",\"@graph\":[{\"@type\":\"Article\",\"@id\":\"https:\\\/\\\/ferienchalet-wallis.ch\\\/6-aletsch-wintertraeff-vom-12-bis-14-dezember-2025\\\/#article\",\"isPartOf\":{\"@id\":\"https:\\\/\\\/ferienchalet-wallis.ch\\\/6-aletsch-wintertraeff-vom-12-bis-14-dezember-2025\\\/\"},\"author\":{\"name\":\"WalliSaar\",\"@id\":\"https:\\\/\\\/ferienchalet-wallis.ch\\\/#\\\/schema\\\/person\\\/18b3f062b0514bc953799175b9bfdd2b\"},\"headline\":\"6. Aletsch-Wintertr\u00e4ff vom 12. Bis 14. Dezember 2025\",\"datePublished\":\"2025-12-01T14:11:31+00:00\",\"dateModified\":\"2025-12-01T14:31:41+00:00\",\"mainEntityOfPage\":{\"@id\":\"https:\\\/\\\/ferienchalet-wallis.ch\\\/6-aletsch-wintertraeff-vom-12-bis-14-dezember-2025\\\/\"},\"wordCount\":820,\"publisher\":{\"@id\":\"https:\\\/\\\/ferienchalet-wallis.ch\\\/#organization\"},\"image\":{\"@id\":\"https:\\\/\\\/ferienchalet-wallis.ch\\\/6-aletsch-wintertraeff-vom-12-bis-14-dezember-2025\\\/#primaryimage\"},\"thumbnailUrl\":\"https:\\\/\\\/ferienchalet-wallis.ch\\\/wp-content\\\/uploads\\\/2025\\\/12\\\/Aletsch_Wintertraeff_Nr6.jpg\",\"articleSection\":[\"Aletsch Arena\",\"Veranstaltungen\",\"Wintersport\"],\"inLanguage\":\"en-GB\"},{\"@type\":\"WebPage\",\"@id\":\"https:\\\/\\\/ferienchalet-wallis.ch\\\/6-aletsch-wintertraeff-vom-12-bis-14-dezember-2025\\\/\",\"url\":\"https:\\\/\\\/ferienchalet-wallis.ch\\\/6-aletsch-wintertraeff-vom-12-bis-14-dezember-2025\\\/\",\"name\":\"6. Aletsch-Wintertr\u00e4ff vom 12. Bis 14. Dezember 2025 - Bettmeralp und Riederalp\",\"isPartOf\":{\"@id\":\"https:\\\/\\\/ferienchalet-wallis.ch\\\/#website\"},\"primaryImageOfPage\":{\"@id\":\"https:\\\/\\\/ferienchalet-wallis.ch\\\/6-aletsch-wintertraeff-vom-12-bis-14-dezember-2025\\\/#primaryimage\"},\"image\":{\"@id\":\"https:\\\/\\\/ferienchalet-wallis.ch\\\/6-aletsch-wintertraeff-vom-12-bis-14-dezember-2025\\\/#primaryimage\"},\"thumbnailUrl\":\"https:\\\/\\\/ferienchalet-wallis.ch\\\/wp-content\\\/uploads\\\/2025\\\/12\\\/Aletsch_Wintertraeff_Nr6.jpg\",\"datePublished\":\"2025-12-01T14:11:31+00:00\",\"dateModified\":\"2025-12-01T14:31:41+00:00\",\"description\":\"Der 6. Aletsch-Wintertr\u00e4ff in der Aletsch Arena bringt gutes Essen und gute Unterhaltung vom 12. bis 14. Dezember 2025. Jetzt buchen!\",\"breadcrumb\":{\"@id\":\"https:\\\/\\\/ferienchalet-wallis.ch\\\/6-aletsch-wintertraeff-vom-12-bis-14-dezember-2025\\\/#breadcrumb\"},\"inLanguage\":\"en-GB\",\"potentialAction\":[{\"@type\":\"ReadAction\",\"target\":[\"https:\\\/\\\/ferienchalet-wallis.ch\\\/6-aletsch-wintertraeff-vom-12-bis-14-dezember-2025\\\/\"]}]},{\"@type\":\"ImageObject\",\"inLanguage\":\"en-GB\",\"@id\":\"https:\\\/\\\/ferienchalet-wallis.ch\\\/6-aletsch-wintertraeff-vom-12-bis-14-dezember-2025\\\/#primaryimage\",\"url\":\"https:\\\/\\\/ferienchalet-wallis.ch\\\/wp-content\\\/uploads\\\/2025\\\/12\\\/Aletsch_Wintertraeff_Nr6.jpg\",\"contentUrl\":\"https:\\\/\\\/ferienchalet-wallis.ch\\\/wp-content\\\/uploads\\\/2025\\\/12\\\/Aletsch_Wintertraeff_Nr6.jpg\",\"width\":2048,\"height\":1365,\"caption\":\"6. Aletsch Wintertr\u00e4ff 2025\"},{\"@type\":\"BreadcrumbList\",\"@id\":\"https:\\\/\\\/ferienchalet-wallis.ch\\\/6-aletsch-wintertraeff-vom-12-bis-14-dezember-2025\\\/#breadcrumb\",\"itemListElement\":[{\"@type\":\"ListItem\",\"position\":1,\"name\":\"Home\",\"item\":\"https:\\\/\\\/ferienchalet-wallis.ch\\\/\"},{\"@type\":\"ListItem\",\"position\":2,\"name\":\"6. Aletsch-Wintertr\u00e4ff vom 12. Bis 14. Dezember 2025\"}]},{\"@type\":\"WebSite\",\"@id\":\"https:\\\/\\\/ferienchalet-wallis.ch\\\/#website\",\"url\":\"https:\\\/\\\/ferienchalet-wallis.ch\\\/\",\"name\":\"Bettmeralp und Riederalp\",\"description\":\"Kranzfelder Markus\",\"publisher\":{\"@id\":\"https:\\\/\\\/ferienchalet-wallis.ch\\\/#organization\"},\"potentialAction\":[{\"@type\":\"SearchAction\",\"target\":{\"@type\":\"EntryPoint\",\"urlTemplate\":\"https:\\\/\\\/ferienchalet-wallis.ch\\\/?s={search_term_string}\"},\"query-input\":{\"@type\":\"PropertyValueSpecification\",\"valueRequired\":true,\"valueName\":\"search_term_string\"}}],\"inLanguage\":\"en-GB\"},{\"@type\":\"Organization\",\"@id\":\"https:\\\/\\\/ferienchalet-wallis.ch\\\/#organization\",\"name\":\"Liegenschaftsbetreuung \\\/ Vermietung \u2013 M. Kranzfelder\",\"url\":\"https:\\\/\\\/ferienchalet-wallis.ch\\\/\",\"logo\":{\"@type\":\"ImageObject\",\"inLanguage\":\"en-GB\",\"@id\":\"https:\\\/\\\/ferienchalet-wallis.ch\\\/#\\\/schema\\\/logo\\\/image\\\/\",\"url\":\"https:\\\/\\\/ferienchalet-wallis.ch\\\/wp-content\\\/uploads\\\/2022\\\/01\\\/Logo_Kranzfelder.png\",\"contentUrl\":\"https:\\\/\\\/ferienchalet-wallis.ch\\\/wp-content\\\/uploads\\\/2022\\\/01\\\/Logo_Kranzfelder.png\",\"width\":1526,\"height\":447,\"caption\":\"Liegenschaftsbetreuung \\\/ Vermietung \u2013 M. Kranzfelder\"},\"image\":{\"@id\":\"https:\\\/\\\/ferienchalet-wallis.ch\\\/#\\\/schema\\\/logo\\\/image\\\/\"}},{\"@type\":\"Person\",\"@id\":\"https:\\\/\\\/ferienchalet-wallis.ch\\\/#\\\/schema\\\/person\\\/18b3f062b0514bc953799175b9bfdd2b\",\"name\":\"WalliSaar\",\"image\":{\"@type\":\"ImageObject\",\"inLanguage\":\"en-GB\",\"@id\":\"https:\\\/\\\/secure.gravatar.com\\\/avatar\\\/1be7f9468eac0e02f655be9ab758a01ae5dc72d678841cc4898d463993c78d36?s=96&d=initials&r=g&initials=ru\",\"url\":\"https:\\\/\\\/secure.gravatar.com\\\/avatar\\\/1be7f9468eac0e02f655be9ab758a01ae5dc72d678841cc4898d463993c78d36?s=96&d=initials&r=g&initials=ru\",\"contentUrl\":\"https:\\\/\\\/secure.gravatar.com\\\/avatar\\\/1be7f9468eac0e02f655be9ab758a01ae5dc72d678841cc4898d463993c78d36?s=96&d=initials&r=g&initials=ru\",\"caption\":\"WalliSaar\"},\"description\":\"Mein Name ist Anja Ruch und ich schreibe die Blogbeitr\u00e4ge f\u00fcr das Ehepaar Markus &amp; Tabitha Kranzfelder. Der Name WalliSaar gr\u00fcndet sich auf meinen Wurzeln im Saarland und den neuen im Wallis. My name is Anja Ruch and I write the blog entries for the Markus &amp; Tabitha Kranzfelder couple. The name WalliSaar shows the connection to my old roots in Saarland and the new ones in Valais.\",\"sameAs\":[\"https:\\\/\\\/www.ferienchalet-wallis.ch\\\/blog\"],\"url\":\"https:\\\/\\\/ferienchalet-wallis.ch\\\/en\\\/author\\\/wallisaar\\\/\"}]}<\/script>\n<!-- \/ Yoast SEO plugin. -->","yoast_head_json":{"title":"6. Aletsch-Wintertr\u00e4ff vom 12. Bis 14. Dezember 2025 - Bettmeralp und Riederalp","description":"Der 6. Aletsch-Wintertr\u00e4ff in der Aletsch Arena bringt gutes Essen und gute Unterhaltung vom 12. bis 14. Dezember 2025. Jetzt buchen!","robots":{"index":"index","follow":"follow","max-snippet":"max-snippet:-1","max-image-preview":"max-image-preview:large","max-video-preview":"max-video-preview:-1"},"canonical":"https:\/\/ferienchalet-wallis.ch\/en\/6-aletsch-wintertraeff-vom-12-bis-14-dezember-2025\/","og_locale":"en_GB","og_type":"article","og_title":"6. Aletsch-Wintertr\u00e4ff vom 12. Bis 14. Dezember 2025 - Bettmeralp und Riederalp","og_description":"Der 6. Aletsch-Wintertr\u00e4ff in der Aletsch Arena bringt gutes Essen und gute Unterhaltung vom 12. bis 14. Dezember 2025. Jetzt buchen!","og_url":"https:\/\/ferienchalet-wallis.ch\/en\/6-aletsch-wintertraeff-vom-12-bis-14-dezember-2025\/","og_site_name":"Bettmeralp und Riederalp","article_published_time":"2025-12-01T14:11:31+00:00","article_modified_time":"2025-12-01T14:31:41+00:00","og_image":[{"width":2048,"height":1365,"url":"https:\/\/ferienchalet-wallis.ch\/wp-content\/uploads\/2025\/12\/Aletsch_Wintertraeff_Nr6.jpg","type":"image\/jpeg"}],"author":"WalliSaar","twitter_card":"summary_large_image","twitter_misc":{"Written by":"WalliSaar","Estimated reading time":"3 minutes"},"schema":{"@context":"https:\/\/schema.org","@graph":[{"@type":"Article","@id":"https:\/\/ferienchalet-wallis.ch\/6-aletsch-wintertraeff-vom-12-bis-14-dezember-2025\/#article","isPartOf":{"@id":"https:\/\/ferienchalet-wallis.ch\/6-aletsch-wintertraeff-vom-12-bis-14-dezember-2025\/"},"author":{"name":"WalliSaar","@id":"https:\/\/ferienchalet-wallis.ch\/#\/schema\/person\/18b3f062b0514bc953799175b9bfdd2b"},"headline":"6. Aletsch-Wintertr\u00e4ff vom 12. Bis 14. Dezember 2025","datePublished":"2025-12-01T14:11:31+00:00","dateModified":"2025-12-01T14:31:41+00:00","mainEntityOfPage":{"@id":"https:\/\/ferienchalet-wallis.ch\/6-aletsch-wintertraeff-vom-12-bis-14-dezember-2025\/"},"wordCount":820,"publisher":{"@id":"https:\/\/ferienchalet-wallis.ch\/#organization"},"image":{"@id":"https:\/\/ferienchalet-wallis.ch\/6-aletsch-wintertraeff-vom-12-bis-14-dezember-2025\/#primaryimage"},"thumbnailUrl":"https:\/\/ferienchalet-wallis.ch\/wp-content\/uploads\/2025\/12\/Aletsch_Wintertraeff_Nr6.jpg","articleSection":["Aletsch Arena","Veranstaltungen","Wintersport"],"inLanguage":"en-GB"},{"@type":"WebPage","@id":"https:\/\/ferienchalet-wallis.ch\/6-aletsch-wintertraeff-vom-12-bis-14-dezember-2025\/","url":"https:\/\/ferienchalet-wallis.ch\/6-aletsch-wintertraeff-vom-12-bis-14-dezember-2025\/","name":"6. Aletsch-Wintertr\u00e4ff vom 12. Bis 14. Dezember 2025 - Bettmeralp und Riederalp","isPartOf":{"@id":"https:\/\/ferienchalet-wallis.ch\/#website"},"primaryImageOfPage":{"@id":"https:\/\/ferienchalet-wallis.ch\/6-aletsch-wintertraeff-vom-12-bis-14-dezember-2025\/#primaryimage"},"image":{"@id":"https:\/\/ferienchalet-wallis.ch\/6-aletsch-wintertraeff-vom-12-bis-14-dezember-2025\/#primaryimage"},"thumbnailUrl":"https:\/\/ferienchalet-wallis.ch\/wp-content\/uploads\/2025\/12\/Aletsch_Wintertraeff_Nr6.jpg","datePublished":"2025-12-01T14:11:31+00:00","dateModified":"2025-12-01T14:31:41+00:00","description":"Der 6. Aletsch-Wintertr\u00e4ff in der Aletsch Arena bringt gutes Essen und gute Unterhaltung vom 12. bis 14. Dezember 2025. Jetzt buchen!","breadcrumb":{"@id":"https:\/\/ferienchalet-wallis.ch\/6-aletsch-wintertraeff-vom-12-bis-14-dezember-2025\/#breadcrumb"},"inLanguage":"en-GB","potentialAction":[{"@type":"ReadAction","target":["https:\/\/ferienchalet-wallis.ch\/6-aletsch-wintertraeff-vom-12-bis-14-dezember-2025\/"]}]},{"@type":"ImageObject","inLanguage":"en-GB","@id":"https:\/\/ferienchalet-wallis.ch\/6-aletsch-wintertraeff-vom-12-bis-14-dezember-2025\/#primaryimage","url":"https:\/\/ferienchalet-wallis.ch\/wp-content\/uploads\/2025\/12\/Aletsch_Wintertraeff_Nr6.jpg","contentUrl":"https:\/\/ferienchalet-wallis.ch\/wp-content\/uploads\/2025\/12\/Aletsch_Wintertraeff_Nr6.jpg","width":2048,"height":1365,"caption":"6. Aletsch Wintertr\u00e4ff 2025"},{"@type":"BreadcrumbList","@id":"https:\/\/ferienchalet-wallis.ch\/6-aletsch-wintertraeff-vom-12-bis-14-dezember-2025\/#breadcrumb","itemListElement":[{"@type":"ListItem","position":1,"name":"Home","item":"https:\/\/ferienchalet-wallis.ch\/"},{"@type":"ListItem","position":2,"name":"6. Aletsch-Wintertr\u00e4ff vom 12. Bis 14. Dezember 2025"}]},{"@type":"WebSite","@id":"https:\/\/ferienchalet-wallis.ch\/#website","url":"https:\/\/ferienchalet-wallis.ch\/","name":"Bettmeralp and Riederalp","description":"Kranzfelder Markus","publisher":{"@id":"https:\/\/ferienchalet-wallis.ch\/#organization"},"potentialAction":[{"@type":"SearchAction","target":{"@type":"EntryPoint","urlTemplate":"https:\/\/ferienchalet-wallis.ch\/?s={search_term_string}"},"query-input":{"@type":"PropertyValueSpecification","valueRequired":true,"valueName":"search_term_string"}}],"inLanguage":"en-GB"},{"@type":"Organization","@id":"https:\/\/ferienchalet-wallis.ch\/#organization","name":"Liegenschaftsbetreuung \/ Vermietung \u2013 M. Kranzfelder","url":"https:\/\/ferienchalet-wallis.ch\/","logo":{"@type":"ImageObject","inLanguage":"en-GB","@id":"https:\/\/ferienchalet-wallis.ch\/#\/schema\/logo\/image\/","url":"https:\/\/ferienchalet-wallis.ch\/wp-content\/uploads\/2022\/01\/Logo_Kranzfelder.png","contentUrl":"https:\/\/ferienchalet-wallis.ch\/wp-content\/uploads\/2022\/01\/Logo_Kranzfelder.png","width":1526,"height":447,"caption":"Liegenschaftsbetreuung \/ Vermietung \u2013 M. Kranzfelder"},"image":{"@id":"https:\/\/ferienchalet-wallis.ch\/#\/schema\/logo\/image\/"}},{"@type":"Person","@id":"https:\/\/ferienchalet-wallis.ch\/#\/schema\/person\/18b3f062b0514bc953799175b9bfdd2b","name":"WalliSaar","image":{"@type":"ImageObject","inLanguage":"en-GB","@id":"https:\/\/secure.gravatar.com\/avatar\/1be7f9468eac0e02f655be9ab758a01ae5dc72d678841cc4898d463993c78d36?s=96&d=initials&r=g&initials=ru","url":"https:\/\/secure.gravatar.com\/avatar\/1be7f9468eac0e02f655be9ab758a01ae5dc72d678841cc4898d463993c78d36?s=96&d=initials&r=g&initials=ru","contentUrl":"https:\/\/secure.gravatar.com\/avatar\/1be7f9468eac0e02f655be9ab758a01ae5dc72d678841cc4898d463993c78d36?s=96&d=initials&r=g&initials=ru","caption":"WalliSaar"},"description":"Mein Name ist Anja Ruch und ich schreibe die Blogbeitr\u00e4ge f\u00fcr das Ehepaar Markus &amp; Tabitha Kranzfelder. Der Name WalliSaar gr\u00fcndet sich auf meinen Wurzeln im Saarland und den neuen im Wallis. My name is Anja Ruch and I write the blog entries for the Markus &amp; Tabitha Kranzfelder couple. The name WalliSaar shows the connection to my old roots in Saarland and the new ones in Valais.","sameAs":["https:\/\/www.ferienchalet-wallis.ch\/blog"],"url":"https:\/\/ferienchalet-wallis.ch\/en\/author\/wallisaar\/"}]}},"_links":{"self":[{"href":"https:\/\/ferienchalet-wallis.ch\/en\/wp-json\/wp\/v2\/posts\/2734","targetHints":{"allow":["GET"]}}],"collection":[{"href":"https:\/\/ferienchalet-wallis.ch\/en\/wp-json\/wp\/v2\/posts"}],"about":[{"href":"https:\/\/ferienchalet-wallis.ch\/en\/wp-json\/wp\/v2\/types\/post"}],"author":[{"embeddable":true,"href":"https:\/\/ferienchalet-wallis.ch\/en\/wp-json\/wp\/v2\/users\/3"}],"replies":[{"embeddable":true,"href":"https:\/\/ferienchalet-wallis.ch\/en\/wp-json\/wp\/v2\/comments?post=2734"}],"version-history":[{"count":7,"href":"https:\/\/ferienchalet-wallis.ch\/en\/wp-json\/wp\/v2\/posts\/2734\/revisions"}],"predecessor-version":[{"id":2746,"href":"https:\/\/ferienchalet-wallis.ch\/en\/wp-json\/wp\/v2\/posts\/2734\/revisions\/2746"}],"wp:featuredmedia":[{"embeddable":true,"href":"https:\/\/ferienchalet-wallis.ch\/en\/wp-json\/wp\/v2\/media\/2735"}],"wp:attachment":[{"href":"https:\/\/ferienchalet-wallis.ch\/en\/wp-json\/wp\/v2\/media?parent=2734"}],"wp:term":[{"taxonomy":"category","embeddable":true,"href":"https:\/\/ferienchalet-wallis.ch\/en\/wp-json\/wp\/v2\/categories?post=2734"},{"taxonomy":"post_tag","embeddable":true,"href":"https:\/\/ferienchalet-wallis.ch\/en\/wp-json\/wp\/v2\/tags?post=2734"}],"curies":[{"name":"wp","href":"https:\/\/api.w.org\/{rel}","templated":true}]}}