{"id":2890,"date":"2026-01-06T15:04:44","date_gmt":"2026-01-06T15:04:44","guid":{"rendered":"https:\/\/ferienchalet-wallis.ch\/?p=2890"},"modified":"2026-01-06T15:35:16","modified_gmt":"2026-01-06T15:35:16","slug":"freizeittipps-im-winter-fuer-die-aletsch-arena","status":"publish","type":"post","link":"https:\/\/ferienchalet-wallis.ch\/en\/freizeittipps-im-winter-fuer-die-aletsch-arena\/","title":{"rendered":"Leisure tips for winter in the Aletsch Arena"},"content":{"rendered":"<style type=\"text\/css\" data-created_by=\"avia_inline_auto\" id=\"style-css-av-mk2p6om5-0dae22ebb05e5033c865f23998c6d3a6\">\n#top .av-special-heading.av-mk2p6om5-0dae22ebb05e5033c865f23998c6d3a6{\npadding-bottom:10px;\n}\nbody .av-special-heading.av-mk2p6om5-0dae22ebb05e5033c865f23998c6d3a6 .av-special-heading-tag .heading-char{\nfont-size:25px;\n}\n.av-special-heading.av-mk2p6om5-0dae22ebb05e5033c865f23998c6d3a6 .av-subheading{\nfont-size:15px;\n}\n<\/style>\n<div  class='av-special-heading av-mk2p6om5-0dae22ebb05e5033c865f23998c6d3a6 av-special-heading-h2  avia-builder-el-0  el_before_av_image  avia-builder-el-first'><h2 class='av-special-heading-tag'  itemprop=\"headline\"  >Alternatives to Skiing <span class='special_amp'>&amp;<\/span> Co.<\/h2><div class=\"special-heading-border\"><div class=\"special-heading-inner-border\"><\/div><\/div><\/div>\n\n<style type=\"text\/css\" data-created_by=\"avia_inline_auto\" id=\"style-css-av-mk2pqgqr-25bb8546cf36816147ad02cce1b77831\">\n.avia-image-container.av-mk2pqgqr-25bb8546cf36816147ad02cce1b77831 .av-image-caption-overlay-center{\ncolor:#ffffff;\n}\n<\/style>\n<div  class='avia-image-container av-mk2pqgqr-25bb8546cf36816147ad02cce1b77831 av-styling- avia-align-center  avia-builder-el-1  el_after_av_heading  el_before_av_textblock'  itemprop=\"image\" itemscope=\"itemscope\" itemtype=\"https:\/\/schema.org\/ImageObject\" ><div class=\"avia-image-container-inner\"><div class=\"avia-image-overlay-wrap\"><img decoding=\"async\" class='wp-image-2891 avia-img-lazy-loading-not-2891 avia_image' src=\"https:\/\/ferienchalet-wallis.ch\/wp-content\/uploads\/2026\/01\/Riederalp_Januar_2025-1500x630.png\" alt='H\u00f6henweg Moosfluh - Riederfurka im Winter' title='H\u00f6henweg Moosfluh - Riederfurka im Winter'  height=\"630\" width=\"1500\"  itemprop=\"thumbnailUrl\"  \/><\/div><\/div><\/div>\n<section  class='av_textblock_section av-mk2pygxk-4227b4c7ac9a8576a6cb4e7e1b44156f'  itemscope=\"itemscope\" itemtype=\"https:\/\/schema.org\/BlogPosting\" itemprop=\"blogPost\" ><div class='avia_textblock'  itemprop=\"text\" ><p>What can you say? Winter starts off wonderfully with the snow of November 2025, and then it's just sun, sun, sun. That's not how they envisioned it in Valais. The order should have been the other way around. Well, at least a proper dose of snow is supposed to arrive from Thursday onwards.<\/p>\n<p>Anyway, over the holidays I was thinking about what to do when the snow is slow to arrive. What do you do when there just won't be any snow and you live right in the middle of the Alps? Especially since I don't have to go skiing if the amount of snow isn't to my liking. However, if you happen to be spending your winter holidays at that time and don't want to ski down the same slopes every day, it would be good to have some alternatives.<\/p>\n<h3>Winter hikes in the Aletsch Arena with a visit to a mountain hut<\/h3>\n<p>I think every ski holiday should include a winter hike. It's a 9 km hike from Fiescheralp to Riederalp, one way. So, if you've had your fill of sunshine, what's wrong with really working up a sweat? Take a look under the \"Winter\" <em>winter<\/em> category on the blog. Or check out <em>\"Mountain Hut Experiences\"<\/em>, because breaks in mountain huts are truly unique. And you should definitely try a Cholera cake, or perhaps a slice of cream cake \u2013 it's simply divine.<\/p>\n<h3>Viewpoints of the Aletsch Arena<\/h3>\n<p>This is the ultimate tip in the region for enjoying a fantastic view of the Aletsch Glacier. Riederalp even offers two viewing platforms, one from the Moosfluh and one from the Hohfluh. Why not check out the <a href=\"https:\/\/www.aletscharena.ch\/en\/planning-booking\/offers-experiences\/view-point-package\" target=\"_blank\" rel=\"noopener\">View Point Package<\/a> and combine it with musical entertainment, for example at the <a href=\"https:\/\/www.aletscharena.ch\/en\/about-the-region\/poi\/view-point-hohfluh\" target=\"_blank\" rel=\"noopener\">Hohfluh viewpoint<\/a>, for details look under the point nearby - event.<\/p>\n<p>And what if it really snows? Then make yourself comfortable at home, finally read that book on your Kindle, do a <a href=\"https:\/\/wasgij.com\/de-de\" target=\"_blank\" rel=\"noopener\">wasgij puzzle<\/a> or <a href=\"https:\/\/ferienchalet-wallis.ch\/en\/herbst-wochenende-fuer-kurzentschlossene\/\" target=\"_blank\" rel=\"noopener\">cook something together<\/a>. Have you bought Fendant and raclette cheese yet?<\/p>\n<p><em>Hier obina bin ich z\u2019fride, mini Seel findet \u00e4ndli R\u00fceh<\/em><\/p>\n<\/div><\/section>\n<div class='flex_column av-yorxm-b355a0051c3342cfd554dcb4033055e0 av_one_half  avia-builder-el-3  el_after_av_textblock  avia-builder-el-last  first flex_column_div column-top-margin'   ><p><div  class='av-post-metadata-container av-80uxsq-f98da6eb35d06a0af2121e50cd8e205c av-metadata-container-align-left  avia-builder-el-4  el_before_av_social_share  avia-builder-el-first  av-metadata-container-1'><div class='av-post-metadata-container-inner'><span class=\"av-post-metadata-content av-post-metadata-meta-content\"><span class=\"av-post-metadata-content av-post-metadata-author\"  itemprop=\"author\" ><span class=\"av-metadata-before av-metadata-before-author\">of<\/span><span class=\"av-post-metadata-author-link\" ><a href=\"https:\/\/ferienchalet-wallis.ch\/en\/author\/wallisaar\/\"  rel=\"author\">WalliSaar<\/a><\/span><\/span><span class=\"av-post-metadata-content av-post-metadata-separator\">\/<\/span><span class=\"av-post-metadata-content av-post-metadata-published\"><span class=\"av-post-metadata-published-date\" >January 6, 2026<\/span><\/span><\/span><\/div><\/div><br \/>\n<div  class='av-social-sharing-box av-2gs7yi-16d9ceae8ac1026b980a06245a1010ab av-social-sharing-box-circle  avia-builder-el-5  el_after_av_post_metadata  avia-builder-el-last  av-social-sharing-box-color-bg av-social-sharing-box-same-width'><div class=\"av-share-box\"><h5 class='av-share-link-description av-no-toc'>Share entry<\/h5><ul class=\"av-share-box-list noLightbox\"><li class='av-share-link av-social-link-facebook' ><a target=\"_blank\" aria-label=\"Share on Facebook\" href='https:\/\/www.facebook.com\/sharer.php?u=https:\/\/ferienchalet-wallis.ch\/en\/freizeittipps-im-winter-fuer-die-aletsch-arena\/&#038;t=Freizeittipps%20im%20Winter%20f%C3%BCr%20die%20Aletsch%20Arena' aria-hidden='false' data-av_icon='\ue8f3' data-av_iconfont='entypo-fontello' title='' data-avia-related-tooltip='Share on Facebook' rel=\"noopener\"><span class='avia_hidden_link_text'>Share on Facebook<\/span><\/a><\/li><li class='av-share-link av-social-link-whatsapp' ><a target=\"_blank\" aria-label=\"Share on WhatsApp\" href='https:\/\/api.whatsapp.com\/send?text=https:\/\/ferienchalet-wallis.ch\/en\/freizeittipps-im-winter-fuer-die-aletsch-arena\/' aria-hidden='false' data-av_icon='\uf232' data-av_iconfont='entypo-fontello' title='' data-avia-related-tooltip='Share on WhatsApp' rel=\"noopener\"><span class='avia_hidden_link_text'>Share on WhatsApp<\/span><\/a><\/li><\/ul><\/div><\/div><\/p><\/div>","protected":false},"excerpt":{"rendered":"","protected":false},"author":3,"featured_media":2891,"comment_status":"closed","ping_status":"closed","sticky":false,"template":"","format":"standard","meta":{"footnotes":""},"categories":[28,24],"tags":[],"class_list":["post-2890","post","type-post","status-publish","format-standard","has-post-thumbnail","hentry","category-aletsch-arena","category-winter"],"yoast_head":"<!-- This site is optimized with the Yoast SEO plugin v27.5 - https:\/\/yoast.com\/product\/yoast-seo-wordpress\/ -->\n<title>Freizeittipps im Winter f\u00fcr die Aletsch Arena - Bettmeralp und Riederalp<\/title>\n<meta name=\"description\" content=\"Freizeit gestalten in den Winterferien. In der Aletsch Arena kann man einiges unternehmen, auch neben der Skipiste.\" \/>\n<meta name=\"robots\" content=\"index, follow, max-snippet:-1, max-image-preview:large, max-video-preview:-1\" \/>\n<link rel=\"canonical\" href=\"https:\/\/ferienchalet-wallis.ch\/en\/freizeittipps-im-winter-fuer-die-aletsch-arena\/\" \/>\n<meta property=\"og:locale\" content=\"en_GB\" \/>\n<meta property=\"og:type\" content=\"article\" \/>\n<meta property=\"og:title\" content=\"Freizeittipps im Winter f\u00fcr die Aletsch Arena - Bettmeralp und Riederalp\" \/>\n<meta property=\"og:description\" content=\"Freizeit gestalten in den Winterferien. In der Aletsch Arena kann man einiges unternehmen, auch neben der Skipiste.\" \/>\n<meta property=\"og:url\" content=\"https:\/\/ferienchalet-wallis.ch\/en\/freizeittipps-im-winter-fuer-die-aletsch-arena\/\" \/>\n<meta property=\"og:site_name\" content=\"Bettmeralp und Riederalp\" \/>\n<meta property=\"article:published_time\" content=\"2026-01-06T15:04:44+00:00\" \/>\n<meta property=\"article:modified_time\" content=\"2026-01-06T15:35:16+00:00\" \/>\n<meta property=\"og:image\" content=\"https:\/\/ferienchalet-wallis.ch\/wp-content\/uploads\/2026\/01\/Riederalp_Januar_2025-1030x773.png\" \/>\n\t<meta property=\"og:image:width\" content=\"1030\" \/>\n\t<meta property=\"og:image:height\" content=\"773\" \/>\n\t<meta property=\"og:image:type\" content=\"image\/png\" \/>\n<meta name=\"author\" content=\"WalliSaar\" \/>\n<meta name=\"twitter:card\" content=\"summary_large_image\" \/>\n<meta name=\"twitter:label1\" content=\"Written by\" \/>\n\t<meta name=\"twitter:data1\" content=\"WalliSaar\" \/>\n\t<meta name=\"twitter:label2\" content=\"Estimated reading time\" \/>\n\t<meta name=\"twitter:data2\" content=\"4 minutes\" \/>\n<script type=\"application\/ld+json\" class=\"yoast-schema-graph\">{\"@context\":\"https:\\\/\\\/schema.org\",\"@graph\":[{\"@type\":\"Article\",\"@id\":\"https:\\\/\\\/ferienchalet-wallis.ch\\\/freizeittipps-im-winter-fuer-die-aletsch-arena\\\/#article\",\"isPartOf\":{\"@id\":\"https:\\\/\\\/ferienchalet-wallis.ch\\\/freizeittipps-im-winter-fuer-die-aletsch-arena\\\/\"},\"author\":{\"name\":\"WalliSaar\",\"@id\":\"https:\\\/\\\/ferienchalet-wallis.ch\\\/#\\\/schema\\\/person\\\/18b3f062b0514bc953799175b9bfdd2b\"},\"headline\":\"Freizeittipps im Winter f\u00fcr die Aletsch Arena\",\"datePublished\":\"2026-01-06T15:04:44+00:00\",\"dateModified\":\"2026-01-06T15:35:16+00:00\",\"mainEntityOfPage\":{\"@id\":\"https:\\\/\\\/ferienchalet-wallis.ch\\\/freizeittipps-im-winter-fuer-die-aletsch-arena\\\/\"},\"wordCount\":897,\"publisher\":{\"@id\":\"https:\\\/\\\/ferienchalet-wallis.ch\\\/#organization\"},\"image\":{\"@id\":\"https:\\\/\\\/ferienchalet-wallis.ch\\\/freizeittipps-im-winter-fuer-die-aletsch-arena\\\/#primaryimage\"},\"thumbnailUrl\":\"https:\\\/\\\/ferienchalet-wallis.ch\\\/wp-content\\\/uploads\\\/2026\\\/01\\\/Riederalp_Januar_2025-scaled.png\",\"articleSection\":[\"Aletsch Arena\",\"Winter\"],\"inLanguage\":\"en-GB\"},{\"@type\":\"WebPage\",\"@id\":\"https:\\\/\\\/ferienchalet-wallis.ch\\\/freizeittipps-im-winter-fuer-die-aletsch-arena\\\/\",\"url\":\"https:\\\/\\\/ferienchalet-wallis.ch\\\/freizeittipps-im-winter-fuer-die-aletsch-arena\\\/\",\"name\":\"Freizeittipps im Winter f\u00fcr die Aletsch Arena - Bettmeralp und Riederalp\",\"isPartOf\":{\"@id\":\"https:\\\/\\\/ferienchalet-wallis.ch\\\/#website\"},\"primaryImageOfPage\":{\"@id\":\"https:\\\/\\\/ferienchalet-wallis.ch\\\/freizeittipps-im-winter-fuer-die-aletsch-arena\\\/#primaryimage\"},\"image\":{\"@id\":\"https:\\\/\\\/ferienchalet-wallis.ch\\\/freizeittipps-im-winter-fuer-die-aletsch-arena\\\/#primaryimage\"},\"thumbnailUrl\":\"https:\\\/\\\/ferienchalet-wallis.ch\\\/wp-content\\\/uploads\\\/2026\\\/01\\\/Riederalp_Januar_2025-scaled.png\",\"datePublished\":\"2026-01-06T15:04:44+00:00\",\"dateModified\":\"2026-01-06T15:35:16+00:00\",\"description\":\"Freizeit gestalten in den Winterferien. In der Aletsch Arena kann man einiges unternehmen, auch neben der Skipiste.\",\"breadcrumb\":{\"@id\":\"https:\\\/\\\/ferienchalet-wallis.ch\\\/freizeittipps-im-winter-fuer-die-aletsch-arena\\\/#breadcrumb\"},\"inLanguage\":\"en-GB\",\"potentialAction\":[{\"@type\":\"ReadAction\",\"target\":[\"https:\\\/\\\/ferienchalet-wallis.ch\\\/freizeittipps-im-winter-fuer-die-aletsch-arena\\\/\"]}]},{\"@type\":\"ImageObject\",\"inLanguage\":\"en-GB\",\"@id\":\"https:\\\/\\\/ferienchalet-wallis.ch\\\/freizeittipps-im-winter-fuer-die-aletsch-arena\\\/#primaryimage\",\"url\":\"https:\\\/\\\/ferienchalet-wallis.ch\\\/wp-content\\\/uploads\\\/2026\\\/01\\\/Riederalp_Januar_2025-scaled.png\",\"contentUrl\":\"https:\\\/\\\/ferienchalet-wallis.ch\\\/wp-content\\\/uploads\\\/2026\\\/01\\\/Riederalp_Januar_2025-scaled.png\",\"width\":2560,\"height\":1920,\"caption\":\"Riederalp im Winter\"},{\"@type\":\"BreadcrumbList\",\"@id\":\"https:\\\/\\\/ferienchalet-wallis.ch\\\/freizeittipps-im-winter-fuer-die-aletsch-arena\\\/#breadcrumb\",\"itemListElement\":[{\"@type\":\"ListItem\",\"position\":1,\"name\":\"Home\",\"item\":\"https:\\\/\\\/ferienchalet-wallis.ch\\\/\"},{\"@type\":\"ListItem\",\"position\":2,\"name\":\"Freizeittipps im Winter f\u00fcr die Aletsch Arena\"}]},{\"@type\":\"WebSite\",\"@id\":\"https:\\\/\\\/ferienchalet-wallis.ch\\\/#website\",\"url\":\"https:\\\/\\\/ferienchalet-wallis.ch\\\/\",\"name\":\"Bettmeralp und Riederalp\",\"description\":\"Kranzfelder Markus\",\"publisher\":{\"@id\":\"https:\\\/\\\/ferienchalet-wallis.ch\\\/#organization\"},\"potentialAction\":[{\"@type\":\"SearchAction\",\"target\":{\"@type\":\"EntryPoint\",\"urlTemplate\":\"https:\\\/\\\/ferienchalet-wallis.ch\\\/?s={search_term_string}\"},\"query-input\":{\"@type\":\"PropertyValueSpecification\",\"valueRequired\":true,\"valueName\":\"search_term_string\"}}],\"inLanguage\":\"en-GB\"},{\"@type\":\"Organization\",\"@id\":\"https:\\\/\\\/ferienchalet-wallis.ch\\\/#organization\",\"name\":\"Liegenschaftsbetreuung \\\/ Vermietung \u2013 M. Kranzfelder\",\"url\":\"https:\\\/\\\/ferienchalet-wallis.ch\\\/\",\"logo\":{\"@type\":\"ImageObject\",\"inLanguage\":\"en-GB\",\"@id\":\"https:\\\/\\\/ferienchalet-wallis.ch\\\/#\\\/schema\\\/logo\\\/image\\\/\",\"url\":\"https:\\\/\\\/ferienchalet-wallis.ch\\\/wp-content\\\/uploads\\\/2022\\\/01\\\/Logo_Kranzfelder.png\",\"contentUrl\":\"https:\\\/\\\/ferienchalet-wallis.ch\\\/wp-content\\\/uploads\\\/2022\\\/01\\\/Logo_Kranzfelder.png\",\"width\":1526,\"height\":447,\"caption\":\"Liegenschaftsbetreuung \\\/ Vermietung \u2013 M. Kranzfelder\"},\"image\":{\"@id\":\"https:\\\/\\\/ferienchalet-wallis.ch\\\/#\\\/schema\\\/logo\\\/image\\\/\"}},{\"@type\":\"Person\",\"@id\":\"https:\\\/\\\/ferienchalet-wallis.ch\\\/#\\\/schema\\\/person\\\/18b3f062b0514bc953799175b9bfdd2b\",\"name\":\"WalliSaar\",\"image\":{\"@type\":\"ImageObject\",\"inLanguage\":\"en-GB\",\"@id\":\"https:\\\/\\\/secure.gravatar.com\\\/avatar\\\/1be7f9468eac0e02f655be9ab758a01ae5dc72d678841cc4898d463993c78d36?s=96&d=initials&r=g&initials=ru\",\"url\":\"https:\\\/\\\/secure.gravatar.com\\\/avatar\\\/1be7f9468eac0e02f655be9ab758a01ae5dc72d678841cc4898d463993c78d36?s=96&d=initials&r=g&initials=ru\",\"contentUrl\":\"https:\\\/\\\/secure.gravatar.com\\\/avatar\\\/1be7f9468eac0e02f655be9ab758a01ae5dc72d678841cc4898d463993c78d36?s=96&d=initials&r=g&initials=ru\",\"caption\":\"WalliSaar\"},\"description\":\"Mein Name ist Anja Ruch und ich schreibe die Blogbeitr\u00e4ge f\u00fcr das Ehepaar Markus &amp; Tabitha Kranzfelder. Der Name WalliSaar gr\u00fcndet sich auf meinen Wurzeln im Saarland und den neuen im Wallis. My name is Anja Ruch and I write the blog entries for the Markus &amp; Tabitha Kranzfelder couple. The name WalliSaar shows the connection to my old roots in Saarland and the new ones in Valais.\",\"sameAs\":[\"https:\\\/\\\/www.ferienchalet-wallis.ch\\\/blog\"],\"url\":\"https:\\\/\\\/ferienchalet-wallis.ch\\\/en\\\/author\\\/wallisaar\\\/\"}]}<\/script>\n<!-- \/ Yoast SEO plugin. -->","yoast_head_json":{"title":"Freizeittipps im Winter f\u00fcr die Aletsch Arena - Bettmeralp und Riederalp","description":"Freizeit gestalten in den Winterferien. In der Aletsch Arena kann man einiges unternehmen, auch neben der Skipiste.","robots":{"index":"index","follow":"follow","max-snippet":"max-snippet:-1","max-image-preview":"max-image-preview:large","max-video-preview":"max-video-preview:-1"},"canonical":"https:\/\/ferienchalet-wallis.ch\/en\/freizeittipps-im-winter-fuer-die-aletsch-arena\/","og_locale":"en_GB","og_type":"article","og_title":"Freizeittipps im Winter f\u00fcr die Aletsch Arena - Bettmeralp und Riederalp","og_description":"Freizeit gestalten in den Winterferien. In der Aletsch Arena kann man einiges unternehmen, auch neben der Skipiste.","og_url":"https:\/\/ferienchalet-wallis.ch\/en\/freizeittipps-im-winter-fuer-die-aletsch-arena\/","og_site_name":"Bettmeralp und Riederalp","article_published_time":"2026-01-06T15:04:44+00:00","article_modified_time":"2026-01-06T15:35:16+00:00","og_image":[{"width":1030,"height":773,"url":"https:\/\/ferienchalet-wallis.ch\/wp-content\/uploads\/2026\/01\/Riederalp_Januar_2025-1030x773.png","type":"image\/png"}],"author":"WalliSaar","twitter_card":"summary_large_image","twitter_misc":{"Written by":"WalliSaar","Estimated reading time":"4 minutes"},"schema":{"@context":"https:\/\/schema.org","@graph":[{"@type":"Article","@id":"https:\/\/ferienchalet-wallis.ch\/freizeittipps-im-winter-fuer-die-aletsch-arena\/#article","isPartOf":{"@id":"https:\/\/ferienchalet-wallis.ch\/freizeittipps-im-winter-fuer-die-aletsch-arena\/"},"author":{"name":"WalliSaar","@id":"https:\/\/ferienchalet-wallis.ch\/#\/schema\/person\/18b3f062b0514bc953799175b9bfdd2b"},"headline":"Freizeittipps im Winter f\u00fcr die Aletsch Arena","datePublished":"2026-01-06T15:04:44+00:00","dateModified":"2026-01-06T15:35:16+00:00","mainEntityOfPage":{"@id":"https:\/\/ferienchalet-wallis.ch\/freizeittipps-im-winter-fuer-die-aletsch-arena\/"},"wordCount":897,"publisher":{"@id":"https:\/\/ferienchalet-wallis.ch\/#organization"},"image":{"@id":"https:\/\/ferienchalet-wallis.ch\/freizeittipps-im-winter-fuer-die-aletsch-arena\/#primaryimage"},"thumbnailUrl":"https:\/\/ferienchalet-wallis.ch\/wp-content\/uploads\/2026\/01\/Riederalp_Januar_2025-scaled.png","articleSection":["Aletsch Arena","Winter"],"inLanguage":"en-GB"},{"@type":"WebPage","@id":"https:\/\/ferienchalet-wallis.ch\/freizeittipps-im-winter-fuer-die-aletsch-arena\/","url":"https:\/\/ferienchalet-wallis.ch\/freizeittipps-im-winter-fuer-die-aletsch-arena\/","name":"Freizeittipps im Winter f\u00fcr die Aletsch Arena - Bettmeralp und Riederalp","isPartOf":{"@id":"https:\/\/ferienchalet-wallis.ch\/#website"},"primaryImageOfPage":{"@id":"https:\/\/ferienchalet-wallis.ch\/freizeittipps-im-winter-fuer-die-aletsch-arena\/#primaryimage"},"image":{"@id":"https:\/\/ferienchalet-wallis.ch\/freizeittipps-im-winter-fuer-die-aletsch-arena\/#primaryimage"},"thumbnailUrl":"https:\/\/ferienchalet-wallis.ch\/wp-content\/uploads\/2026\/01\/Riederalp_Januar_2025-scaled.png","datePublished":"2026-01-06T15:04:44+00:00","dateModified":"2026-01-06T15:35:16+00:00","description":"Freizeit gestalten in den Winterferien. In der Aletsch Arena kann man einiges unternehmen, auch neben der Skipiste.","breadcrumb":{"@id":"https:\/\/ferienchalet-wallis.ch\/freizeittipps-im-winter-fuer-die-aletsch-arena\/#breadcrumb"},"inLanguage":"en-GB","potentialAction":[{"@type":"ReadAction","target":["https:\/\/ferienchalet-wallis.ch\/freizeittipps-im-winter-fuer-die-aletsch-arena\/"]}]},{"@type":"ImageObject","inLanguage":"en-GB","@id":"https:\/\/ferienchalet-wallis.ch\/freizeittipps-im-winter-fuer-die-aletsch-arena\/#primaryimage","url":"https:\/\/ferienchalet-wallis.ch\/wp-content\/uploads\/2026\/01\/Riederalp_Januar_2025-scaled.png","contentUrl":"https:\/\/ferienchalet-wallis.ch\/wp-content\/uploads\/2026\/01\/Riederalp_Januar_2025-scaled.png","width":2560,"height":1920,"caption":"Riederalp im Winter"},{"@type":"BreadcrumbList","@id":"https:\/\/ferienchalet-wallis.ch\/freizeittipps-im-winter-fuer-die-aletsch-arena\/#breadcrumb","itemListElement":[{"@type":"ListItem","position":1,"name":"Home","item":"https:\/\/ferienchalet-wallis.ch\/"},{"@type":"ListItem","position":2,"name":"Freizeittipps im Winter f\u00fcr die Aletsch Arena"}]},{"@type":"WebSite","@id":"https:\/\/ferienchalet-wallis.ch\/#website","url":"https:\/\/ferienchalet-wallis.ch\/","name":"Bettmeralp and Riederalp","description":"Kranzfelder Markus","publisher":{"@id":"https:\/\/ferienchalet-wallis.ch\/#organization"},"potentialAction":[{"@type":"SearchAction","target":{"@type":"EntryPoint","urlTemplate":"https:\/\/ferienchalet-wallis.ch\/?s={search_term_string}"},"query-input":{"@type":"PropertyValueSpecification","valueRequired":true,"valueName":"search_term_string"}}],"inLanguage":"en-GB"},{"@type":"Organization","@id":"https:\/\/ferienchalet-wallis.ch\/#organization","name":"Liegenschaftsbetreuung \/ Vermietung \u2013 M. Kranzfelder","url":"https:\/\/ferienchalet-wallis.ch\/","logo":{"@type":"ImageObject","inLanguage":"en-GB","@id":"https:\/\/ferienchalet-wallis.ch\/#\/schema\/logo\/image\/","url":"https:\/\/ferienchalet-wallis.ch\/wp-content\/uploads\/2022\/01\/Logo_Kranzfelder.png","contentUrl":"https:\/\/ferienchalet-wallis.ch\/wp-content\/uploads\/2022\/01\/Logo_Kranzfelder.png","width":1526,"height":447,"caption":"Liegenschaftsbetreuung \/ Vermietung \u2013 M. Kranzfelder"},"image":{"@id":"https:\/\/ferienchalet-wallis.ch\/#\/schema\/logo\/image\/"}},{"@type":"Person","@id":"https:\/\/ferienchalet-wallis.ch\/#\/schema\/person\/18b3f062b0514bc953799175b9bfdd2b","name":"WalliSaar","image":{"@type":"ImageObject","inLanguage":"en-GB","@id":"https:\/\/secure.gravatar.com\/avatar\/1be7f9468eac0e02f655be9ab758a01ae5dc72d678841cc4898d463993c78d36?s=96&d=initials&r=g&initials=ru","url":"https:\/\/secure.gravatar.com\/avatar\/1be7f9468eac0e02f655be9ab758a01ae5dc72d678841cc4898d463993c78d36?s=96&d=initials&r=g&initials=ru","contentUrl":"https:\/\/secure.gravatar.com\/avatar\/1be7f9468eac0e02f655be9ab758a01ae5dc72d678841cc4898d463993c78d36?s=96&d=initials&r=g&initials=ru","caption":"WalliSaar"},"description":"Mein Name ist Anja Ruch und ich schreibe die Blogbeitr\u00e4ge f\u00fcr das Ehepaar Markus &amp; Tabitha Kranzfelder. Der Name WalliSaar gr\u00fcndet sich auf meinen Wurzeln im Saarland und den neuen im Wallis. My name is Anja Ruch and I write the blog entries for the Markus &amp; Tabitha Kranzfelder couple. The name WalliSaar shows the connection to my old roots in Saarland and the new ones in Valais.","sameAs":["https:\/\/www.ferienchalet-wallis.ch\/blog"],"url":"https:\/\/ferienchalet-wallis.ch\/en\/author\/wallisaar\/"}]}},"_links":{"self":[{"href":"https:\/\/ferienchalet-wallis.ch\/en\/wp-json\/wp\/v2\/posts\/2890","targetHints":{"allow":["GET"]}}],"collection":[{"href":"https:\/\/ferienchalet-wallis.ch\/en\/wp-json\/wp\/v2\/posts"}],"about":[{"href":"https:\/\/ferienchalet-wallis.ch\/en\/wp-json\/wp\/v2\/types\/post"}],"author":[{"embeddable":true,"href":"https:\/\/ferienchalet-wallis.ch\/en\/wp-json\/wp\/v2\/users\/3"}],"replies":[{"embeddable":true,"href":"https:\/\/ferienchalet-wallis.ch\/en\/wp-json\/wp\/v2\/comments?post=2890"}],"version-history":[{"count":7,"href":"https:\/\/ferienchalet-wallis.ch\/en\/wp-json\/wp\/v2\/posts\/2890\/revisions"}],"predecessor-version":[{"id":2895,"href":"https:\/\/ferienchalet-wallis.ch\/en\/wp-json\/wp\/v2\/posts\/2890\/revisions\/2895"}],"wp:featuredmedia":[{"embeddable":true,"href":"https:\/\/ferienchalet-wallis.ch\/en\/wp-json\/wp\/v2\/media\/2891"}],"wp:attachment":[{"href":"https:\/\/ferienchalet-wallis.ch\/en\/wp-json\/wp\/v2\/media?parent=2890"}],"wp:term":[{"taxonomy":"category","embeddable":true,"href":"https:\/\/ferienchalet-wallis.ch\/en\/wp-json\/wp\/v2\/categories?post=2890"},{"taxonomy":"post_tag","embeddable":true,"href":"https:\/\/ferienchalet-wallis.ch\/en\/wp-json\/wp\/v2\/tags?post=2890"}],"curies":[{"name":"wp","href":"https:\/\/api.w.org\/{rel}","templated":true}]}}