{"id":2944,"date":"2026-02-10T14:18:10","date_gmt":"2026-02-10T14:18:10","guid":{"rendered":"https:\/\/ferienchalet-wallis.ch\/?p=2944"},"modified":"2026-02-10T14:36:29","modified_gmt":"2026-02-10T14:36:29","slug":"winterspaziergang-zum-bettmersee","status":"publish","type":"post","link":"https:\/\/ferienchalet-wallis.ch\/en\/winterspaziergang-zum-bettmersee\/","title":{"rendered":"Winter walk to lake Bettmersee"},"content":{"rendered":"<style type=\"text\/css\" data-created_by=\"avia_inline_auto\" id=\"style-css-av-mlgobnh5-b8d2a041078d21b7e28a8311750f2b44\">\n#top .av-special-heading.av-mlgobnh5-b8d2a041078d21b7e28a8311750f2b44{\npadding-bottom:10px;\n}\nbody .av-special-heading.av-mlgobnh5-b8d2a041078d21b7e28a8311750f2b44 .av-special-heading-tag .heading-char{\nfont-size:25px;\n}\n.av-special-heading.av-mlgobnh5-b8d2a041078d21b7e28a8311750f2b44 .av-subheading{\nfont-size:15px;\n}\n<\/style>\n<div  class='av-special-heading av-mlgobnh5-b8d2a041078d21b7e28a8311750f2b44 av-special-heading-h2  avia-builder-el-0  el_before_av_image  avia-builder-el-first'><h2 class='av-special-heading-tag'  itemprop=\"headline\"  >Winter hiking trail Bettmersee<\/h2><div class=\"special-heading-border\"><div class=\"special-heading-inner-border\"><\/div><\/div><\/div>\n\n<style type=\"text\/css\" data-created_by=\"avia_inline_auto\" id=\"style-css-av-mlgokzgo-177f89830415649b3ed5744fde84649c\">\n.avia-image-container.av-mlgokzgo-177f89830415649b3ed5744fde84649c .av-image-caption-overlay-center{\ncolor:#ffffff;\n}\n<\/style>\n<div  class='avia-image-container av-mlgokzgo-177f89830415649b3ed5744fde84649c av-styling- avia-align-center  avia-builder-el-1  el_after_av_heading  el_before_av_textblock'  itemprop=\"image\" itemscope=\"itemscope\" itemtype=\"https:\/\/schema.org\/ImageObject\" ><div class=\"avia-image-container-inner\"><div class=\"avia-image-overlay-wrap\"><img decoding=\"async\" class='wp-image-2951 avia-img-lazy-loading-not-2951 avia_image' src=\"https:\/\/ferienchalet-wallis.ch\/wp-content\/uploads\/2026\/02\/Bettmersee-mit-Hintergrund-Skipiste-1500x630.jpg\" alt='Bettmersee mit Hintergrund Skipiste' title='Bettmersee mit Hintergrund Skipiste'  height=\"630\" width=\"1500\"  itemprop=\"thumbnailUrl\"  \/><\/div><\/div><\/div>\n<section  class='av_textblock_section av-mlgor287-b2c3576169dbda8a3aa4ebc8ac6d7d61'  itemscope=\"itemscope\" itemtype=\"https:\/\/schema.org\/BlogPosting\" itemprop=\"blogPost\" ><div class='avia_textblock'  itemprop=\"text\" ><p>A winter without snow just isn't fun. Simply boring, isn't it? I come from an area where it doesn't snow much. When it's properly cold, it's alright. At least then you have a reason to make yourself a coffee and eat a piece of cake after a walk through the woods and fields. But a day in the snow with a blue sky, and even better, with a clear view, creates such a feeling of inner peace that you can draw on for a long time. Then the cake tastes even better.<\/p>\n<h3>From Riederalp to Bettmeralp<\/h3>\n<p>For a short break, the mountains are the perfect destination in winter. The Aletsch Arena offers a vast area that is also ideal for walking. It's approximately 9 km from Riederalp to Fiescheralp, with Bettmeralp situated between these two alpine pastures. This provides a wide variety of options for walking or hiking. For example, the connecting path between Riederalp and Bettmeralp is a feast for the eyes with its chalets and views of the winter mountain landscape. After just under an hour, you'll reach the center of the other alpine village.<\/p>\n<h3>Lake Bettmersee on the Bettmeralp<\/h3>\n<p>On Bettmeralp, stroll through the village towards the Bachtla sports center. Shortly before the Walliser Stuba restaurant, follow the snowshoe trail to the left towards Lake Bettmersee. Lake Bettmersee is not used for ice skating. Instead, there's a natural ice rink below the lake, operated by the Bachtla sports center. The walk to the lake takes about half an hour from the Bettmeralp mountain station. You can walk around Lake Bettmersee or turn left back towards Riederalp. Simply continue following the ascending winter hiking trail. We took the liberty of crossing the ski slope at the Gletschi sculpture to rejoin the winter hiking trail behind the Blausee middle station. You'll need to cross the ski slope again to reach the descending path towards Riederalp behind the Golmen lift. The entire route from Riederalp to Lake Bettmersee and back takes about two hours.<\/p>\n<h3>Stop at the Matterhorn restaurant on the Riederalp<\/h3>\n<p>The <a href=\"https:\/\/restaurant-matterhorn.ch\/#restaurant\" target=\"_blank\" rel=\"noopener\">Matterhorn restaurant<\/a> on the Riederalp, by the ski lift, serves hot and cold dishes and regularly features live music. The sun terrace was packed on our leisurely outing. Of course, we had cappuccino and a slice of apricot tart with cream. All the other guests seemed to enjoy their lunch as well.<\/p>\n<p><em>Durchschn\u00fc\u00fcfe und Sunna g&#8217;niesse!<\/em><\/p>\n<\/div><\/section>\n<div class='flex_column av-94mhc0-0f724d97352d422e737bbdc60e6697c8 av_one_half  avia-builder-el-3  el_after_av_textblock  avia-builder-el-last  first flex_column_div column-top-margin'   ><p><div  class='av-post-metadata-container av-p2u9s-dab798dd096b22bd5b26e66712da6b38 av-metadata-container-align-left  avia-builder-el-4  el_before_av_social_share  avia-builder-el-first  av-metadata-container-1'><div class='av-post-metadata-container-inner'><span class=\"av-post-metadata-content av-post-metadata-meta-content\"><span class=\"av-post-metadata-content av-post-metadata-author\"  itemprop=\"author\" ><span class=\"av-metadata-before av-metadata-before-author\">of<\/span><span class=\"av-post-metadata-author-link\" ><a href=\"https:\/\/ferienchalet-wallis.ch\/en\/author\/wallisaar\/\"  rel=\"author\">WalliSaar<\/a><\/span><\/span><span class=\"av-post-metadata-content av-post-metadata-separator\">\/<\/span><span class=\"av-post-metadata-content av-post-metadata-published\"><span class=\"av-post-metadata-published-date\" >February 10, 2026<\/span><\/span><\/span><\/div><\/div><br \/>\n<div  class='av-social-sharing-box av-279pr4-ec97dad415fb3c9019b2721797697c1f av-social-sharing-box-circle  avia-builder-el-5  el_after_av_post_metadata  avia-builder-el-last  av-social-sharing-box-color-bg av-social-sharing-box-same-width'><div class=\"av-share-box\"><h5 class='av-share-link-description av-no-toc'>Share entry<\/h5><ul class=\"av-share-box-list noLightbox\"><li class='av-share-link av-social-link-facebook' ><a target=\"_blank\" aria-label=\"Share on Facebook\" href='https:\/\/www.facebook.com\/sharer.php?u=https:\/\/ferienchalet-wallis.ch\/en\/winterspaziergang-zum-bettmersee\/&#038;t=Winterspaziergang%20zum%20Bettmersee' aria-hidden='false' data-av_icon='\ue8f3' data-av_iconfont='entypo-fontello' title='' data-avia-related-tooltip='Share on Facebook' rel=\"noopener\"><span class='avia_hidden_link_text'>Share on Facebook<\/span><\/a><\/li><li class='av-share-link av-social-link-whatsapp' ><a target=\"_blank\" aria-label=\"Share on WhatsApp\" href='https:\/\/api.whatsapp.com\/send?text=https:\/\/ferienchalet-wallis.ch\/en\/winterspaziergang-zum-bettmersee\/' aria-hidden='false' data-av_icon='\uf232' data-av_iconfont='entypo-fontello' title='' data-avia-related-tooltip='Share on WhatsApp' rel=\"noopener\"><span class='avia_hidden_link_text'>Share on WhatsApp<\/span><\/a><\/li><\/ul><\/div><\/div><\/p><\/div>","protected":false},"excerpt":{"rendered":"","protected":false},"author":3,"featured_media":2951,"comment_status":"closed","ping_status":"closed","sticky":false,"template":"","format":"standard","meta":{"footnotes":""},"categories":[28,8,12,24],"tags":[],"class_list":["post-2944","post","type-post","status-publish","format-standard","has-post-thumbnail","hentry","category-aletsch-arena","category-bettmeralp","category-wandern","category-winter"],"yoast_head":"<!-- This site is optimized with the Yoast SEO plugin v27.5 - https:\/\/yoast.com\/product\/yoast-seo-wordpress\/ -->\n<title>Winterspaziergang zum Bettmersee - Bettmeralp und Riederalp<\/title>\n<meta name=\"description\" content=\"Die Winterwanderung zum Bettmersee ist ab der Riederalp nicht zu kurz und bietet Ihnen tolle Fernsicht.\" \/>\n<meta name=\"robots\" content=\"index, follow, max-snippet:-1, max-image-preview:large, max-video-preview:-1\" \/>\n<link rel=\"canonical\" href=\"https:\/\/ferienchalet-wallis.ch\/en\/winterspaziergang-zum-bettmersee\/\" \/>\n<meta property=\"og:locale\" content=\"en_GB\" \/>\n<meta property=\"og:type\" content=\"article\" \/>\n<meta property=\"og:title\" content=\"Winterspaziergang zum Bettmersee - Bettmeralp und Riederalp\" \/>\n<meta property=\"og:description\" content=\"Die Winterwanderung zum Bettmersee ist ab der Riederalp nicht zu kurz und bietet Ihnen tolle Fernsicht.\" \/>\n<meta property=\"og:url\" content=\"https:\/\/ferienchalet-wallis.ch\/en\/winterspaziergang-zum-bettmersee\/\" \/>\n<meta property=\"og:site_name\" content=\"Bettmeralp und Riederalp\" \/>\n<meta property=\"article:published_time\" content=\"2026-02-10T14:18:10+00:00\" \/>\n<meta property=\"article:modified_time\" content=\"2026-02-10T14:36:29+00:00\" \/>\n<meta property=\"og:image\" content=\"https:\/\/ferienchalet-wallis.ch\/wp-content\/uploads\/2026\/02\/Bettmersee-mit-Hintergrund-Skipiste.jpg\" \/>\n\t<meta property=\"og:image:width\" content=\"2016\" \/>\n\t<meta property=\"og:image:height\" content=\"1512\" \/>\n\t<meta property=\"og:image:type\" content=\"image\/jpeg\" \/>\n<meta name=\"author\" content=\"WalliSaar\" \/>\n<meta name=\"twitter:card\" content=\"summary_large_image\" \/>\n<meta name=\"twitter:label1\" content=\"Written by\" \/>\n\t<meta name=\"twitter:data1\" content=\"WalliSaar\" \/>\n\t<meta name=\"twitter:label2\" content=\"Estimated reading time\" \/>\n\t<meta name=\"twitter:data2\" content=\"4 minutes\" \/>\n<script type=\"application\/ld+json\" class=\"yoast-schema-graph\">{\"@context\":\"https:\\\/\\\/schema.org\",\"@graph\":[{\"@type\":\"Article\",\"@id\":\"https:\\\/\\\/ferienchalet-wallis.ch\\\/winterspaziergang-zum-bettmersee\\\/#article\",\"isPartOf\":{\"@id\":\"https:\\\/\\\/ferienchalet-wallis.ch\\\/winterspaziergang-zum-bettmersee\\\/\"},\"author\":{\"name\":\"WalliSaar\",\"@id\":\"https:\\\/\\\/ferienchalet-wallis.ch\\\/#\\\/schema\\\/person\\\/18b3f062b0514bc953799175b9bfdd2b\"},\"headline\":\"Winterspaziergang zum Bettmersee\",\"datePublished\":\"2026-02-10T14:18:10+00:00\",\"dateModified\":\"2026-02-10T14:36:29+00:00\",\"mainEntityOfPage\":{\"@id\":\"https:\\\/\\\/ferienchalet-wallis.ch\\\/winterspaziergang-zum-bettmersee\\\/\"},\"wordCount\":959,\"publisher\":{\"@id\":\"https:\\\/\\\/ferienchalet-wallis.ch\\\/#organization\"},\"image\":{\"@id\":\"https:\\\/\\\/ferienchalet-wallis.ch\\\/winterspaziergang-zum-bettmersee\\\/#primaryimage\"},\"thumbnailUrl\":\"https:\\\/\\\/ferienchalet-wallis.ch\\\/wp-content\\\/uploads\\\/2026\\\/02\\\/Bettmersee-mit-Hintergrund-Skipiste.jpg\",\"articleSection\":[\"Aletsch Arena\",\"Bettmeralp\",\"Wandern\",\"Winter\"],\"inLanguage\":\"en-GB\"},{\"@type\":\"WebPage\",\"@id\":\"https:\\\/\\\/ferienchalet-wallis.ch\\\/winterspaziergang-zum-bettmersee\\\/\",\"url\":\"https:\\\/\\\/ferienchalet-wallis.ch\\\/winterspaziergang-zum-bettmersee\\\/\",\"name\":\"Winterspaziergang zum Bettmersee - Bettmeralp und Riederalp\",\"isPartOf\":{\"@id\":\"https:\\\/\\\/ferienchalet-wallis.ch\\\/#website\"},\"primaryImageOfPage\":{\"@id\":\"https:\\\/\\\/ferienchalet-wallis.ch\\\/winterspaziergang-zum-bettmersee\\\/#primaryimage\"},\"image\":{\"@id\":\"https:\\\/\\\/ferienchalet-wallis.ch\\\/winterspaziergang-zum-bettmersee\\\/#primaryimage\"},\"thumbnailUrl\":\"https:\\\/\\\/ferienchalet-wallis.ch\\\/wp-content\\\/uploads\\\/2026\\\/02\\\/Bettmersee-mit-Hintergrund-Skipiste.jpg\",\"datePublished\":\"2026-02-10T14:18:10+00:00\",\"dateModified\":\"2026-02-10T14:36:29+00:00\",\"description\":\"Die Winterwanderung zum Bettmersee ist ab der Riederalp nicht zu kurz und bietet Ihnen tolle Fernsicht.\",\"breadcrumb\":{\"@id\":\"https:\\\/\\\/ferienchalet-wallis.ch\\\/winterspaziergang-zum-bettmersee\\\/#breadcrumb\"},\"inLanguage\":\"en-GB\",\"potentialAction\":[{\"@type\":\"ReadAction\",\"target\":[\"https:\\\/\\\/ferienchalet-wallis.ch\\\/winterspaziergang-zum-bettmersee\\\/\"]}]},{\"@type\":\"ImageObject\",\"inLanguage\":\"en-GB\",\"@id\":\"https:\\\/\\\/ferienchalet-wallis.ch\\\/winterspaziergang-zum-bettmersee\\\/#primaryimage\",\"url\":\"https:\\\/\\\/ferienchalet-wallis.ch\\\/wp-content\\\/uploads\\\/2026\\\/02\\\/Bettmersee-mit-Hintergrund-Skipiste.jpg\",\"contentUrl\":\"https:\\\/\\\/ferienchalet-wallis.ch\\\/wp-content\\\/uploads\\\/2026\\\/02\\\/Bettmersee-mit-Hintergrund-Skipiste.jpg\",\"width\":2016,\"height\":1512,\"caption\":\"Bettmersee mit Hintergrund Skipiste\"},{\"@type\":\"BreadcrumbList\",\"@id\":\"https:\\\/\\\/ferienchalet-wallis.ch\\\/winterspaziergang-zum-bettmersee\\\/#breadcrumb\",\"itemListElement\":[{\"@type\":\"ListItem\",\"position\":1,\"name\":\"Home\",\"item\":\"https:\\\/\\\/ferienchalet-wallis.ch\\\/\"},{\"@type\":\"ListItem\",\"position\":2,\"name\":\"Winterspaziergang zum Bettmersee\"}]},{\"@type\":\"WebSite\",\"@id\":\"https:\\\/\\\/ferienchalet-wallis.ch\\\/#website\",\"url\":\"https:\\\/\\\/ferienchalet-wallis.ch\\\/\",\"name\":\"Bettmeralp und Riederalp\",\"description\":\"Kranzfelder Markus\",\"publisher\":{\"@id\":\"https:\\\/\\\/ferienchalet-wallis.ch\\\/#organization\"},\"potentialAction\":[{\"@type\":\"SearchAction\",\"target\":{\"@type\":\"EntryPoint\",\"urlTemplate\":\"https:\\\/\\\/ferienchalet-wallis.ch\\\/?s={search_term_string}\"},\"query-input\":{\"@type\":\"PropertyValueSpecification\",\"valueRequired\":true,\"valueName\":\"search_term_string\"}}],\"inLanguage\":\"en-GB\"},{\"@type\":\"Organization\",\"@id\":\"https:\\\/\\\/ferienchalet-wallis.ch\\\/#organization\",\"name\":\"Liegenschaftsbetreuung \\\/ Vermietung \u2013 M. Kranzfelder\",\"url\":\"https:\\\/\\\/ferienchalet-wallis.ch\\\/\",\"logo\":{\"@type\":\"ImageObject\",\"inLanguage\":\"en-GB\",\"@id\":\"https:\\\/\\\/ferienchalet-wallis.ch\\\/#\\\/schema\\\/logo\\\/image\\\/\",\"url\":\"https:\\\/\\\/ferienchalet-wallis.ch\\\/wp-content\\\/uploads\\\/2022\\\/01\\\/Logo_Kranzfelder.png\",\"contentUrl\":\"https:\\\/\\\/ferienchalet-wallis.ch\\\/wp-content\\\/uploads\\\/2022\\\/01\\\/Logo_Kranzfelder.png\",\"width\":1526,\"height\":447,\"caption\":\"Liegenschaftsbetreuung \\\/ Vermietung \u2013 M. Kranzfelder\"},\"image\":{\"@id\":\"https:\\\/\\\/ferienchalet-wallis.ch\\\/#\\\/schema\\\/logo\\\/image\\\/\"}},{\"@type\":\"Person\",\"@id\":\"https:\\\/\\\/ferienchalet-wallis.ch\\\/#\\\/schema\\\/person\\\/18b3f062b0514bc953799175b9bfdd2b\",\"name\":\"WalliSaar\",\"image\":{\"@type\":\"ImageObject\",\"inLanguage\":\"en-GB\",\"@id\":\"https:\\\/\\\/secure.gravatar.com\\\/avatar\\\/1be7f9468eac0e02f655be9ab758a01ae5dc72d678841cc4898d463993c78d36?s=96&d=initials&r=g&initials=ru\",\"url\":\"https:\\\/\\\/secure.gravatar.com\\\/avatar\\\/1be7f9468eac0e02f655be9ab758a01ae5dc72d678841cc4898d463993c78d36?s=96&d=initials&r=g&initials=ru\",\"contentUrl\":\"https:\\\/\\\/secure.gravatar.com\\\/avatar\\\/1be7f9468eac0e02f655be9ab758a01ae5dc72d678841cc4898d463993c78d36?s=96&d=initials&r=g&initials=ru\",\"caption\":\"WalliSaar\"},\"description\":\"Mein Name ist Anja Ruch und ich schreibe die Blogbeitr\u00e4ge f\u00fcr das Ehepaar Markus &amp; Tabitha Kranzfelder. Der Name WalliSaar gr\u00fcndet sich auf meinen Wurzeln im Saarland und den neuen im Wallis. My name is Anja Ruch and I write the blog entries for the Markus &amp; Tabitha Kranzfelder couple. The name WalliSaar shows the connection to my old roots in Saarland and the new ones in Valais.\",\"sameAs\":[\"https:\\\/\\\/www.ferienchalet-wallis.ch\\\/blog\"],\"url\":\"https:\\\/\\\/ferienchalet-wallis.ch\\\/en\\\/author\\\/wallisaar\\\/\"}]}<\/script>\n<!-- \/ Yoast SEO plugin. -->","yoast_head_json":{"title":"Winterspaziergang zum Bettmersee - Bettmeralp und Riederalp","description":"Die Winterwanderung zum Bettmersee ist ab der Riederalp nicht zu kurz und bietet Ihnen tolle Fernsicht.","robots":{"index":"index","follow":"follow","max-snippet":"max-snippet:-1","max-image-preview":"max-image-preview:large","max-video-preview":"max-video-preview:-1"},"canonical":"https:\/\/ferienchalet-wallis.ch\/en\/winterspaziergang-zum-bettmersee\/","og_locale":"en_GB","og_type":"article","og_title":"Winterspaziergang zum Bettmersee - Bettmeralp und Riederalp","og_description":"Die Winterwanderung zum Bettmersee ist ab der Riederalp nicht zu kurz und bietet Ihnen tolle Fernsicht.","og_url":"https:\/\/ferienchalet-wallis.ch\/en\/winterspaziergang-zum-bettmersee\/","og_site_name":"Bettmeralp und Riederalp","article_published_time":"2026-02-10T14:18:10+00:00","article_modified_time":"2026-02-10T14:36:29+00:00","og_image":[{"width":2016,"height":1512,"url":"https:\/\/ferienchalet-wallis.ch\/wp-content\/uploads\/2026\/02\/Bettmersee-mit-Hintergrund-Skipiste.jpg","type":"image\/jpeg"}],"author":"WalliSaar","twitter_card":"summary_large_image","twitter_misc":{"Written by":"WalliSaar","Estimated reading time":"4 minutes"},"schema":{"@context":"https:\/\/schema.org","@graph":[{"@type":"Article","@id":"https:\/\/ferienchalet-wallis.ch\/winterspaziergang-zum-bettmersee\/#article","isPartOf":{"@id":"https:\/\/ferienchalet-wallis.ch\/winterspaziergang-zum-bettmersee\/"},"author":{"name":"WalliSaar","@id":"https:\/\/ferienchalet-wallis.ch\/#\/schema\/person\/18b3f062b0514bc953799175b9bfdd2b"},"headline":"Winterspaziergang zum Bettmersee","datePublished":"2026-02-10T14:18:10+00:00","dateModified":"2026-02-10T14:36:29+00:00","mainEntityOfPage":{"@id":"https:\/\/ferienchalet-wallis.ch\/winterspaziergang-zum-bettmersee\/"},"wordCount":959,"publisher":{"@id":"https:\/\/ferienchalet-wallis.ch\/#organization"},"image":{"@id":"https:\/\/ferienchalet-wallis.ch\/winterspaziergang-zum-bettmersee\/#primaryimage"},"thumbnailUrl":"https:\/\/ferienchalet-wallis.ch\/wp-content\/uploads\/2026\/02\/Bettmersee-mit-Hintergrund-Skipiste.jpg","articleSection":["Aletsch Arena","Bettmeralp","Wandern","Winter"],"inLanguage":"en-GB"},{"@type":"WebPage","@id":"https:\/\/ferienchalet-wallis.ch\/winterspaziergang-zum-bettmersee\/","url":"https:\/\/ferienchalet-wallis.ch\/winterspaziergang-zum-bettmersee\/","name":"Winterspaziergang zum Bettmersee - Bettmeralp und Riederalp","isPartOf":{"@id":"https:\/\/ferienchalet-wallis.ch\/#website"},"primaryImageOfPage":{"@id":"https:\/\/ferienchalet-wallis.ch\/winterspaziergang-zum-bettmersee\/#primaryimage"},"image":{"@id":"https:\/\/ferienchalet-wallis.ch\/winterspaziergang-zum-bettmersee\/#primaryimage"},"thumbnailUrl":"https:\/\/ferienchalet-wallis.ch\/wp-content\/uploads\/2026\/02\/Bettmersee-mit-Hintergrund-Skipiste.jpg","datePublished":"2026-02-10T14:18:10+00:00","dateModified":"2026-02-10T14:36:29+00:00","description":"Die Winterwanderung zum Bettmersee ist ab der Riederalp nicht zu kurz und bietet Ihnen tolle Fernsicht.","breadcrumb":{"@id":"https:\/\/ferienchalet-wallis.ch\/winterspaziergang-zum-bettmersee\/#breadcrumb"},"inLanguage":"en-GB","potentialAction":[{"@type":"ReadAction","target":["https:\/\/ferienchalet-wallis.ch\/winterspaziergang-zum-bettmersee\/"]}]},{"@type":"ImageObject","inLanguage":"en-GB","@id":"https:\/\/ferienchalet-wallis.ch\/winterspaziergang-zum-bettmersee\/#primaryimage","url":"https:\/\/ferienchalet-wallis.ch\/wp-content\/uploads\/2026\/02\/Bettmersee-mit-Hintergrund-Skipiste.jpg","contentUrl":"https:\/\/ferienchalet-wallis.ch\/wp-content\/uploads\/2026\/02\/Bettmersee-mit-Hintergrund-Skipiste.jpg","width":2016,"height":1512,"caption":"Bettmersee mit Hintergrund Skipiste"},{"@type":"BreadcrumbList","@id":"https:\/\/ferienchalet-wallis.ch\/winterspaziergang-zum-bettmersee\/#breadcrumb","itemListElement":[{"@type":"ListItem","position":1,"name":"Home","item":"https:\/\/ferienchalet-wallis.ch\/"},{"@type":"ListItem","position":2,"name":"Winterspaziergang zum Bettmersee"}]},{"@type":"WebSite","@id":"https:\/\/ferienchalet-wallis.ch\/#website","url":"https:\/\/ferienchalet-wallis.ch\/","name":"Bettmeralp and Riederalp","description":"Kranzfelder Markus","publisher":{"@id":"https:\/\/ferienchalet-wallis.ch\/#organization"},"potentialAction":[{"@type":"SearchAction","target":{"@type":"EntryPoint","urlTemplate":"https:\/\/ferienchalet-wallis.ch\/?s={search_term_string}"},"query-input":{"@type":"PropertyValueSpecification","valueRequired":true,"valueName":"search_term_string"}}],"inLanguage":"en-GB"},{"@type":"Organization","@id":"https:\/\/ferienchalet-wallis.ch\/#organization","name":"Liegenschaftsbetreuung \/ Vermietung \u2013 M. Kranzfelder","url":"https:\/\/ferienchalet-wallis.ch\/","logo":{"@type":"ImageObject","inLanguage":"en-GB","@id":"https:\/\/ferienchalet-wallis.ch\/#\/schema\/logo\/image\/","url":"https:\/\/ferienchalet-wallis.ch\/wp-content\/uploads\/2022\/01\/Logo_Kranzfelder.png","contentUrl":"https:\/\/ferienchalet-wallis.ch\/wp-content\/uploads\/2022\/01\/Logo_Kranzfelder.png","width":1526,"height":447,"caption":"Liegenschaftsbetreuung \/ Vermietung \u2013 M. Kranzfelder"},"image":{"@id":"https:\/\/ferienchalet-wallis.ch\/#\/schema\/logo\/image\/"}},{"@type":"Person","@id":"https:\/\/ferienchalet-wallis.ch\/#\/schema\/person\/18b3f062b0514bc953799175b9bfdd2b","name":"WalliSaar","image":{"@type":"ImageObject","inLanguage":"en-GB","@id":"https:\/\/secure.gravatar.com\/avatar\/1be7f9468eac0e02f655be9ab758a01ae5dc72d678841cc4898d463993c78d36?s=96&d=initials&r=g&initials=ru","url":"https:\/\/secure.gravatar.com\/avatar\/1be7f9468eac0e02f655be9ab758a01ae5dc72d678841cc4898d463993c78d36?s=96&d=initials&r=g&initials=ru","contentUrl":"https:\/\/secure.gravatar.com\/avatar\/1be7f9468eac0e02f655be9ab758a01ae5dc72d678841cc4898d463993c78d36?s=96&d=initials&r=g&initials=ru","caption":"WalliSaar"},"description":"Mein Name ist Anja Ruch und ich schreibe die Blogbeitr\u00e4ge f\u00fcr das Ehepaar Markus &amp; Tabitha Kranzfelder. Der Name WalliSaar gr\u00fcndet sich auf meinen Wurzeln im Saarland und den neuen im Wallis. My name is Anja Ruch and I write the blog entries for the Markus &amp; Tabitha Kranzfelder couple. The name WalliSaar shows the connection to my old roots in Saarland and the new ones in Valais.","sameAs":["https:\/\/www.ferienchalet-wallis.ch\/blog"],"url":"https:\/\/ferienchalet-wallis.ch\/en\/author\/wallisaar\/"}]}},"_links":{"self":[{"href":"https:\/\/ferienchalet-wallis.ch\/en\/wp-json\/wp\/v2\/posts\/2944","targetHints":{"allow":["GET"]}}],"collection":[{"href":"https:\/\/ferienchalet-wallis.ch\/en\/wp-json\/wp\/v2\/posts"}],"about":[{"href":"https:\/\/ferienchalet-wallis.ch\/en\/wp-json\/wp\/v2\/types\/post"}],"author":[{"embeddable":true,"href":"https:\/\/ferienchalet-wallis.ch\/en\/wp-json\/wp\/v2\/users\/3"}],"replies":[{"embeddable":true,"href":"https:\/\/ferienchalet-wallis.ch\/en\/wp-json\/wp\/v2\/comments?post=2944"}],"version-history":[{"count":5,"href":"https:\/\/ferienchalet-wallis.ch\/en\/wp-json\/wp\/v2\/posts\/2944\/revisions"}],"predecessor-version":[{"id":2965,"href":"https:\/\/ferienchalet-wallis.ch\/en\/wp-json\/wp\/v2\/posts\/2944\/revisions\/2965"}],"wp:featuredmedia":[{"embeddable":true,"href":"https:\/\/ferienchalet-wallis.ch\/en\/wp-json\/wp\/v2\/media\/2951"}],"wp:attachment":[{"href":"https:\/\/ferienchalet-wallis.ch\/en\/wp-json\/wp\/v2\/media?parent=2944"}],"wp:term":[{"taxonomy":"category","embeddable":true,"href":"https:\/\/ferienchalet-wallis.ch\/en\/wp-json\/wp\/v2\/categories?post=2944"},{"taxonomy":"post_tag","embeddable":true,"href":"https:\/\/ferienchalet-wallis.ch\/en\/wp-json\/wp\/v2\/tags?post=2944"}],"curies":[{"name":"wp","href":"https:\/\/api.w.org\/{rel}","templated":true}]}}