{"id":3017,"date":"2026-04-07T15:14:21","date_gmt":"2026-04-07T15:14:21","guid":{"rendered":"https:\/\/ferienchalet-wallis.ch\/?p=3017"},"modified":"2026-04-07T15:26:37","modified_gmt":"2026-04-07T15:26:37","slug":"skitouren-ab-aletsch-arena","status":"publish","type":"post","link":"https:\/\/ferienchalet-wallis.ch\/en\/skitouren-ab-aletsch-arena\/","title":{"rendered":"Ski tours from Aletsch Arena"},"content":{"rendered":"<style type=\"text\/css\" data-created_by=\"avia_inline_auto\" id=\"style-css-av-mnor8g2z-06a93165675418abe785eb625ed86727\">\n#top .av-special-heading.av-mnor8g2z-06a93165675418abe785eb625ed86727{\npadding-bottom:10px;\n}\nbody .av-special-heading.av-mnor8g2z-06a93165675418abe785eb625ed86727 .av-special-heading-tag .heading-char{\nfont-size:25px;\n}\n.av-special-heading.av-mnor8g2z-06a93165675418abe785eb625ed86727 .av-subheading{\nfont-size:15px;\n}\n<\/style>\n<div  class='av-special-heading av-mnor8g2z-06a93165675418abe785eb625ed86727 av-special-heading-h2  avia-builder-el-0  el_before_av_image  avia-builder-el-first'><h2 class='av-special-heading-tag'  itemprop=\"headline\"  >Time for ski touring<\/h2><div class=\"special-heading-border\"><div class=\"special-heading-inner-border\"><\/div><\/div><\/div>\n\n<style type=\"text\/css\" data-created_by=\"avia_inline_auto\" id=\"style-css-av-mnor98sr-904ca0a715163a2234ce43cf07271f2a\">\n.avia-image-container.av-mnor98sr-904ca0a715163a2234ce43cf07271f2a .av-image-caption-overlay-center{\ncolor:#ffffff;\n}\n<\/style>\n<div  class='avia-image-container av-mnor98sr-904ca0a715163a2234ce43cf07271f2a av-styling- avia-align-center  avia-builder-el-1  el_after_av_heading  el_before_av_textblock'  itemprop=\"image\" itemscope=\"itemscope\" itemtype=\"https:\/\/schema.org\/ImageObject\" ><div class=\"avia-image-container-inner\"><div class=\"avia-image-overlay-wrap\"><img decoding=\"async\" class='wp-image-1254 avia-img-lazy-loading-not-1254 avia_image' src=\"https:\/\/ferienchalet-wallis.ch\/wp-content\/uploads\/2022\/12\/Winter_aletschgletscher-1600-1500x630.jpg\" alt='Aletschgletscher im Winter' title='Aletschgletscher im Winter'  height=\"630\" width=\"1500\"  itemprop=\"thumbnailUrl\"  \/><\/div><\/div><\/div>\n<section  class='av_textblock_section av-mnorcx8y-4dc67185557ceafc4e068d6234308b64'  itemscope=\"itemscope\" itemtype=\"https:\/\/schema.org\/BlogPosting\" itemprop=\"blogPost\" ><div class='avia_textblock'  itemprop=\"text\" ><p>It's mid-April, and the peak season crowds in the ski resorts have subsided. There's plenty of snow, and the weather is typical of Valais: pure sunshine! Time for panoramic views, tranquility, and spring snow. Simply enjoy this white paradise and challenge your skiing skills. The following ski tours lead across glaciers and take approximately 5 hours. Generally, ski tours are possible from all three ski areas \u2013 Riederalp, Bettmeralp, and Fiescheralp \u2013 in the Aletsch Arena. If you are inexperienced, you should definitely hire a mountain guide.<\/p>\n<h3>From Riederalp to Fusshorn bivouac<\/h3>\n<p>The ski tour starts at Moosfluh on the Riederalp and lasts 5 hours with 830 meters of ascent and 320 meters of descent. The Fusshorn bivouac offers 10 sleeping places and is only accessible with a key. Further information about the bivouac hut, including reservation options, can be found <a href=\"https:\/\/www.sac-cas.ch\/de\/huetten-und-touren\/sac-tourenportal\/fusshornbiwak-2147000103\/\" target=\"_blank\" rel=\"noopener\">here<\/a>.<\/p>\n<h3>From Fiescheralp to the Konkordia Hut<\/h3>\n<p>The tour starts at the Talegga chairlift mountain station, passing Lake M\u00e4rjelen. It takes almost 5 hours with an ascent of 710 meters and a descent of 520 meters. The Konkordia Hut is open from March to the end of May. Online reservations can be made directly through the <a href=\"https:\/\/www.konkordiahuette.ch\/index.php\/en\/\" target=\"_blank\" rel=\"noopener\">Konkordia Hut website<\/a> .<\/p>\n<h3>Ski tours to the Oberaletsch Hut<\/h3>\n<p>The standard winter route to the Oberaletsch Hut is only accessible from Belalp and takes approximately four and a half hours with an 800-meter ascent and a 290-meter descent. The hut offers exclusively vegetarian food, with the exception of dried meat. Online booking is also available for the <a href=\"https:\/\/oberaletsch.ch\/\" target=\"_blank\" rel=\"noopener\">Oberaletsch Hut<\/a> .<\/p>\n<p><em>D\u2018 wisi Pracht isch fer iisch gmacht<\/em><\/p>\n<\/div><\/section>\n<div class='flex_column av-8gppqh-d1ff20e5604f4bf983d1fe6cd0ef7def av_one_half  avia-builder-el-3  el_after_av_textblock  avia-builder-el-last  first flex_column_div column-top-margin'   ><p><div  class='av-post-metadata-container av-79zfnd-9484e4a4cb829e2488a1c65f0f73da20 av-metadata-container-align-left  avia-builder-el-4  el_before_av_social_share  avia-builder-el-first  av-metadata-container-1'><div class='av-post-metadata-container-inner'><span class=\"av-post-metadata-content av-post-metadata-meta-content\"><span class=\"av-post-metadata-content av-post-metadata-author\"  itemprop=\"author\" ><span class=\"av-metadata-before av-metadata-before-author\">of<\/span><span class=\"av-post-metadata-author-link\" ><a href=\"https:\/\/ferienchalet-wallis.ch\/en\/author\/wallisaar\/\"  rel=\"author\">WalliSaar<\/a><\/span><\/span><span class=\"av-post-metadata-content av-post-metadata-separator\">\/<\/span><span class=\"av-post-metadata-content av-post-metadata-published\"><span class=\"av-post-metadata-published-date\" >April 7, 2026<\/span><\/span><\/span><\/div><\/div><br \/>\n<div  class='av-social-sharing-box av-33z9s9-0567d5499ba7615df73cbeff2939977e av-social-sharing-box-circle  avia-builder-el-5  el_after_av_post_metadata  avia-builder-el-last  av-social-sharing-box-color-bg av-social-sharing-box-same-width'><div class=\"av-share-box\"><h5 class='av-share-link-description av-no-toc'>Share entry<\/h5><ul class=\"av-share-box-list noLightbox\"><li class='av-share-link av-social-link-facebook' ><a target=\"_blank\" aria-label=\"Share on Facebook\" href='https:\/\/www.facebook.com\/sharer.php?u=https:\/\/ferienchalet-wallis.ch\/en\/skitouren-ab-aletsch-arena\/&#038;t=Skitouren%20ab%20Aletsch%20Arena' aria-hidden='false' data-av_icon='\ue8f3' data-av_iconfont='entypo-fontello' title='' data-avia-related-tooltip='Share on Facebook' rel=\"noopener\"><span class='avia_hidden_link_text'>Share on Facebook<\/span><\/a><\/li><li class='av-share-link av-social-link-whatsapp' ><a target=\"_blank\" aria-label=\"Share on WhatsApp\" href='https:\/\/api.whatsapp.com\/send?text=https:\/\/ferienchalet-wallis.ch\/en\/skitouren-ab-aletsch-arena\/' aria-hidden='false' data-av_icon='\uf232' data-av_iconfont='entypo-fontello' title='' data-avia-related-tooltip='Share on WhatsApp' rel=\"noopener\"><span class='avia_hidden_link_text'>Share on WhatsApp<\/span><\/a><\/li><\/ul><\/div><\/div><\/p><\/div>","protected":false},"excerpt":{"rendered":"","protected":false},"author":3,"featured_media":1254,"comment_status":"closed","ping_status":"closed","sticky":false,"template":"","format":"standard","meta":{"footnotes":""},"categories":[28,26],"tags":[],"class_list":["post-3017","post","type-post","status-publish","format-standard","has-post-thumbnail","hentry","category-aletsch-arena","category-skitouring"],"yoast_head":"<!-- This site is optimized with the Yoast SEO plugin v27.4 - https:\/\/yoast.com\/product\/yoast-seo-wordpress\/ -->\n<title>Skitouren ab Aletsch Arena - Bettmeralp und Riederalp<\/title>\n<meta name=\"description\" content=\"Zeit f\u00fcr Skitouren in der Aletsch Arena. Skitouren \u00fcber den Gletscher von der Riederalp, Bettmeralp und Fiescheralp.\" \/>\n<meta name=\"robots\" content=\"index, follow, max-snippet:-1, max-image-preview:large, max-video-preview:-1\" \/>\n<link rel=\"canonical\" href=\"https:\/\/ferienchalet-wallis.ch\/en\/skitouren-ab-aletsch-arena\/\" \/>\n<meta property=\"og:locale\" content=\"en_GB\" \/>\n<meta property=\"og:type\" content=\"article\" \/>\n<meta property=\"og:title\" content=\"Skitouren ab Aletsch Arena - Bettmeralp und Riederalp\" \/>\n<meta property=\"og:description\" content=\"Zeit f\u00fcr Skitouren in der Aletsch Arena. Skitouren \u00fcber den Gletscher von der Riederalp, Bettmeralp und Fiescheralp.\" \/>\n<meta property=\"og:url\" content=\"https:\/\/ferienchalet-wallis.ch\/en\/skitouren-ab-aletsch-arena\/\" \/>\n<meta property=\"og:site_name\" content=\"Bettmeralp und Riederalp\" \/>\n<meta property=\"article:published_time\" content=\"2026-04-07T15:14:21+00:00\" \/>\n<meta property=\"article:modified_time\" content=\"2026-04-07T15:26:37+00:00\" \/>\n<meta property=\"og:image\" content=\"https:\/\/ferienchalet-wallis.ch\/wp-content\/uploads\/2022\/12\/Winter_aletschgletscher-1600.jpg\" \/>\n\t<meta property=\"og:image:width\" content=\"1600\" \/>\n\t<meta property=\"og:image:height\" content=\"917\" \/>\n\t<meta property=\"og:image:type\" content=\"image\/jpeg\" \/>\n<meta name=\"author\" content=\"WalliSaar\" \/>\n<meta name=\"twitter:card\" content=\"summary_large_image\" \/>\n<meta name=\"twitter:label1\" content=\"Written by\" \/>\n\t<meta name=\"twitter:data1\" content=\"WalliSaar\" \/>\n\t<meta name=\"twitter:label2\" content=\"Estimated reading time\" \/>\n\t<meta name=\"twitter:data2\" content=\"3 minutes\" \/>\n<script type=\"application\/ld+json\" class=\"yoast-schema-graph\">{\"@context\":\"https:\\\/\\\/schema.org\",\"@graph\":[{\"@type\":\"Article\",\"@id\":\"https:\\\/\\\/ferienchalet-wallis.ch\\\/skitouren-ab-aletsch-arena\\\/#article\",\"isPartOf\":{\"@id\":\"https:\\\/\\\/ferienchalet-wallis.ch\\\/skitouren-ab-aletsch-arena\\\/\"},\"author\":{\"name\":\"WalliSaar\",\"@id\":\"https:\\\/\\\/ferienchalet-wallis.ch\\\/#\\\/schema\\\/person\\\/18b3f062b0514bc953799175b9bfdd2b\"},\"headline\":\"Skitouren ab Aletsch Arena\",\"datePublished\":\"2026-04-07T15:14:21+00:00\",\"dateModified\":\"2026-04-07T15:26:37+00:00\",\"mainEntityOfPage\":{\"@id\":\"https:\\\/\\\/ferienchalet-wallis.ch\\\/skitouren-ab-aletsch-arena\\\/\"},\"wordCount\":794,\"publisher\":{\"@id\":\"https:\\\/\\\/ferienchalet-wallis.ch\\\/#organization\"},\"image\":{\"@id\":\"https:\\\/\\\/ferienchalet-wallis.ch\\\/skitouren-ab-aletsch-arena\\\/#primaryimage\"},\"thumbnailUrl\":\"https:\\\/\\\/ferienchalet-wallis.ch\\\/wp-content\\\/uploads\\\/2022\\\/12\\\/Winter_aletschgletscher-1600.jpg\",\"articleSection\":[\"Aletsch Arena\",\"Skitouring\"],\"inLanguage\":\"en-GB\"},{\"@type\":\"WebPage\",\"@id\":\"https:\\\/\\\/ferienchalet-wallis.ch\\\/skitouren-ab-aletsch-arena\\\/\",\"url\":\"https:\\\/\\\/ferienchalet-wallis.ch\\\/skitouren-ab-aletsch-arena\\\/\",\"name\":\"Skitouren ab Aletsch Arena - Bettmeralp und Riederalp\",\"isPartOf\":{\"@id\":\"https:\\\/\\\/ferienchalet-wallis.ch\\\/#website\"},\"primaryImageOfPage\":{\"@id\":\"https:\\\/\\\/ferienchalet-wallis.ch\\\/skitouren-ab-aletsch-arena\\\/#primaryimage\"},\"image\":{\"@id\":\"https:\\\/\\\/ferienchalet-wallis.ch\\\/skitouren-ab-aletsch-arena\\\/#primaryimage\"},\"thumbnailUrl\":\"https:\\\/\\\/ferienchalet-wallis.ch\\\/wp-content\\\/uploads\\\/2022\\\/12\\\/Winter_aletschgletscher-1600.jpg\",\"datePublished\":\"2026-04-07T15:14:21+00:00\",\"dateModified\":\"2026-04-07T15:26:37+00:00\",\"description\":\"Zeit f\u00fcr Skitouren in der Aletsch Arena. Skitouren \u00fcber den Gletscher von der Riederalp, Bettmeralp und Fiescheralp.\",\"breadcrumb\":{\"@id\":\"https:\\\/\\\/ferienchalet-wallis.ch\\\/skitouren-ab-aletsch-arena\\\/#breadcrumb\"},\"inLanguage\":\"en-GB\",\"potentialAction\":[{\"@type\":\"ReadAction\",\"target\":[\"https:\\\/\\\/ferienchalet-wallis.ch\\\/skitouren-ab-aletsch-arena\\\/\"]}]},{\"@type\":\"ImageObject\",\"inLanguage\":\"en-GB\",\"@id\":\"https:\\\/\\\/ferienchalet-wallis.ch\\\/skitouren-ab-aletsch-arena\\\/#primaryimage\",\"url\":\"https:\\\/\\\/ferienchalet-wallis.ch\\\/wp-content\\\/uploads\\\/2022\\\/12\\\/Winter_aletschgletscher-1600.jpg\",\"contentUrl\":\"https:\\\/\\\/ferienchalet-wallis.ch\\\/wp-content\\\/uploads\\\/2022\\\/12\\\/Winter_aletschgletscher-1600.jpg\",\"width\":1600,\"height\":917,\"caption\":\"Aletschgletscher im Winter\"},{\"@type\":\"BreadcrumbList\",\"@id\":\"https:\\\/\\\/ferienchalet-wallis.ch\\\/skitouren-ab-aletsch-arena\\\/#breadcrumb\",\"itemListElement\":[{\"@type\":\"ListItem\",\"position\":1,\"name\":\"Home\",\"item\":\"https:\\\/\\\/ferienchalet-wallis.ch\\\/\"},{\"@type\":\"ListItem\",\"position\":2,\"name\":\"Skitouren ab Aletsch Arena\"}]},{\"@type\":\"WebSite\",\"@id\":\"https:\\\/\\\/ferienchalet-wallis.ch\\\/#website\",\"url\":\"https:\\\/\\\/ferienchalet-wallis.ch\\\/\",\"name\":\"Bettmeralp und Riederalp\",\"description\":\"Kranzfelder Markus\",\"publisher\":{\"@id\":\"https:\\\/\\\/ferienchalet-wallis.ch\\\/#organization\"},\"potentialAction\":[{\"@type\":\"SearchAction\",\"target\":{\"@type\":\"EntryPoint\",\"urlTemplate\":\"https:\\\/\\\/ferienchalet-wallis.ch\\\/?s={search_term_string}\"},\"query-input\":{\"@type\":\"PropertyValueSpecification\",\"valueRequired\":true,\"valueName\":\"search_term_string\"}}],\"inLanguage\":\"en-GB\"},{\"@type\":\"Organization\",\"@id\":\"https:\\\/\\\/ferienchalet-wallis.ch\\\/#organization\",\"name\":\"Liegenschaftsbetreuung \\\/ Vermietung \u2013 M. Kranzfelder\",\"url\":\"https:\\\/\\\/ferienchalet-wallis.ch\\\/\",\"logo\":{\"@type\":\"ImageObject\",\"inLanguage\":\"en-GB\",\"@id\":\"https:\\\/\\\/ferienchalet-wallis.ch\\\/#\\\/schema\\\/logo\\\/image\\\/\",\"url\":\"https:\\\/\\\/ferienchalet-wallis.ch\\\/wp-content\\\/uploads\\\/2022\\\/01\\\/Logo_Kranzfelder.png\",\"contentUrl\":\"https:\\\/\\\/ferienchalet-wallis.ch\\\/wp-content\\\/uploads\\\/2022\\\/01\\\/Logo_Kranzfelder.png\",\"width\":1526,\"height\":447,\"caption\":\"Liegenschaftsbetreuung \\\/ Vermietung \u2013 M. Kranzfelder\"},\"image\":{\"@id\":\"https:\\\/\\\/ferienchalet-wallis.ch\\\/#\\\/schema\\\/logo\\\/image\\\/\"}},{\"@type\":\"Person\",\"@id\":\"https:\\\/\\\/ferienchalet-wallis.ch\\\/#\\\/schema\\\/person\\\/18b3f062b0514bc953799175b9bfdd2b\",\"name\":\"WalliSaar\",\"image\":{\"@type\":\"ImageObject\",\"inLanguage\":\"en-GB\",\"@id\":\"https:\\\/\\\/secure.gravatar.com\\\/avatar\\\/1be7f9468eac0e02f655be9ab758a01ae5dc72d678841cc4898d463993c78d36?s=96&d=initials&r=g&initials=ru\",\"url\":\"https:\\\/\\\/secure.gravatar.com\\\/avatar\\\/1be7f9468eac0e02f655be9ab758a01ae5dc72d678841cc4898d463993c78d36?s=96&d=initials&r=g&initials=ru\",\"contentUrl\":\"https:\\\/\\\/secure.gravatar.com\\\/avatar\\\/1be7f9468eac0e02f655be9ab758a01ae5dc72d678841cc4898d463993c78d36?s=96&d=initials&r=g&initials=ru\",\"caption\":\"WalliSaar\"},\"description\":\"Mein Name ist Anja Ruch und ich schreibe die Blogbeitr\u00e4ge f\u00fcr das Ehepaar Markus &amp; Tabitha Kranzfelder. Der Name WalliSaar gr\u00fcndet sich auf meinen Wurzeln im Saarland und den neuen im Wallis. My name is Anja Ruch and I write the blog entries for the Markus &amp; Tabitha Kranzfelder couple. The name WalliSaar shows the connection to my old roots in Saarland and the new ones in Valais.\",\"sameAs\":[\"https:\\\/\\\/www.ferienchalet-wallis.ch\\\/blog\"],\"url\":\"https:\\\/\\\/ferienchalet-wallis.ch\\\/en\\\/author\\\/wallisaar\\\/\"}]}<\/script>\n<!-- \/ Yoast SEO plugin. -->","yoast_head_json":{"title":"Skitouren ab Aletsch Arena - Bettmeralp und Riederalp","description":"Zeit f\u00fcr Skitouren in der Aletsch Arena. Skitouren \u00fcber den Gletscher von der Riederalp, Bettmeralp und Fiescheralp.","robots":{"index":"index","follow":"follow","max-snippet":"max-snippet:-1","max-image-preview":"max-image-preview:large","max-video-preview":"max-video-preview:-1"},"canonical":"https:\/\/ferienchalet-wallis.ch\/en\/skitouren-ab-aletsch-arena\/","og_locale":"en_GB","og_type":"article","og_title":"Skitouren ab Aletsch Arena - Bettmeralp und Riederalp","og_description":"Zeit f\u00fcr Skitouren in der Aletsch Arena. Skitouren \u00fcber den Gletscher von der Riederalp, Bettmeralp und Fiescheralp.","og_url":"https:\/\/ferienchalet-wallis.ch\/en\/skitouren-ab-aletsch-arena\/","og_site_name":"Bettmeralp und Riederalp","article_published_time":"2026-04-07T15:14:21+00:00","article_modified_time":"2026-04-07T15:26:37+00:00","og_image":[{"width":1600,"height":917,"url":"https:\/\/ferienchalet-wallis.ch\/wp-content\/uploads\/2022\/12\/Winter_aletschgletscher-1600.jpg","type":"image\/jpeg"}],"author":"WalliSaar","twitter_card":"summary_large_image","twitter_misc":{"Written by":"WalliSaar","Estimated reading time":"3 minutes"},"schema":{"@context":"https:\/\/schema.org","@graph":[{"@type":"Article","@id":"https:\/\/ferienchalet-wallis.ch\/skitouren-ab-aletsch-arena\/#article","isPartOf":{"@id":"https:\/\/ferienchalet-wallis.ch\/skitouren-ab-aletsch-arena\/"},"author":{"name":"WalliSaar","@id":"https:\/\/ferienchalet-wallis.ch\/#\/schema\/person\/18b3f062b0514bc953799175b9bfdd2b"},"headline":"Skitouren ab Aletsch Arena","datePublished":"2026-04-07T15:14:21+00:00","dateModified":"2026-04-07T15:26:37+00:00","mainEntityOfPage":{"@id":"https:\/\/ferienchalet-wallis.ch\/skitouren-ab-aletsch-arena\/"},"wordCount":794,"publisher":{"@id":"https:\/\/ferienchalet-wallis.ch\/#organization"},"image":{"@id":"https:\/\/ferienchalet-wallis.ch\/skitouren-ab-aletsch-arena\/#primaryimage"},"thumbnailUrl":"https:\/\/ferienchalet-wallis.ch\/wp-content\/uploads\/2022\/12\/Winter_aletschgletscher-1600.jpg","articleSection":["Aletsch Arena","Skitouring"],"inLanguage":"en-GB"},{"@type":"WebPage","@id":"https:\/\/ferienchalet-wallis.ch\/skitouren-ab-aletsch-arena\/","url":"https:\/\/ferienchalet-wallis.ch\/skitouren-ab-aletsch-arena\/","name":"Skitouren ab Aletsch Arena - Bettmeralp und Riederalp","isPartOf":{"@id":"https:\/\/ferienchalet-wallis.ch\/#website"},"primaryImageOfPage":{"@id":"https:\/\/ferienchalet-wallis.ch\/skitouren-ab-aletsch-arena\/#primaryimage"},"image":{"@id":"https:\/\/ferienchalet-wallis.ch\/skitouren-ab-aletsch-arena\/#primaryimage"},"thumbnailUrl":"https:\/\/ferienchalet-wallis.ch\/wp-content\/uploads\/2022\/12\/Winter_aletschgletscher-1600.jpg","datePublished":"2026-04-07T15:14:21+00:00","dateModified":"2026-04-07T15:26:37+00:00","description":"Zeit f\u00fcr Skitouren in der Aletsch Arena. Skitouren \u00fcber den Gletscher von der Riederalp, Bettmeralp und Fiescheralp.","breadcrumb":{"@id":"https:\/\/ferienchalet-wallis.ch\/skitouren-ab-aletsch-arena\/#breadcrumb"},"inLanguage":"en-GB","potentialAction":[{"@type":"ReadAction","target":["https:\/\/ferienchalet-wallis.ch\/skitouren-ab-aletsch-arena\/"]}]},{"@type":"ImageObject","inLanguage":"en-GB","@id":"https:\/\/ferienchalet-wallis.ch\/skitouren-ab-aletsch-arena\/#primaryimage","url":"https:\/\/ferienchalet-wallis.ch\/wp-content\/uploads\/2022\/12\/Winter_aletschgletscher-1600.jpg","contentUrl":"https:\/\/ferienchalet-wallis.ch\/wp-content\/uploads\/2022\/12\/Winter_aletschgletscher-1600.jpg","width":1600,"height":917,"caption":"Aletschgletscher im Winter"},{"@type":"BreadcrumbList","@id":"https:\/\/ferienchalet-wallis.ch\/skitouren-ab-aletsch-arena\/#breadcrumb","itemListElement":[{"@type":"ListItem","position":1,"name":"Home","item":"https:\/\/ferienchalet-wallis.ch\/"},{"@type":"ListItem","position":2,"name":"Skitouren ab Aletsch Arena"}]},{"@type":"WebSite","@id":"https:\/\/ferienchalet-wallis.ch\/#website","url":"https:\/\/ferienchalet-wallis.ch\/","name":"Bettmeralp and Riederalp","description":"Kranzfelder Markus","publisher":{"@id":"https:\/\/ferienchalet-wallis.ch\/#organization"},"potentialAction":[{"@type":"SearchAction","target":{"@type":"EntryPoint","urlTemplate":"https:\/\/ferienchalet-wallis.ch\/?s={search_term_string}"},"query-input":{"@type":"PropertyValueSpecification","valueRequired":true,"valueName":"search_term_string"}}],"inLanguage":"en-GB"},{"@type":"Organization","@id":"https:\/\/ferienchalet-wallis.ch\/#organization","name":"Liegenschaftsbetreuung \/ Vermietung \u2013 M. Kranzfelder","url":"https:\/\/ferienchalet-wallis.ch\/","logo":{"@type":"ImageObject","inLanguage":"en-GB","@id":"https:\/\/ferienchalet-wallis.ch\/#\/schema\/logo\/image\/","url":"https:\/\/ferienchalet-wallis.ch\/wp-content\/uploads\/2022\/01\/Logo_Kranzfelder.png","contentUrl":"https:\/\/ferienchalet-wallis.ch\/wp-content\/uploads\/2022\/01\/Logo_Kranzfelder.png","width":1526,"height":447,"caption":"Liegenschaftsbetreuung \/ Vermietung \u2013 M. Kranzfelder"},"image":{"@id":"https:\/\/ferienchalet-wallis.ch\/#\/schema\/logo\/image\/"}},{"@type":"Person","@id":"https:\/\/ferienchalet-wallis.ch\/#\/schema\/person\/18b3f062b0514bc953799175b9bfdd2b","name":"WalliSaar","image":{"@type":"ImageObject","inLanguage":"en-GB","@id":"https:\/\/secure.gravatar.com\/avatar\/1be7f9468eac0e02f655be9ab758a01ae5dc72d678841cc4898d463993c78d36?s=96&d=initials&r=g&initials=ru","url":"https:\/\/secure.gravatar.com\/avatar\/1be7f9468eac0e02f655be9ab758a01ae5dc72d678841cc4898d463993c78d36?s=96&d=initials&r=g&initials=ru","contentUrl":"https:\/\/secure.gravatar.com\/avatar\/1be7f9468eac0e02f655be9ab758a01ae5dc72d678841cc4898d463993c78d36?s=96&d=initials&r=g&initials=ru","caption":"WalliSaar"},"description":"Mein Name ist Anja Ruch und ich schreibe die Blogbeitr\u00e4ge f\u00fcr das Ehepaar Markus &amp; Tabitha Kranzfelder. Der Name WalliSaar gr\u00fcndet sich auf meinen Wurzeln im Saarland und den neuen im Wallis. My name is Anja Ruch and I write the blog entries for the Markus &amp; Tabitha Kranzfelder couple. The name WalliSaar shows the connection to my old roots in Saarland and the new ones in Valais.","sameAs":["https:\/\/www.ferienchalet-wallis.ch\/blog"],"url":"https:\/\/ferienchalet-wallis.ch\/en\/author\/wallisaar\/"}]}},"_links":{"self":[{"href":"https:\/\/ferienchalet-wallis.ch\/en\/wp-json\/wp\/v2\/posts\/3017","targetHints":{"allow":["GET"]}}],"collection":[{"href":"https:\/\/ferienchalet-wallis.ch\/en\/wp-json\/wp\/v2\/posts"}],"about":[{"href":"https:\/\/ferienchalet-wallis.ch\/en\/wp-json\/wp\/v2\/types\/post"}],"author":[{"embeddable":true,"href":"https:\/\/ferienchalet-wallis.ch\/en\/wp-json\/wp\/v2\/users\/3"}],"replies":[{"embeddable":true,"href":"https:\/\/ferienchalet-wallis.ch\/en\/wp-json\/wp\/v2\/comments?post=3017"}],"version-history":[{"count":3,"href":"https:\/\/ferienchalet-wallis.ch\/en\/wp-json\/wp\/v2\/posts\/3017\/revisions"}],"predecessor-version":[{"id":3020,"href":"https:\/\/ferienchalet-wallis.ch\/en\/wp-json\/wp\/v2\/posts\/3017\/revisions\/3020"}],"wp:featuredmedia":[{"embeddable":true,"href":"https:\/\/ferienchalet-wallis.ch\/en\/wp-json\/wp\/v2\/media\/1254"}],"wp:attachment":[{"href":"https:\/\/ferienchalet-wallis.ch\/en\/wp-json\/wp\/v2\/media?parent=3017"}],"wp:term":[{"taxonomy":"category","embeddable":true,"href":"https:\/\/ferienchalet-wallis.ch\/en\/wp-json\/wp\/v2\/categories?post=3017"},{"taxonomy":"post_tag","embeddable":true,"href":"https:\/\/ferienchalet-wallis.ch\/en\/wp-json\/wp\/v2\/tags?post=3017"}],"curies":[{"name":"wp","href":"https:\/\/api.w.org\/{rel}","templated":true}]}}