{"id":903,"date":"2022-08-23T14:08:07","date_gmt":"2022-08-23T14:08:07","guid":{"rendered":"https:\/\/ferienchalet-wallis.ch\/?p=903"},"modified":"2023-07-04T13:18:55","modified_gmt":"2023-07-04T13:18:55","slug":"neue-internetpraesenz-kurz-vorgestellt-2","status":"publish","type":"post","link":"https:\/\/ferienchalet-wallis.ch\/en\/neue-internetpraesenz-kurz-vorgestellt-2\/","title":{"rendered":"New internet presence briefly presented"},"content":{"rendered":"<style type=\"text\/css\" data-created_by=\"avia_inline_auto\" id=\"style-css-av-ljobg9uh-660ff63ca8b1311d1b1b030596a0e41b\">\n#top .av-special-heading.av-ljobg9uh-660ff63ca8b1311d1b1b030596a0e41b{\npadding-bottom:10px;\n}\nbody .av-special-heading.av-ljobg9uh-660ff63ca8b1311d1b1b030596a0e41b .av-special-heading-tag .heading-char{\nfont-size:25px;\n}\n.av-special-heading.av-ljobg9uh-660ff63ca8b1311d1b1b030596a0e41b .av-subheading{\nfont-size:15px;\n}\n<\/style>\n<div  class='av-special-heading av-ljobg9uh-660ff63ca8b1311d1b1b030596a0e41b av-special-heading-h2  avia-builder-el-0  el_before_av_textblock  avia-builder-el-first'><h2 class='av-special-heading-tag'  itemprop=\"headline\"  >Ferienchalet Wallis im neuen Gewand<\/h2><div class=\"special-heading-border\"><div class=\"special-heading-inner-border\"><\/div><\/div><\/div>\n<section  class='av_textblock_section av-l6m585s9-529a9d7bd06149dbdefdff4e173a14f5'  itemscope=\"itemscope\" itemtype=\"https:\/\/schema.org\/BlogPosting\" itemprop=\"blogPost\" ><div class='avia_textblock'  itemprop=\"text\" ><p>Now the time has come. The Ferienchalet Wallis website has been given a new look. There is really nothing more to say about it. Except, of course, that we would like to inform you about the Aletsch region. So that you will continue to enjoy coming to us. To your second home!<\/p>\n<p>Please feel welcome and check our website from time to time for news.<\/p>\n<p><em>Fer en chleine H\u00e4ngert isch immer Zit.<\/em><\/p>\n<\/div><\/section>\n<div  class='avia-button-wrap avia-button-left  avia-builder-el-2  el_after_av_textblock  avia-builder-el-last' ><a href='https:\/\/ferienchalet-wallis.ch\/en\/fewo\/wohnung\/'  class='avia-button av-l6vvvqq9-b59aa9c180fde531c4db616c7cbe2ec4 avia-icon_select-no avia-size-x-large avia-position-left avia-color-theme-color'  target=\"_blank\"  rel=\"noopener noreferrer\"><span class='avia_iconbox_title' >Search and book a flat<\/span><\/a><\/div>","protected":false},"excerpt":{"rendered":"","protected":false},"author":3,"featured_media":398,"comment_status":"closed","ping_status":"closed","sticky":false,"template":"","format":"standard","meta":{"footnotes":""},"categories":[6],"tags":[],"class_list":["post-903","post","type-post","status-publish","format-standard","has-post-thumbnail","hentry","category-aletsch"],"yoast_head":"<!-- This site is optimized with the Yoast SEO plugin v27.4 - https:\/\/yoast.com\/product\/yoast-seo-wordpress\/ -->\n<title>Neue Internetpr\u00e4senz kurz vorgestellt - Bettmeralp und Riederalp<\/title>\n<meta name=\"description\" content=\"Ferienchalet-Wallis.ch hat eine neue Internetpr\u00e4senz erhalten. Das Ehepaar Kranzfelder heisst Sie herzlich willkommen und w\u00fcnscht Ihnen viel Spass.\" \/>\n<meta name=\"robots\" content=\"index, follow, max-snippet:-1, max-image-preview:large, max-video-preview:-1\" \/>\n<link rel=\"canonical\" href=\"https:\/\/ferienchalet-wallis.ch\/en\/neue-internetpraesenz-kurz-vorgestellt-2\/\" \/>\n<meta property=\"og:locale\" content=\"en_GB\" \/>\n<meta property=\"og:type\" content=\"article\" \/>\n<meta property=\"og:title\" content=\"Neue Internetpr\u00e4senz kurz vorgestellt - Bettmeralp und Riederalp\" \/>\n<meta property=\"og:description\" content=\"Ferienchalet-Wallis.ch hat eine neue Internetpr\u00e4senz erhalten. Das Ehepaar Kranzfelder heisst Sie herzlich willkommen und w\u00fcnscht Ihnen viel Spass.\" \/>\n<meta property=\"og:url\" content=\"https:\/\/ferienchalet-wallis.ch\/en\/neue-internetpraesenz-kurz-vorgestellt-2\/\" \/>\n<meta property=\"og:site_name\" content=\"Bettmeralp und Riederalp\" \/>\n<meta property=\"article:published_time\" content=\"2022-08-23T14:08:07+00:00\" \/>\n<meta property=\"article:modified_time\" content=\"2023-07-04T13:18:55+00:00\" \/>\n<meta name=\"author\" content=\"WalliSaar\" \/>\n<meta name=\"twitter:card\" content=\"summary_large_image\" \/>\n<meta name=\"twitter:image\" content=\"https:\/\/ferienchalet-wallis.ch\/wp-content\/uploads\/2022\/04\/Aletschgletscher-Alpenrose-scaled.jpg\" \/>\n<meta name=\"twitter:label1\" content=\"Written by\" \/>\n\t<meta name=\"twitter:data1\" content=\"WalliSaar\" \/>\n\t<meta name=\"twitter:label2\" content=\"Estimated reading time\" \/>\n\t<meta name=\"twitter:data2\" content=\"2 minutes\" \/>\n<script type=\"application\/ld+json\" class=\"yoast-schema-graph\">{\"@context\":\"https:\\\/\\\/schema.org\",\"@graph\":[{\"@type\":\"Article\",\"@id\":\"https:\\\/\\\/ferienchalet-wallis.ch\\\/de\\\/neue-internetpraesenz-kurz-vorgestellt-2\\\/#article\",\"isPartOf\":{\"@id\":\"https:\\\/\\\/ferienchalet-wallis.ch\\\/de\\\/neue-internetpraesenz-kurz-vorgestellt-2\\\/\"},\"author\":{\"name\":\"WalliSaar\",\"@id\":\"https:\\\/\\\/ferienchalet-wallis.ch\\\/#\\\/schema\\\/person\\\/18b3f062b0514bc953799175b9bfdd2b\"},\"headline\":\"Neue Internetpr\u00e4senz kurz vorgestellt\",\"datePublished\":\"2022-08-23T14:08:07+00:00\",\"dateModified\":\"2023-07-04T13:18:55+00:00\",\"mainEntityOfPage\":{\"@id\":\"https:\\\/\\\/ferienchalet-wallis.ch\\\/de\\\/neue-internetpraesenz-kurz-vorgestellt-2\\\/\"},\"wordCount\":341,\"publisher\":{\"@id\":\"https:\\\/\\\/ferienchalet-wallis.ch\\\/#organization\"},\"image\":{\"@id\":\"https:\\\/\\\/ferienchalet-wallis.ch\\\/de\\\/neue-internetpraesenz-kurz-vorgestellt-2\\\/#primaryimage\"},\"thumbnailUrl\":\"https:\\\/\\\/ferienchalet-wallis.ch\\\/wp-content\\\/uploads\\\/2022\\\/04\\\/Aletschgletscher-Alpenrose-scaled.jpg\",\"articleSection\":[\"Aletsch\"],\"inLanguage\":\"en-GB\"},{\"@type\":\"WebPage\",\"@id\":\"https:\\\/\\\/ferienchalet-wallis.ch\\\/de\\\/neue-internetpraesenz-kurz-vorgestellt-2\\\/\",\"url\":\"https:\\\/\\\/ferienchalet-wallis.ch\\\/de\\\/neue-internetpraesenz-kurz-vorgestellt-2\\\/\",\"name\":\"Neue Internetpr\u00e4senz kurz vorgestellt - Bettmeralp und Riederalp\",\"isPartOf\":{\"@id\":\"https:\\\/\\\/ferienchalet-wallis.ch\\\/#website\"},\"primaryImageOfPage\":{\"@id\":\"https:\\\/\\\/ferienchalet-wallis.ch\\\/de\\\/neue-internetpraesenz-kurz-vorgestellt-2\\\/#primaryimage\"},\"image\":{\"@id\":\"https:\\\/\\\/ferienchalet-wallis.ch\\\/de\\\/neue-internetpraesenz-kurz-vorgestellt-2\\\/#primaryimage\"},\"thumbnailUrl\":\"https:\\\/\\\/ferienchalet-wallis.ch\\\/wp-content\\\/uploads\\\/2022\\\/04\\\/Aletschgletscher-Alpenrose-scaled.jpg\",\"datePublished\":\"2022-08-23T14:08:07+00:00\",\"dateModified\":\"2023-07-04T13:18:55+00:00\",\"description\":\"Ferienchalet-Wallis.ch hat eine neue Internetpr\u00e4senz erhalten. Das Ehepaar Kranzfelder heisst Sie herzlich willkommen und w\u00fcnscht Ihnen viel Spass.\",\"breadcrumb\":{\"@id\":\"https:\\\/\\\/ferienchalet-wallis.ch\\\/de\\\/neue-internetpraesenz-kurz-vorgestellt-2\\\/#breadcrumb\"},\"inLanguage\":\"en-GB\",\"potentialAction\":[{\"@type\":\"ReadAction\",\"target\":[\"https:\\\/\\\/ferienchalet-wallis.ch\\\/de\\\/neue-internetpraesenz-kurz-vorgestellt-2\\\/\"]}]},{\"@type\":\"ImageObject\",\"inLanguage\":\"en-GB\",\"@id\":\"https:\\\/\\\/ferienchalet-wallis.ch\\\/de\\\/neue-internetpraesenz-kurz-vorgestellt-2\\\/#primaryimage\",\"url\":\"https:\\\/\\\/ferienchalet-wallis.ch\\\/wp-content\\\/uploads\\\/2022\\\/04\\\/Aletschgletscher-Alpenrose-scaled.jpg\",\"contentUrl\":\"https:\\\/\\\/ferienchalet-wallis.ch\\\/wp-content\\\/uploads\\\/2022\\\/04\\\/Aletschgletscher-Alpenrose-scaled.jpg\",\"width\":2560,\"height\":1868,\"caption\":\"Aletschgletscher\"},{\"@type\":\"BreadcrumbList\",\"@id\":\"https:\\\/\\\/ferienchalet-wallis.ch\\\/de\\\/neue-internetpraesenz-kurz-vorgestellt-2\\\/#breadcrumb\",\"itemListElement\":[{\"@type\":\"ListItem\",\"position\":1,\"name\":\"Home\",\"item\":\"https:\\\/\\\/ferienchalet-wallis.ch\\\/\"},{\"@type\":\"ListItem\",\"position\":2,\"name\":\"Neue Internetpr\u00e4senz kurz vorgestellt\"}]},{\"@type\":\"WebSite\",\"@id\":\"https:\\\/\\\/ferienchalet-wallis.ch\\\/#website\",\"url\":\"https:\\\/\\\/ferienchalet-wallis.ch\\\/\",\"name\":\"Bettmeralp und Riederalp\",\"description\":\"Kranzfelder Markus\",\"publisher\":{\"@id\":\"https:\\\/\\\/ferienchalet-wallis.ch\\\/#organization\"},\"potentialAction\":[{\"@type\":\"SearchAction\",\"target\":{\"@type\":\"EntryPoint\",\"urlTemplate\":\"https:\\\/\\\/ferienchalet-wallis.ch\\\/?s={search_term_string}\"},\"query-input\":{\"@type\":\"PropertyValueSpecification\",\"valueRequired\":true,\"valueName\":\"search_term_string\"}}],\"inLanguage\":\"en-GB\"},{\"@type\":\"Organization\",\"@id\":\"https:\\\/\\\/ferienchalet-wallis.ch\\\/#organization\",\"name\":\"Liegenschaftsbetreuung \\\/ Vermietung \u2013 M. Kranzfelder\",\"url\":\"https:\\\/\\\/ferienchalet-wallis.ch\\\/\",\"logo\":{\"@type\":\"ImageObject\",\"inLanguage\":\"en-GB\",\"@id\":\"https:\\\/\\\/ferienchalet-wallis.ch\\\/#\\\/schema\\\/logo\\\/image\\\/\",\"url\":\"https:\\\/\\\/ferienchalet-wallis.ch\\\/wp-content\\\/uploads\\\/2022\\\/01\\\/Logo_Kranzfelder.png\",\"contentUrl\":\"https:\\\/\\\/ferienchalet-wallis.ch\\\/wp-content\\\/uploads\\\/2022\\\/01\\\/Logo_Kranzfelder.png\",\"width\":1526,\"height\":447,\"caption\":\"Liegenschaftsbetreuung \\\/ Vermietung \u2013 M. Kranzfelder\"},\"image\":{\"@id\":\"https:\\\/\\\/ferienchalet-wallis.ch\\\/#\\\/schema\\\/logo\\\/image\\\/\"}},{\"@type\":\"Person\",\"@id\":\"https:\\\/\\\/ferienchalet-wallis.ch\\\/#\\\/schema\\\/person\\\/18b3f062b0514bc953799175b9bfdd2b\",\"name\":\"WalliSaar\",\"image\":{\"@type\":\"ImageObject\",\"inLanguage\":\"en-GB\",\"@id\":\"https:\\\/\\\/secure.gravatar.com\\\/avatar\\\/1be7f9468eac0e02f655be9ab758a01ae5dc72d678841cc4898d463993c78d36?s=96&d=initials&r=g&initials=ru\",\"url\":\"https:\\\/\\\/secure.gravatar.com\\\/avatar\\\/1be7f9468eac0e02f655be9ab758a01ae5dc72d678841cc4898d463993c78d36?s=96&d=initials&r=g&initials=ru\",\"contentUrl\":\"https:\\\/\\\/secure.gravatar.com\\\/avatar\\\/1be7f9468eac0e02f655be9ab758a01ae5dc72d678841cc4898d463993c78d36?s=96&d=initials&r=g&initials=ru\",\"caption\":\"WalliSaar\"},\"description\":\"Mein Name ist Anja Ruch und ich schreibe die Blogbeitr\u00e4ge f\u00fcr das Ehepaar Markus &amp; Tabitha Kranzfelder. Der Name WalliSaar gr\u00fcndet sich auf meinen Wurzeln im Saarland und den neuen im Wallis. My name is Anja Ruch and I write the blog entries for the Markus &amp; Tabitha Kranzfelder couple. The name WalliSaar shows the connection to my old roots in Saarland and the new ones in Valais.\",\"sameAs\":[\"https:\\\/\\\/www.ferienchalet-wallis.ch\\\/blog\"],\"url\":\"https:\\\/\\\/ferienchalet-wallis.ch\\\/en\\\/author\\\/wallisaar\\\/\"}]}<\/script>\n<!-- \/ Yoast SEO plugin. -->","yoast_head_json":{"title":"Neue Internetpr\u00e4senz kurz vorgestellt - Bettmeralp und Riederalp","description":"Ferienchalet-Wallis.ch hat eine neue Internetpr\u00e4senz erhalten. Das Ehepaar Kranzfelder heisst Sie herzlich willkommen und w\u00fcnscht Ihnen viel Spass.","robots":{"index":"index","follow":"follow","max-snippet":"max-snippet:-1","max-image-preview":"max-image-preview:large","max-video-preview":"max-video-preview:-1"},"canonical":"https:\/\/ferienchalet-wallis.ch\/en\/neue-internetpraesenz-kurz-vorgestellt-2\/","og_locale":"en_GB","og_type":"article","og_title":"Neue Internetpr\u00e4senz kurz vorgestellt - Bettmeralp und Riederalp","og_description":"Ferienchalet-Wallis.ch hat eine neue Internetpr\u00e4senz erhalten. Das Ehepaar Kranzfelder heisst Sie herzlich willkommen und w\u00fcnscht Ihnen viel Spass.","og_url":"https:\/\/ferienchalet-wallis.ch\/en\/neue-internetpraesenz-kurz-vorgestellt-2\/","og_site_name":"Bettmeralp und Riederalp","article_published_time":"2022-08-23T14:08:07+00:00","article_modified_time":"2023-07-04T13:18:55+00:00","author":"WalliSaar","twitter_card":"summary_large_image","twitter_image":"https:\/\/ferienchalet-wallis.ch\/wp-content\/uploads\/2022\/04\/Aletschgletscher-Alpenrose-scaled.jpg","twitter_misc":{"Written by":"WalliSaar","Estimated reading time":"2 minutes"},"schema":{"@context":"https:\/\/schema.org","@graph":[{"@type":"Article","@id":"https:\/\/ferienchalet-wallis.ch\/de\/neue-internetpraesenz-kurz-vorgestellt-2\/#article","isPartOf":{"@id":"https:\/\/ferienchalet-wallis.ch\/de\/neue-internetpraesenz-kurz-vorgestellt-2\/"},"author":{"name":"WalliSaar","@id":"https:\/\/ferienchalet-wallis.ch\/#\/schema\/person\/18b3f062b0514bc953799175b9bfdd2b"},"headline":"Neue Internetpr\u00e4senz kurz vorgestellt","datePublished":"2022-08-23T14:08:07+00:00","dateModified":"2023-07-04T13:18:55+00:00","mainEntityOfPage":{"@id":"https:\/\/ferienchalet-wallis.ch\/de\/neue-internetpraesenz-kurz-vorgestellt-2\/"},"wordCount":341,"publisher":{"@id":"https:\/\/ferienchalet-wallis.ch\/#organization"},"image":{"@id":"https:\/\/ferienchalet-wallis.ch\/de\/neue-internetpraesenz-kurz-vorgestellt-2\/#primaryimage"},"thumbnailUrl":"https:\/\/ferienchalet-wallis.ch\/wp-content\/uploads\/2022\/04\/Aletschgletscher-Alpenrose-scaled.jpg","articleSection":["Aletsch"],"inLanguage":"en-GB"},{"@type":"WebPage","@id":"https:\/\/ferienchalet-wallis.ch\/de\/neue-internetpraesenz-kurz-vorgestellt-2\/","url":"https:\/\/ferienchalet-wallis.ch\/de\/neue-internetpraesenz-kurz-vorgestellt-2\/","name":"Neue Internetpr\u00e4senz kurz vorgestellt - Bettmeralp und Riederalp","isPartOf":{"@id":"https:\/\/ferienchalet-wallis.ch\/#website"},"primaryImageOfPage":{"@id":"https:\/\/ferienchalet-wallis.ch\/de\/neue-internetpraesenz-kurz-vorgestellt-2\/#primaryimage"},"image":{"@id":"https:\/\/ferienchalet-wallis.ch\/de\/neue-internetpraesenz-kurz-vorgestellt-2\/#primaryimage"},"thumbnailUrl":"https:\/\/ferienchalet-wallis.ch\/wp-content\/uploads\/2022\/04\/Aletschgletscher-Alpenrose-scaled.jpg","datePublished":"2022-08-23T14:08:07+00:00","dateModified":"2023-07-04T13:18:55+00:00","description":"Ferienchalet-Wallis.ch hat eine neue Internetpr\u00e4senz erhalten. Das Ehepaar Kranzfelder heisst Sie herzlich willkommen und w\u00fcnscht Ihnen viel Spass.","breadcrumb":{"@id":"https:\/\/ferienchalet-wallis.ch\/de\/neue-internetpraesenz-kurz-vorgestellt-2\/#breadcrumb"},"inLanguage":"en-GB","potentialAction":[{"@type":"ReadAction","target":["https:\/\/ferienchalet-wallis.ch\/de\/neue-internetpraesenz-kurz-vorgestellt-2\/"]}]},{"@type":"ImageObject","inLanguage":"en-GB","@id":"https:\/\/ferienchalet-wallis.ch\/de\/neue-internetpraesenz-kurz-vorgestellt-2\/#primaryimage","url":"https:\/\/ferienchalet-wallis.ch\/wp-content\/uploads\/2022\/04\/Aletschgletscher-Alpenrose-scaled.jpg","contentUrl":"https:\/\/ferienchalet-wallis.ch\/wp-content\/uploads\/2022\/04\/Aletschgletscher-Alpenrose-scaled.jpg","width":2560,"height":1868,"caption":"Aletschgletscher"},{"@type":"BreadcrumbList","@id":"https:\/\/ferienchalet-wallis.ch\/de\/neue-internetpraesenz-kurz-vorgestellt-2\/#breadcrumb","itemListElement":[{"@type":"ListItem","position":1,"name":"Home","item":"https:\/\/ferienchalet-wallis.ch\/"},{"@type":"ListItem","position":2,"name":"Neue Internetpr\u00e4senz kurz vorgestellt"}]},{"@type":"WebSite","@id":"https:\/\/ferienchalet-wallis.ch\/#website","url":"https:\/\/ferienchalet-wallis.ch\/","name":"Bettmeralp and Riederalp","description":"Kranzfelder Markus","publisher":{"@id":"https:\/\/ferienchalet-wallis.ch\/#organization"},"potentialAction":[{"@type":"SearchAction","target":{"@type":"EntryPoint","urlTemplate":"https:\/\/ferienchalet-wallis.ch\/?s={search_term_string}"},"query-input":{"@type":"PropertyValueSpecification","valueRequired":true,"valueName":"search_term_string"}}],"inLanguage":"en-GB"},{"@type":"Organization","@id":"https:\/\/ferienchalet-wallis.ch\/#organization","name":"Liegenschaftsbetreuung \/ Vermietung \u2013 M. Kranzfelder","url":"https:\/\/ferienchalet-wallis.ch\/","logo":{"@type":"ImageObject","inLanguage":"en-GB","@id":"https:\/\/ferienchalet-wallis.ch\/#\/schema\/logo\/image\/","url":"https:\/\/ferienchalet-wallis.ch\/wp-content\/uploads\/2022\/01\/Logo_Kranzfelder.png","contentUrl":"https:\/\/ferienchalet-wallis.ch\/wp-content\/uploads\/2022\/01\/Logo_Kranzfelder.png","width":1526,"height":447,"caption":"Liegenschaftsbetreuung \/ Vermietung \u2013 M. Kranzfelder"},"image":{"@id":"https:\/\/ferienchalet-wallis.ch\/#\/schema\/logo\/image\/"}},{"@type":"Person","@id":"https:\/\/ferienchalet-wallis.ch\/#\/schema\/person\/18b3f062b0514bc953799175b9bfdd2b","name":"WalliSaar","image":{"@type":"ImageObject","inLanguage":"en-GB","@id":"https:\/\/secure.gravatar.com\/avatar\/1be7f9468eac0e02f655be9ab758a01ae5dc72d678841cc4898d463993c78d36?s=96&d=initials&r=g&initials=ru","url":"https:\/\/secure.gravatar.com\/avatar\/1be7f9468eac0e02f655be9ab758a01ae5dc72d678841cc4898d463993c78d36?s=96&d=initials&r=g&initials=ru","contentUrl":"https:\/\/secure.gravatar.com\/avatar\/1be7f9468eac0e02f655be9ab758a01ae5dc72d678841cc4898d463993c78d36?s=96&d=initials&r=g&initials=ru","caption":"WalliSaar"},"description":"Mein Name ist Anja Ruch und ich schreibe die Blogbeitr\u00e4ge f\u00fcr das Ehepaar Markus &amp; Tabitha Kranzfelder. Der Name WalliSaar gr\u00fcndet sich auf meinen Wurzeln im Saarland und den neuen im Wallis. My name is Anja Ruch and I write the blog entries for the Markus &amp; Tabitha Kranzfelder couple. The name WalliSaar shows the connection to my old roots in Saarland and the new ones in Valais.","sameAs":["https:\/\/www.ferienchalet-wallis.ch\/blog"],"url":"https:\/\/ferienchalet-wallis.ch\/en\/author\/wallisaar\/"}]}},"_links":{"self":[{"href":"https:\/\/ferienchalet-wallis.ch\/en\/wp-json\/wp\/v2\/posts\/903","targetHints":{"allow":["GET"]}}],"collection":[{"href":"https:\/\/ferienchalet-wallis.ch\/en\/wp-json\/wp\/v2\/posts"}],"about":[{"href":"https:\/\/ferienchalet-wallis.ch\/en\/wp-json\/wp\/v2\/types\/post"}],"author":[{"embeddable":true,"href":"https:\/\/ferienchalet-wallis.ch\/en\/wp-json\/wp\/v2\/users\/3"}],"replies":[{"embeddable":true,"href":"https:\/\/ferienchalet-wallis.ch\/en\/wp-json\/wp\/v2\/comments?post=903"}],"version-history":[{"count":3,"href":"https:\/\/ferienchalet-wallis.ch\/en\/wp-json\/wp\/v2\/posts\/903\/revisions"}],"predecessor-version":[{"id":1496,"href":"https:\/\/ferienchalet-wallis.ch\/en\/wp-json\/wp\/v2\/posts\/903\/revisions\/1496"}],"wp:featuredmedia":[{"embeddable":true,"href":"https:\/\/ferienchalet-wallis.ch\/en\/wp-json\/wp\/v2\/media\/398"}],"wp:attachment":[{"href":"https:\/\/ferienchalet-wallis.ch\/en\/wp-json\/wp\/v2\/media?parent=903"}],"wp:term":[{"taxonomy":"category","embeddable":true,"href":"https:\/\/ferienchalet-wallis.ch\/en\/wp-json\/wp\/v2\/categories?post=903"},{"taxonomy":"post_tag","embeddable":true,"href":"https:\/\/ferienchalet-wallis.ch\/en\/wp-json\/wp\/v2\/tags?post=903"}],"curies":[{"name":"wp","href":"https:\/\/api.w.org\/{rel}","templated":true}]}}