{"id":906,"date":"2022-08-23T14:35:54","date_gmt":"2022-08-23T14:35:54","guid":{"rendered":"https:\/\/ferienchalet-wallis.ch\/?p=906"},"modified":"2023-07-04T13:18:05","modified_gmt":"2023-07-04T13:18:05","slug":"sonntagswanderung-auf-der-riederalp","status":"publish","type":"post","link":"https:\/\/ferienchalet-wallis.ch\/en\/sonntagswanderung-auf-der-riederalp\/","title":{"rendered":"Sunday hike on Riederalp"},"content":{"rendered":"<style type=\"text\/css\" data-created_by=\"avia_inline_auto\" id=\"style-css-av-ljobf700-ae1b467e6412f1e3270f3d5ff20fe2de\">\n#top .av-special-heading.av-ljobf700-ae1b467e6412f1e3270f3d5ff20fe2de{\npadding-bottom:10px;\n}\nbody .av-special-heading.av-ljobf700-ae1b467e6412f1e3270f3d5ff20fe2de .av-special-heading-tag .heading-char{\nfont-size:25px;\n}\n.av-special-heading.av-ljobf700-ae1b467e6412f1e3270f3d5ff20fe2de .av-subheading{\nfont-size:15px;\n}\n<\/style>\n<div  class='av-special-heading av-ljobf700-ae1b467e6412f1e3270f3d5ff20fe2de av-special-heading-h2  avia-builder-el-0  el_before_av_textblock  avia-builder-el-first'><h2 class='av-special-heading-tag'  itemprop=\"headline\"  >From the Riederfurka to the Herrenweg<\/h2><div class=\"special-heading-border\"><div class=\"special-heading-inner-border\"><\/div><\/div><\/div>\n<section  class='av_textblock_section av-l76aarnm-7cf60ae9a01cbbdbb927005c800de41d'  itemscope=\"itemscope\" itemtype=\"https:\/\/schema.org\/BlogPosting\" itemprop=\"blogPost\" ><div class='avia_textblock'  itemprop=\"text\" ><p>If you would like to hike to a rustic corner of Riederalp, then walk from Riederfurka along the Herrenweg. That's what the locals call it. The half-marathon route also runs along a section of this path. Runners promptly jog past. That doesn't mean you have to be ambitious. The path is signposted, easy to walk and not long either. More like a Sunday stroll. Enjoying nature is more important in this case. Especially if there is also something to learn. For example, Mister Churchill - yes, you read correctly - spent his holidays at Villa Cassel several times. In the process, he was disturbed by the cowbells!!! A mystery to me. There is really nothing better for relaxing than this ringing of cowbells. What is also interesting is that several trees are over hundreds of years old and have godparents.<\/p>\n<h3>Coffee break at Villa Cassel<\/h3>\n<p>And of course the fantastic view of the Belalp opposite, the reservoir and the Aletsch glacier. The <a href=\"https:\/\/www.pronatura-aletsch.ch\/de\/wanderungen-im-naturschutzgebiet\" target=\"_blank\" rel=\"noopener\">hike through the Aletsch Forest<\/a> takes about an hour and a half and you will definitely pass Villa Cassel. And you know what the good thing about it is? There's homemade cake there.<\/p>\n<p><em>En sch\u00f6ne Tag mit Chie glitt.<\/em><\/p>\n<\/div><\/section>\n<div  class='avia-button-wrap avia-button-center  avia-builder-el-2  el_after_av_textblock  avia-builder-el-last' ><a href='https:\/\/ferienchalet-wallis.ch\/en\/fewo\/wohnung\/'  class='avia-button av-9dczm-0b3a404b01e2da68c4d94b1df6f2004a avia-icon_select-no avia-size-x-large avia-position-center avia-color-theme-color'  target=\"_blank\"  rel=\"noopener noreferrer\"><span class='avia_iconbox_title' >Search and book a flat<\/span><\/a><\/div>","protected":false},"excerpt":{"rendered":"","protected":false},"author":3,"featured_media":923,"comment_status":"closed","ping_status":"closed","sticky":false,"template":"","format":"standard","meta":{"footnotes":""},"categories":[7,12],"tags":[],"class_list":["post-906","post","type-post","status-publish","format-standard","has-post-thumbnail","hentry","category-riederalp","category-wandern"],"yoast_head":"<!-- This site is optimized with the Yoast SEO plugin v27.4 - https:\/\/yoast.com\/product\/yoast-seo-wordpress\/ -->\n<title>Sonntagswanderung auf der Riederalp - Bettmeralp und Riederalp<\/title>\n<meta name=\"description\" content=\"Die Wanderung (Beginn und Ende ist die Riederfurka) durch den Aletschwald dauert ca. anderthalb Stunden und man kommt auf jeden Fall an der Villa Cassel vorbei.\" \/>\n<meta name=\"robots\" content=\"index, follow, max-snippet:-1, max-image-preview:large, max-video-preview:-1\" \/>\n<link rel=\"canonical\" href=\"https:\/\/ferienchalet-wallis.ch\/en\/sonntagswanderung-auf-der-riederalp\/\" \/>\n<meta property=\"og:locale\" content=\"en_GB\" \/>\n<meta property=\"og:type\" content=\"article\" \/>\n<meta property=\"og:title\" content=\"Sonntagswanderung auf der Riederalp - Bettmeralp und Riederalp\" \/>\n<meta property=\"og:description\" content=\"Die Wanderung (Beginn und Ende ist die Riederfurka) durch den Aletschwald dauert ca. anderthalb Stunden und man kommt auf jeden Fall an der Villa Cassel vorbei.\" \/>\n<meta property=\"og:url\" content=\"https:\/\/ferienchalet-wallis.ch\/en\/sonntagswanderung-auf-der-riederalp\/\" \/>\n<meta property=\"og:site_name\" content=\"Bettmeralp und Riederalp\" \/>\n<meta property=\"article:published_time\" content=\"2022-08-23T14:35:54+00:00\" \/>\n<meta property=\"article:modified_time\" content=\"2023-07-04T13:18:05+00:00\" \/>\n<meta property=\"og:image\" content=\"https:\/\/ferienchalet-wallis.ch\/wp-content\/uploads\/2022\/08\/Wegweiser_Riederfurka.jpeg\" \/>\n\t<meta property=\"og:image:width\" content=\"1024\" \/>\n\t<meta property=\"og:image:height\" content=\"768\" \/>\n\t<meta property=\"og:image:type\" content=\"image\/jpeg\" \/>\n<meta name=\"author\" content=\"WalliSaar\" \/>\n<meta name=\"twitter:card\" content=\"summary_large_image\" \/>\n<meta name=\"twitter:label1\" content=\"Written by\" \/>\n\t<meta name=\"twitter:data1\" content=\"WalliSaar\" \/>\n\t<meta name=\"twitter:label2\" content=\"Estimated reading time\" \/>\n\t<meta name=\"twitter:data2\" content=\"2 minutes\" \/>\n<script type=\"application\/ld+json\" class=\"yoast-schema-graph\">{\"@context\":\"https:\\\/\\\/schema.org\",\"@graph\":[{\"@type\":\"Article\",\"@id\":\"https:\\\/\\\/ferienchalet-wallis.ch\\\/de\\\/sonntagswanderung-auf-der-riederalp\\\/#article\",\"isPartOf\":{\"@id\":\"https:\\\/\\\/ferienchalet-wallis.ch\\\/de\\\/sonntagswanderung-auf-der-riederalp\\\/\"},\"author\":{\"name\":\"WalliSaar\",\"@id\":\"https:\\\/\\\/ferienchalet-wallis.ch\\\/#\\\/schema\\\/person\\\/18b3f062b0514bc953799175b9bfdd2b\"},\"headline\":\"Sonntagswanderung auf der Riederalp\",\"datePublished\":\"2022-08-23T14:35:54+00:00\",\"dateModified\":\"2023-07-04T13:18:05+00:00\",\"mainEntityOfPage\":{\"@id\":\"https:\\\/\\\/ferienchalet-wallis.ch\\\/de\\\/sonntagswanderung-auf-der-riederalp\\\/\"},\"wordCount\":466,\"publisher\":{\"@id\":\"https:\\\/\\\/ferienchalet-wallis.ch\\\/#organization\"},\"image\":{\"@id\":\"https:\\\/\\\/ferienchalet-wallis.ch\\\/de\\\/sonntagswanderung-auf-der-riederalp\\\/#primaryimage\"},\"thumbnailUrl\":\"https:\\\/\\\/ferienchalet-wallis.ch\\\/wp-content\\\/uploads\\\/2022\\\/08\\\/Wegweiser_Riederfurka.jpeg\",\"articleSection\":[\"Riederalp\",\"Wandern\"],\"inLanguage\":\"en-GB\"},{\"@type\":\"WebPage\",\"@id\":\"https:\\\/\\\/ferienchalet-wallis.ch\\\/de\\\/sonntagswanderung-auf-der-riederalp\\\/\",\"url\":\"https:\\\/\\\/ferienchalet-wallis.ch\\\/de\\\/sonntagswanderung-auf-der-riederalp\\\/\",\"name\":\"Sonntagswanderung auf der Riederalp - Bettmeralp und Riederalp\",\"isPartOf\":{\"@id\":\"https:\\\/\\\/ferienchalet-wallis.ch\\\/#website\"},\"primaryImageOfPage\":{\"@id\":\"https:\\\/\\\/ferienchalet-wallis.ch\\\/de\\\/sonntagswanderung-auf-der-riederalp\\\/#primaryimage\"},\"image\":{\"@id\":\"https:\\\/\\\/ferienchalet-wallis.ch\\\/de\\\/sonntagswanderung-auf-der-riederalp\\\/#primaryimage\"},\"thumbnailUrl\":\"https:\\\/\\\/ferienchalet-wallis.ch\\\/wp-content\\\/uploads\\\/2022\\\/08\\\/Wegweiser_Riederfurka.jpeg\",\"datePublished\":\"2022-08-23T14:35:54+00:00\",\"dateModified\":\"2023-07-04T13:18:05+00:00\",\"description\":\"Die Wanderung (Beginn und Ende ist die Riederfurka) durch den Aletschwald dauert ca. anderthalb Stunden und man kommt auf jeden Fall an der Villa Cassel vorbei.\",\"breadcrumb\":{\"@id\":\"https:\\\/\\\/ferienchalet-wallis.ch\\\/de\\\/sonntagswanderung-auf-der-riederalp\\\/#breadcrumb\"},\"inLanguage\":\"en-GB\",\"potentialAction\":[{\"@type\":\"ReadAction\",\"target\":[\"https:\\\/\\\/ferienchalet-wallis.ch\\\/de\\\/sonntagswanderung-auf-der-riederalp\\\/\"]}]},{\"@type\":\"ImageObject\",\"inLanguage\":\"en-GB\",\"@id\":\"https:\\\/\\\/ferienchalet-wallis.ch\\\/de\\\/sonntagswanderung-auf-der-riederalp\\\/#primaryimage\",\"url\":\"https:\\\/\\\/ferienchalet-wallis.ch\\\/wp-content\\\/uploads\\\/2022\\\/08\\\/Wegweiser_Riederfurka.jpeg\",\"contentUrl\":\"https:\\\/\\\/ferienchalet-wallis.ch\\\/wp-content\\\/uploads\\\/2022\\\/08\\\/Wegweiser_Riederfurka.jpeg\",\"width\":1024,\"height\":768,\"caption\":\"Wegweiser_Riederfurka\"},{\"@type\":\"BreadcrumbList\",\"@id\":\"https:\\\/\\\/ferienchalet-wallis.ch\\\/de\\\/sonntagswanderung-auf-der-riederalp\\\/#breadcrumb\",\"itemListElement\":[{\"@type\":\"ListItem\",\"position\":1,\"name\":\"Home\",\"item\":\"https:\\\/\\\/ferienchalet-wallis.ch\\\/\"},{\"@type\":\"ListItem\",\"position\":2,\"name\":\"Sonntagswanderung auf der Riederalp\"}]},{\"@type\":\"WebSite\",\"@id\":\"https:\\\/\\\/ferienchalet-wallis.ch\\\/#website\",\"url\":\"https:\\\/\\\/ferienchalet-wallis.ch\\\/\",\"name\":\"Bettmeralp und Riederalp\",\"description\":\"Kranzfelder Markus\",\"publisher\":{\"@id\":\"https:\\\/\\\/ferienchalet-wallis.ch\\\/#organization\"},\"potentialAction\":[{\"@type\":\"SearchAction\",\"target\":{\"@type\":\"EntryPoint\",\"urlTemplate\":\"https:\\\/\\\/ferienchalet-wallis.ch\\\/?s={search_term_string}\"},\"query-input\":{\"@type\":\"PropertyValueSpecification\",\"valueRequired\":true,\"valueName\":\"search_term_string\"}}],\"inLanguage\":\"en-GB\"},{\"@type\":\"Organization\",\"@id\":\"https:\\\/\\\/ferienchalet-wallis.ch\\\/#organization\",\"name\":\"Liegenschaftsbetreuung \\\/ Vermietung \u2013 M. Kranzfelder\",\"url\":\"https:\\\/\\\/ferienchalet-wallis.ch\\\/\",\"logo\":{\"@type\":\"ImageObject\",\"inLanguage\":\"en-GB\",\"@id\":\"https:\\\/\\\/ferienchalet-wallis.ch\\\/#\\\/schema\\\/logo\\\/image\\\/\",\"url\":\"https:\\\/\\\/ferienchalet-wallis.ch\\\/wp-content\\\/uploads\\\/2022\\\/01\\\/Logo_Kranzfelder.png\",\"contentUrl\":\"https:\\\/\\\/ferienchalet-wallis.ch\\\/wp-content\\\/uploads\\\/2022\\\/01\\\/Logo_Kranzfelder.png\",\"width\":1526,\"height\":447,\"caption\":\"Liegenschaftsbetreuung \\\/ Vermietung \u2013 M. Kranzfelder\"},\"image\":{\"@id\":\"https:\\\/\\\/ferienchalet-wallis.ch\\\/#\\\/schema\\\/logo\\\/image\\\/\"}},{\"@type\":\"Person\",\"@id\":\"https:\\\/\\\/ferienchalet-wallis.ch\\\/#\\\/schema\\\/person\\\/18b3f062b0514bc953799175b9bfdd2b\",\"name\":\"WalliSaar\",\"image\":{\"@type\":\"ImageObject\",\"inLanguage\":\"en-GB\",\"@id\":\"https:\\\/\\\/secure.gravatar.com\\\/avatar\\\/1be7f9468eac0e02f655be9ab758a01ae5dc72d678841cc4898d463993c78d36?s=96&d=initials&r=g&initials=ru\",\"url\":\"https:\\\/\\\/secure.gravatar.com\\\/avatar\\\/1be7f9468eac0e02f655be9ab758a01ae5dc72d678841cc4898d463993c78d36?s=96&d=initials&r=g&initials=ru\",\"contentUrl\":\"https:\\\/\\\/secure.gravatar.com\\\/avatar\\\/1be7f9468eac0e02f655be9ab758a01ae5dc72d678841cc4898d463993c78d36?s=96&d=initials&r=g&initials=ru\",\"caption\":\"WalliSaar\"},\"description\":\"Mein Name ist Anja Ruch und ich schreibe die Blogbeitr\u00e4ge f\u00fcr das Ehepaar Markus &amp; Tabitha Kranzfelder. Der Name WalliSaar gr\u00fcndet sich auf meinen Wurzeln im Saarland und den neuen im Wallis. My name is Anja Ruch and I write the blog entries for the Markus &amp; Tabitha Kranzfelder couple. The name WalliSaar shows the connection to my old roots in Saarland and the new ones in Valais.\",\"sameAs\":[\"https:\\\/\\\/www.ferienchalet-wallis.ch\\\/blog\"],\"url\":\"https:\\\/\\\/ferienchalet-wallis.ch\\\/en\\\/author\\\/wallisaar\\\/\"}]}<\/script>\n<!-- \/ Yoast SEO plugin. -->","yoast_head_json":{"title":"Sonntagswanderung auf der Riederalp - Bettmeralp und Riederalp","description":"Die Wanderung (Beginn und Ende ist die Riederfurka) durch den Aletschwald dauert ca. anderthalb Stunden und man kommt auf jeden Fall an der Villa Cassel vorbei.","robots":{"index":"index","follow":"follow","max-snippet":"max-snippet:-1","max-image-preview":"max-image-preview:large","max-video-preview":"max-video-preview:-1"},"canonical":"https:\/\/ferienchalet-wallis.ch\/en\/sonntagswanderung-auf-der-riederalp\/","og_locale":"en_GB","og_type":"article","og_title":"Sonntagswanderung auf der Riederalp - Bettmeralp und Riederalp","og_description":"Die Wanderung (Beginn und Ende ist die Riederfurka) durch den Aletschwald dauert ca. anderthalb Stunden und man kommt auf jeden Fall an der Villa Cassel vorbei.","og_url":"https:\/\/ferienchalet-wallis.ch\/en\/sonntagswanderung-auf-der-riederalp\/","og_site_name":"Bettmeralp und Riederalp","article_published_time":"2022-08-23T14:35:54+00:00","article_modified_time":"2023-07-04T13:18:05+00:00","og_image":[{"width":1024,"height":768,"url":"https:\/\/ferienchalet-wallis.ch\/wp-content\/uploads\/2022\/08\/Wegweiser_Riederfurka.jpeg","type":"image\/jpeg"}],"author":"WalliSaar","twitter_card":"summary_large_image","twitter_misc":{"Written by":"WalliSaar","Estimated reading time":"2 minutes"},"schema":{"@context":"https:\/\/schema.org","@graph":[{"@type":"Article","@id":"https:\/\/ferienchalet-wallis.ch\/de\/sonntagswanderung-auf-der-riederalp\/#article","isPartOf":{"@id":"https:\/\/ferienchalet-wallis.ch\/de\/sonntagswanderung-auf-der-riederalp\/"},"author":{"name":"WalliSaar","@id":"https:\/\/ferienchalet-wallis.ch\/#\/schema\/person\/18b3f062b0514bc953799175b9bfdd2b"},"headline":"Sonntagswanderung auf der Riederalp","datePublished":"2022-08-23T14:35:54+00:00","dateModified":"2023-07-04T13:18:05+00:00","mainEntityOfPage":{"@id":"https:\/\/ferienchalet-wallis.ch\/de\/sonntagswanderung-auf-der-riederalp\/"},"wordCount":466,"publisher":{"@id":"https:\/\/ferienchalet-wallis.ch\/#organization"},"image":{"@id":"https:\/\/ferienchalet-wallis.ch\/de\/sonntagswanderung-auf-der-riederalp\/#primaryimage"},"thumbnailUrl":"https:\/\/ferienchalet-wallis.ch\/wp-content\/uploads\/2022\/08\/Wegweiser_Riederfurka.jpeg","articleSection":["Riederalp","Wandern"],"inLanguage":"en-GB"},{"@type":"WebPage","@id":"https:\/\/ferienchalet-wallis.ch\/de\/sonntagswanderung-auf-der-riederalp\/","url":"https:\/\/ferienchalet-wallis.ch\/de\/sonntagswanderung-auf-der-riederalp\/","name":"Sonntagswanderung auf der Riederalp - Bettmeralp und Riederalp","isPartOf":{"@id":"https:\/\/ferienchalet-wallis.ch\/#website"},"primaryImageOfPage":{"@id":"https:\/\/ferienchalet-wallis.ch\/de\/sonntagswanderung-auf-der-riederalp\/#primaryimage"},"image":{"@id":"https:\/\/ferienchalet-wallis.ch\/de\/sonntagswanderung-auf-der-riederalp\/#primaryimage"},"thumbnailUrl":"https:\/\/ferienchalet-wallis.ch\/wp-content\/uploads\/2022\/08\/Wegweiser_Riederfurka.jpeg","datePublished":"2022-08-23T14:35:54+00:00","dateModified":"2023-07-04T13:18:05+00:00","description":"Die Wanderung (Beginn und Ende ist die Riederfurka) durch den Aletschwald dauert ca. anderthalb Stunden und man kommt auf jeden Fall an der Villa Cassel vorbei.","breadcrumb":{"@id":"https:\/\/ferienchalet-wallis.ch\/de\/sonntagswanderung-auf-der-riederalp\/#breadcrumb"},"inLanguage":"en-GB","potentialAction":[{"@type":"ReadAction","target":["https:\/\/ferienchalet-wallis.ch\/de\/sonntagswanderung-auf-der-riederalp\/"]}]},{"@type":"ImageObject","inLanguage":"en-GB","@id":"https:\/\/ferienchalet-wallis.ch\/de\/sonntagswanderung-auf-der-riederalp\/#primaryimage","url":"https:\/\/ferienchalet-wallis.ch\/wp-content\/uploads\/2022\/08\/Wegweiser_Riederfurka.jpeg","contentUrl":"https:\/\/ferienchalet-wallis.ch\/wp-content\/uploads\/2022\/08\/Wegweiser_Riederfurka.jpeg","width":1024,"height":768,"caption":"Wegweiser_Riederfurka"},{"@type":"BreadcrumbList","@id":"https:\/\/ferienchalet-wallis.ch\/de\/sonntagswanderung-auf-der-riederalp\/#breadcrumb","itemListElement":[{"@type":"ListItem","position":1,"name":"Home","item":"https:\/\/ferienchalet-wallis.ch\/"},{"@type":"ListItem","position":2,"name":"Sonntagswanderung auf der Riederalp"}]},{"@type":"WebSite","@id":"https:\/\/ferienchalet-wallis.ch\/#website","url":"https:\/\/ferienchalet-wallis.ch\/","name":"Bettmeralp and Riederalp","description":"Kranzfelder Markus","publisher":{"@id":"https:\/\/ferienchalet-wallis.ch\/#organization"},"potentialAction":[{"@type":"SearchAction","target":{"@type":"EntryPoint","urlTemplate":"https:\/\/ferienchalet-wallis.ch\/?s={search_term_string}"},"query-input":{"@type":"PropertyValueSpecification","valueRequired":true,"valueName":"search_term_string"}}],"inLanguage":"en-GB"},{"@type":"Organization","@id":"https:\/\/ferienchalet-wallis.ch\/#organization","name":"Liegenschaftsbetreuung \/ Vermietung \u2013 M. Kranzfelder","url":"https:\/\/ferienchalet-wallis.ch\/","logo":{"@type":"ImageObject","inLanguage":"en-GB","@id":"https:\/\/ferienchalet-wallis.ch\/#\/schema\/logo\/image\/","url":"https:\/\/ferienchalet-wallis.ch\/wp-content\/uploads\/2022\/01\/Logo_Kranzfelder.png","contentUrl":"https:\/\/ferienchalet-wallis.ch\/wp-content\/uploads\/2022\/01\/Logo_Kranzfelder.png","width":1526,"height":447,"caption":"Liegenschaftsbetreuung \/ Vermietung \u2013 M. Kranzfelder"},"image":{"@id":"https:\/\/ferienchalet-wallis.ch\/#\/schema\/logo\/image\/"}},{"@type":"Person","@id":"https:\/\/ferienchalet-wallis.ch\/#\/schema\/person\/18b3f062b0514bc953799175b9bfdd2b","name":"WalliSaar","image":{"@type":"ImageObject","inLanguage":"en-GB","@id":"https:\/\/secure.gravatar.com\/avatar\/1be7f9468eac0e02f655be9ab758a01ae5dc72d678841cc4898d463993c78d36?s=96&d=initials&r=g&initials=ru","url":"https:\/\/secure.gravatar.com\/avatar\/1be7f9468eac0e02f655be9ab758a01ae5dc72d678841cc4898d463993c78d36?s=96&d=initials&r=g&initials=ru","contentUrl":"https:\/\/secure.gravatar.com\/avatar\/1be7f9468eac0e02f655be9ab758a01ae5dc72d678841cc4898d463993c78d36?s=96&d=initials&r=g&initials=ru","caption":"WalliSaar"},"description":"Mein Name ist Anja Ruch und ich schreibe die Blogbeitr\u00e4ge f\u00fcr das Ehepaar Markus &amp; Tabitha Kranzfelder. Der Name WalliSaar gr\u00fcndet sich auf meinen Wurzeln im Saarland und den neuen im Wallis. My name is Anja Ruch and I write the blog entries for the Markus &amp; Tabitha Kranzfelder couple. The name WalliSaar shows the connection to my old roots in Saarland and the new ones in Valais.","sameAs":["https:\/\/www.ferienchalet-wallis.ch\/blog"],"url":"https:\/\/ferienchalet-wallis.ch\/en\/author\/wallisaar\/"}]}},"_links":{"self":[{"href":"https:\/\/ferienchalet-wallis.ch\/en\/wp-json\/wp\/v2\/posts\/906","targetHints":{"allow":["GET"]}}],"collection":[{"href":"https:\/\/ferienchalet-wallis.ch\/en\/wp-json\/wp\/v2\/posts"}],"about":[{"href":"https:\/\/ferienchalet-wallis.ch\/en\/wp-json\/wp\/v2\/types\/post"}],"author":[{"embeddable":true,"href":"https:\/\/ferienchalet-wallis.ch\/en\/wp-json\/wp\/v2\/users\/3"}],"replies":[{"embeddable":true,"href":"https:\/\/ferienchalet-wallis.ch\/en\/wp-json\/wp\/v2\/comments?post=906"}],"version-history":[{"count":6,"href":"https:\/\/ferienchalet-wallis.ch\/en\/wp-json\/wp\/v2\/posts\/906\/revisions"}],"predecessor-version":[{"id":1495,"href":"https:\/\/ferienchalet-wallis.ch\/en\/wp-json\/wp\/v2\/posts\/906\/revisions\/1495"}],"wp:featuredmedia":[{"embeddable":true,"href":"https:\/\/ferienchalet-wallis.ch\/en\/wp-json\/wp\/v2\/media\/923"}],"wp:attachment":[{"href":"https:\/\/ferienchalet-wallis.ch\/en\/wp-json\/wp\/v2\/media?parent=906"}],"wp:term":[{"taxonomy":"category","embeddable":true,"href":"https:\/\/ferienchalet-wallis.ch\/en\/wp-json\/wp\/v2\/categories?post=906"},{"taxonomy":"post_tag","embeddable":true,"href":"https:\/\/ferienchalet-wallis.ch\/en\/wp-json\/wp\/v2\/tags?post=906"}],"curies":[{"name":"wp","href":"https:\/\/api.w.org\/{rel}","templated":true}]}}